{"id":476,"date":"2011-05-28T03:32:56","date_gmt":"2011-05-28T03:32:56","guid":{"rendered":"http:\/\/miltonmarchioli.com.br\/blog\/?p=476"},"modified":"2022-01-07T11:03:49","modified_gmt":"2022-01-07T14:03:49","slug":"fisiopatologia-da-enxaqueca-seminario-curso-de-medicina-da-famema","status":"publish","type":"post","link":"https:\/\/miltonmarchioli.com.br\/blog\/fisiopatologia-da-enxaqueca-seminario-curso-de-medicina-da-famema\/","title":{"rendered":"Fisiopatologia da Enxaqueca. Semin\u00e1rio. Curso de Medicina da Famema"},"content":{"rendered":"<p><a href=\"https:\/\/miltonmarchioli.com.br\/blog\/wp-content\/uploads\/enxaqueca-mulher-verde.jpg\"><img loading=\"lazy\" decoding=\"async\" class=\"alignleft wp-image-10151\" src=\"https:\/\/miltonmarchioli.com.br\/blog\/wp-content\/uploads\/enxaqueca-mulher-verde.jpg\" alt=\"enxaqueca - mulher verde\" width=\"250\" height=\"187\" \/><\/a>Rodrigo C\u00e2ndido Rezende e Thamires Baldo Cordeiro, alunos do 4\u00ba ano do curso de\u00a0medicina da Famema &#8211; Ambulat\u00f3rio de Cefaleia &#8211; Ambulat\u00f3rio M\u00e1rio Covas- disciplinas Neurologia e Educa\u00e7\u00e3o em Ci\u00eancias da Sa\u00fade \u00a0 apresentaram a <a href=\"https:\/\/miltonmarchioli.com.br\/blog\/wp-content\/uploads\/Fisiopatologia-da-Enxaqueca-alunos-Rodrigo-e-Thamires.ppt\">fisiopatologia da enxaqueca<\/a> com an\u00e1lise em artigos publicados na literatura cient\u00edfica.<\/p>\n<p>A fisiopatogenia da Enxaqueca ou Migr\u00e2nea tem-se modificado nos \u00faltimos anos com a descoberta\u00a0 de\u00a0\u00a0mecanismos novos neurotransmissores envolvidos na g\u00eanese da dor.<\/p>\n<p>A teoria vascular perdeu em import\u00e2ncia, e a teoria neuronal ganhou destaque pelas descobertas cient\u00edficas nos 20 \u00faltimos anos.<\/p>\n<p>Sem compreender a fisiopatogenia da Enxaqueca \u00e9 imposs\u00edvel se almejar resultado terap\u00eautico promissor.<\/p>\n<p>As principais estruturas envolvidas s\u00e3o o sistema nervoso central (c\u00f3rtex e tronco cerebral), o sistema trig\u00eamino-vascular e os vasos correspondentes, fibras auton\u00f4micas que inervam esses vasos, e os v\u00e1rios agentes vasoativos locais, como a SP, CGRP, NO, VIP, NPY, ACh, NA, NKA, entre outros.<\/p>\n<p>A depress\u00e3o alastrante \u00e9 o fen\u00f4meno neurol\u00f3gico que provavelmente justifica achados experimenais e cl\u00ednicos na enxaqueca. Ela tem velocidade de propaga\u00e7\u00e3o semelhante \u00e0 aura, ativa o n\u00facleo espinhal do trig\u00eameo e est\u00e1 relacionada \u00e0 libera\u00e7\u00e3o de CGRP e NO.<\/p>\n<p>Altera\u00e7\u00f5es circulat\u00f3rias detectadas por m\u00e9todos complementares refor\u00e7am o papel da depress\u00e3o alastrante.<\/p>\n<p>A identifica\u00e7\u00e3o de anormalidades em pelo menos tr\u00eas loci (cromossomas 19 e 1) na enxaqueca hemipl\u00e9gica familiar evidencia\u00a0 a heran\u00e7a gen\u00e9tica da enxaqueca, e est\u00e3o relacionadas a anormalidades nos canais de c\u00e1lcio voltagem dependentes tipo P\/Q, espec\u00edficos do sistema nervoso central, que regulam a libera\u00e7\u00e3o de v\u00e1rios neurotransmissores, incluindo a serotonina.<\/p>\n<p>A exemplo de outras anormalidades neurol\u00f3gicas parox\u00edsticas que resultam da hiperexcitabilidade da membrana plasm\u00e1tica, est\u00e1 hoje confirmado que a enxaqueca ocorra devido a uma desordem de canais i\u00f4nicos.<\/p>\n<p>O Ambulat\u00f3rio de Cefaleia instalado nas depend\u00eancias do Ambulat\u00f3rio Mario Covas atende os usu\u00e1rio do SUS\u00a0 encaminhados do Departamento Regional de Sa\u00fade IX do Estado de S\u00e3o Paulo.<\/p>\n<p>Lutemos por uma Sa\u00fade P\u00fablica com qualidade !<\/p>\n<p><a href=\"https:\/\/miltonmarchioli.com.br\/blog\/wp-content\/uploads\/enxaqueca-mecanismos.jpg\"><img loading=\"lazy\" decoding=\"async\" class=\"aligncenter size-full wp-image-10152\" src=\"https:\/\/miltonmarchioli.com.br\/blog\/wp-content\/uploads\/enxaqueca-mecanismos.jpg\" alt=\"enxaqueca mecanismos\" width=\"265\" height=\"350\" srcset=\"https:\/\/miltonmarchioli.com.br\/blog\/wp-content\/uploads\/enxaqueca-mecanismos.jpg 265w, https:\/\/miltonmarchioli.com.br\/blog\/wp-content\/uploads\/enxaqueca-mecanismos-227x300.jpg 227w\" sizes=\"auto, (max-width: 265px) 100vw, 265px\" \/><\/a><\/p>\n","protected":false},"excerpt":{"rendered":"<p>Rodrigo C\u00e2ndido Rezende e Thamires Baldo Cordeiro, alunos do 4\u00ba ano do curso de\u00a0medicina da Famema &#8211; Ambulat\u00f3rio de Cefaleia &#8211; Ambulat\u00f3rio M\u00e1rio Covas- disciplinas Neurologia e Educa\u00e7\u00e3o em Ci\u00eancias da Sa\u00fade \u00a0 apresentaram a fisiopatologia da enxaqueca com an\u00e1lise em artigos publicados na literatura cient\u00edfica. A fisiopatogenia da Enxaqueca ou Migr\u00e2nea tem-se modificado nos &hellip; <a href=\"https:\/\/miltonmarchioli.com.br\/blog\/fisiopatologia-da-enxaqueca-seminario-curso-de-medicina-da-famema\/\" class=\"more-link\">Continue lendo <span class=\"screen-reader-text\">Fisiopatologia da Enxaqueca. Semin\u00e1rio. Curso de Medicina da Famema<\/span> <span class=\"meta-nav\">&rarr;<\/span><\/a><\/p>\n","protected":false},"author":2,"featured_media":0,"comment_status":"open","ping_status":"open","sticky":false,"template":"","format":"standard","meta":{"rop_custom_images_group":[],"rop_custom_messages_group":[],"rop_publish_now":"initial","rop_publish_now_accounts":[],"rop_publish_now_history":[],"rop_publish_now_status":"pending","footnotes":""},"categories":[332,4,13,9],"tags":[657],"class_list":["post-476","post","type-post","status-publish","format-standard","hentry","category-educacao","category-neurologia","category-opiniao","category-saude-publica","tag-ambulatorio-de-cefaleia-ambulatorio-mario-covas-famema"],"_links":{"self":[{"href":"https:\/\/miltonmarchioli.com.br\/blog\/wp-json\/wp\/v2\/posts\/476","targetHints":{"allow":["GET"]}}],"collection":[{"href":"https:\/\/miltonmarchioli.com.br\/blog\/wp-json\/wp\/v2\/posts"}],"about":[{"href":"https:\/\/miltonmarchioli.com.br\/blog\/wp-json\/wp\/v2\/types\/post"}],"author":[{"embeddable":true,"href":"https:\/\/miltonmarchioli.com.br\/blog\/wp-json\/wp\/v2\/users\/2"}],"replies":[{"embeddable":true,"href":"https:\/\/miltonmarchioli.com.br\/blog\/wp-json\/wp\/v2\/comments?post=476"}],"version-history":[{"count":22,"href":"https:\/\/miltonmarchioli.com.br\/blog\/wp-json\/wp\/v2\/posts\/476\/revisions"}],"predecessor-version":[{"id":13481,"href":"https:\/\/miltonmarchioli.com.br\/blog\/wp-json\/wp\/v2\/posts\/476\/revisions\/13481"}],"wp:attachment":[{"href":"https:\/\/miltonmarchioli.com.br\/blog\/wp-json\/wp\/v2\/media?parent=476"}],"wp:term":[{"taxonomy":"category","embeddable":true,"href":"https:\/\/miltonmarchioli.com.br\/blog\/wp-json\/wp\/v2\/categories?post=476"},{"taxonomy":"post_tag","embeddable":true,"href":"https:\/\/miltonmarchioli.com.br\/blog\/wp-json\/wp\/v2\/tags?post=476"}],"curies":[{"name":"wp","href":"https:\/\/api.w.org\/{rel}","templated":true}]}}