{"id":4796,"date":"2013-04-15T18:42:40","date_gmt":"2013-04-15T21:42:40","guid":{"rendered":"http:\/\/miltonmarchioli.com.br\/blog\/?p=4796"},"modified":"2022-01-16T10:37:14","modified_gmt":"2022-01-16T13:37:14","slug":"cefaleias-primarias-e-secundarias-seminario-curso-de-medicina-da-famema-3","status":"publish","type":"post","link":"https:\/\/miltonmarchioli.com.br\/blog\/cefaleias-primarias-e-secundarias-seminario-curso-de-medicina-da-famema-3\/","title":{"rendered":"Cefaleias Prim\u00e1rias e Secund\u00e1rias. Semin\u00e1rio. Curso de Medicina da Famema"},"content":{"rendered":"<p><img loading=\"lazy\" decoding=\"async\" class=\"alignleft size-full wp-image-11773\" src=\"https:\/\/miltonmarchioli.com.br\/blog\/wp-content\/uploads\/dor-de-cabe\u00e7a-martelo.jpg\" alt=\"dor de cabe\u00e7a- martelo\" width=\"250\" height=\"277\" \/><a href=\"https:\/\/miltonmarchioli.com.br\/blog\/wp-content\/uploads\/CEFALEIAS-PRIM\u00c1RIAS-E-SECUND\u00c1RIAS-11-04-2013.pptx\">Semin\u00e1rio\u00a0 apresentado pelos acad\u00eamicos de medicina do 4\u00ba ano do curso de medicina da Famema abordando as Cefaleias Prim\u00e1rias e Secund\u00e1rias- Ambulat\u00f3rio de Cefaleia- Ambulat\u00f3rio M\u00e1rio Covas- disciplinas de Neurologia e Educa\u00e7\u00e3o em Ci\u00eancias da Sa\u00fade.<\/a><\/p>\n<p>A epidemiologia de qualquer doen\u00e7a tem importantes implica\u00e7\u00f5es no seu tratamento. As cefaleias n\u00e3o escapam a esta regra.<\/p>\n<p>Por sua vez, o diagn\u00f3stico correto \u00e9 crucial para a avalia\u00e7\u00e3o das caracter\u00edsticas s\u00f3cio-demogr\u00e1ficas de qualquer doen\u00e7a para o c\u00e1lculo da sua incid\u00eancia e preval\u00eancia.<\/p>\n<p>Em 1988, a International Headache Society publicou a\u00a0 classifica\u00e7\u00e3o de cefaleias que estabeleceu uma terminologia consistente e crit\u00e9rios de diagn\u00f3stico para as cefaleias prim\u00e1rias e secund\u00e1rias.<\/p>\n<p>A sua revis\u00e3o em 2004 evidenciou aperfei\u00e7oamento na classifica\u00e7\u00e3o e nos crit\u00e9rios de diagn\u00f3stico, baseado na evid\u00eancia cient\u00edfica acumulada desde 1988.<\/p>\n<p>Em 2013 nova classifica\u00e7\u00e3o internacional das cefaleias est\u00e1 sendo discutida pelos estudiosos da neurologia.<\/p>\n<p>O Ambulat\u00f3rio de Cefaleia\u00a0 recebe encaminhamentos dos usu\u00e1rios do SUS pertencentes ao Departamento Regional de Sa\u00fade IX do Estado de S\u00e3o Paulo.<\/p>\n<p>Em defesa da Sa\u00fade P\u00fablica\u00a0 do Brasil !<\/p>\n<p><img loading=\"lazy\" decoding=\"async\" class=\"aligncenter size-full wp-image-11774\" src=\"https:\/\/miltonmarchioli.com.br\/blog\/wp-content\/uploads\/dor-de-cabe\u00e7a-robo.jpg\" alt=\"dor de cabe\u00e7a- robo\" width=\"620\" height=\"412\" srcset=\"https:\/\/miltonmarchioli.com.br\/blog\/wp-content\/uploads\/dor-de-cabe\u00e7a-robo.jpg 620w, https:\/\/miltonmarchioli.com.br\/blog\/wp-content\/uploads\/dor-de-cabe\u00e7a-robo-300x199.jpg 300w\" sizes=\"auto, (max-width: 620px) 100vw, 620px\" \/><\/p>\n","protected":false},"excerpt":{"rendered":"<p>Semin\u00e1rio\u00a0 apresentado pelos acad\u00eamicos de medicina do 4\u00ba ano do curso de medicina da Famema abordando as Cefaleias Prim\u00e1rias e Secund\u00e1rias- Ambulat\u00f3rio de Cefaleia- Ambulat\u00f3rio M\u00e1rio Covas- disciplinas de Neurologia e Educa\u00e7\u00e3o em Ci\u00eancias da Sa\u00fade. A epidemiologia de qualquer doen\u00e7a tem importantes implica\u00e7\u00f5es no seu tratamento. As cefaleias n\u00e3o escapam a esta regra. Por &hellip; <a href=\"https:\/\/miltonmarchioli.com.br\/blog\/cefaleias-primarias-e-secundarias-seminario-curso-de-medicina-da-famema-3\/\" class=\"more-link\">Continue lendo <span class=\"screen-reader-text\">Cefaleias Prim\u00e1rias e Secund\u00e1rias. Semin\u00e1rio. Curso de Medicina da Famema<\/span> <span class=\"meta-nav\">&rarr;<\/span><\/a><\/p>\n","protected":false},"author":2,"featured_media":0,"comment_status":"open","ping_status":"open","sticky":false,"template":"","format":"standard","meta":{"rop_custom_images_group":[],"rop_custom_messages_group":[],"rop_publish_now":"initial","rop_publish_now_accounts":[],"rop_publish_now_history":[],"rop_publish_now_status":"pending","footnotes":""},"categories":[4,13,9],"tags":[591],"class_list":["post-4796","post","type-post","status-publish","format-standard","hentry","category-neurologia","category-opiniao","category-saude-publica","tag-ambulatorio-cefaleia-ambulatorio-mario-covas-famema"],"_links":{"self":[{"href":"https:\/\/miltonmarchioli.com.br\/blog\/wp-json\/wp\/v2\/posts\/4796","targetHints":{"allow":["GET"]}}],"collection":[{"href":"https:\/\/miltonmarchioli.com.br\/blog\/wp-json\/wp\/v2\/posts"}],"about":[{"href":"https:\/\/miltonmarchioli.com.br\/blog\/wp-json\/wp\/v2\/types\/post"}],"author":[{"embeddable":true,"href":"https:\/\/miltonmarchioli.com.br\/blog\/wp-json\/wp\/v2\/users\/2"}],"replies":[{"embeddable":true,"href":"https:\/\/miltonmarchioli.com.br\/blog\/wp-json\/wp\/v2\/comments?post=4796"}],"version-history":[{"count":18,"href":"https:\/\/miltonmarchioli.com.br\/blog\/wp-json\/wp\/v2\/posts\/4796\/revisions"}],"predecessor-version":[{"id":13663,"href":"https:\/\/miltonmarchioli.com.br\/blog\/wp-json\/wp\/v2\/posts\/4796\/revisions\/13663"}],"wp:attachment":[{"href":"https:\/\/miltonmarchioli.com.br\/blog\/wp-json\/wp\/v2\/media?parent=4796"}],"wp:term":[{"taxonomy":"category","embeddable":true,"href":"https:\/\/miltonmarchioli.com.br\/blog\/wp-json\/wp\/v2\/categories?post=4796"},{"taxonomy":"post_tag","embeddable":true,"href":"https:\/\/miltonmarchioli.com.br\/blog\/wp-json\/wp\/v2\/tags?post=4796"}],"curies":[{"name":"wp","href":"https:\/\/api.w.org\/{rel}","templated":true}]}}