{"id":482,"date":"2011-06-02T11:55:19","date_gmt":"2011-06-02T11:55:19","guid":{"rendered":"http:\/\/miltonmarchioli.com.br\/blog\/?p=482"},"modified":"2022-01-07T11:04:58","modified_gmt":"2022-01-07T14:04:58","slug":"insuficiencia-cardiaca-cronica-seminario-curso-de-medicina-da-famema","status":"publish","type":"post","link":"https:\/\/miltonmarchioli.com.br\/blog\/insuficiencia-cardiaca-cronica-seminario-curso-de-medicina-da-famema\/","title":{"rendered":"Insufici\u00eancia Card\u00edaca Cr\u00f4nica. Semin\u00e1rio. Curso de Medicina da Famema"},"content":{"rendered":"<p><a href=\"https:\/\/miltonmarchioli.com.br\/blog\/wp-content\/uploads\/icc-ecg.jpg\"><img loading=\"lazy\" decoding=\"async\" class=\"alignleft size-full wp-image-10156\" src=\"https:\/\/miltonmarchioli.com.br\/blog\/wp-content\/uploads\/icc-ecg.jpg\" alt=\"icc- ecg\" width=\"194\" height=\"259\" \/><\/a><a href=\"https:\/\/miltonmarchioli.com.br\/blog\/wp-content\/uploads\/Insufici\u00eancia-Cardiaca-Cr\u00f4nica-Ciclo-Pedag\u00f3gico-Gar\u00e7a-2011.ppt\">Semin\u00e1rio apresentado pelos alunos\u00a0 do 4\u00ba ano do curso de medicina Ana Lu\u00edsa Cardoso Rosa da Silva, Felipe Sanches Paro e Gabriela de F\u00e1tima Batista Peloso &#8211; ciclo pedag\u00f3gico da UPP4 sobre Insufici\u00eancia Card\u00edaca Cr\u00f4nica.<\/a><\/p>\n<p>A Insufici\u00eancia Card\u00edaca Cr\u00f4nica (ICC) \u00e9 sem d\u00favida a doen\u00e7a que proporciona a pior qualidade de vida que uma pessoa possa viver, pois apresenta-se com dispneia, edema de membros inferiores, epis\u00f3dios de Edema Agudo de Pulm\u00e3o, arritmias card\u00edacas, e morte s\u00fabita.<\/p>\n<p>\u00c9 o estado fisiopatol\u00f3gico em que o cora\u00e7\u00e3o \u00e9 incapaz de bombear\u00a0 sangue a uma taxa satisfat\u00f3ria \u00e0s necessidades dos tecidos metabolizadores, ou pode faz\u00ea-lo apenas a partir de uma press\u00e3o de enchimento elevada.<\/p>\n<p>A Insufici\u00eancia Card\u00edaca Congestiva pode aparecer de modo agudo mas geralmente se desenvolve gradualmente, \u00e0s vezes durante anos.<\/p>\n<p>Sendo uma condi\u00e7\u00e3o cr\u00f4nica permite a possibilidade de adapta\u00e7\u00f5es do cora\u00e7\u00e3o o que pode permitir uma vida prolongada, \u00e0s vezes com alguma limita\u00e7\u00e3o aos seus portadores, se tratada corretamente.<\/p>\n<p>No mundo: 23 milh\u00f5es de casos.<\/p>\n<p>Nos EUA: Maior problema de sa\u00fade p\u00fablica; 5,2 milh\u00f5es de casos; 550 mil novos casos\/ano; 12 a 15 milh\u00f5es de consultas m\u00e9dicas; 6,5 milh\u00f5es de dias de interna\u00e7\u00f5es\/ano; Reinterna\u00e7\u00f5es em 30-50% em 6 meses; 300.000 mortes anuais; 54.000 mortes diretas; Custo de U$ 15 bilh\u00f5es\/ano\/ interna\u00e7\u00f5es.<\/p>\n<p>No Brasil: 6,5 milh\u00f5es de doentes; 30% \u00e9 internado anualmente; 4% de todas as interna\u00e7\u00f5es; 31% das interna\u00e7\u00f5es cardiovasculares; 380 000 hospitaliza\u00e7\u00f5es\/ano; m\u00e9dia de 5,8 dias cada; R$ 200 milh\u00f5es anuais; 5,6 a 6,0% de mortalidade hospitalar.<\/p>\n<p>Muito se avan\u00e7ou no tratamento da ICC nos \u00faltimos anos com a introdu\u00e7\u00e3o dos inibidores da enzima conversora, e ainda a utiliza\u00e7\u00e3o de alfa e beta bloqueio do sistema\u00a0 nervoso simp\u00e1tico, pois essas classes de f\u00e1rmacos minimizam os efeitos delet\u00e9rios do sistema renina-angiotensina-aldosterona e sistema nervoso simp\u00e1tico sobre o mioc\u00e1rdio.<\/p>\n<p>O uso de marcapasso multis\u00edtio \u00e9 outra possibilidade no plano de cuidados ao\u00a0se associ\u00e1-lo\u00a0ao esquema terap\u00eautico farmacol\u00f3gico para melhor efic\u00e1cia do mesmo.<\/p>\n<p>Lutemos por uma Sa\u00fade\u00a0 P\u00fablica com qualidade !<\/p>\n<p><a href=\"https:\/\/miltonmarchioli.com.br\/blog\/wp-content\/uploads\/icc-esteto.jpg\"><img loading=\"lazy\" decoding=\"async\" class=\"aligncenter size-full wp-image-10157\" src=\"https:\/\/miltonmarchioli.com.br\/blog\/wp-content\/uploads\/icc-esteto.jpg\" alt=\"icc - esteto\" width=\"500\" height=\"296\" srcset=\"https:\/\/miltonmarchioli.com.br\/blog\/wp-content\/uploads\/icc-esteto.jpg 500w, https:\/\/miltonmarchioli.com.br\/blog\/wp-content\/uploads\/icc-esteto-300x178.jpg 300w\" sizes=\"auto, (max-width: 500px) 100vw, 500px\" \/><\/a><\/p>\n","protected":false},"excerpt":{"rendered":"<p>Semin\u00e1rio apresentado pelos alunos\u00a0 do 4\u00ba ano do curso de medicina Ana Lu\u00edsa Cardoso Rosa da Silva, Felipe Sanches Paro e Gabriela de F\u00e1tima Batista Peloso &#8211; ciclo pedag\u00f3gico da UPP4 sobre Insufici\u00eancia Card\u00edaca Cr\u00f4nica. A Insufici\u00eancia Card\u00edaca Cr\u00f4nica (ICC) \u00e9 sem d\u00favida a doen\u00e7a que proporciona a pior qualidade de vida que uma pessoa &hellip; <a href=\"https:\/\/miltonmarchioli.com.br\/blog\/insuficiencia-cardiaca-cronica-seminario-curso-de-medicina-da-famema\/\" class=\"more-link\">Continue lendo <span class=\"screen-reader-text\">Insufici\u00eancia Card\u00edaca Cr\u00f4nica. Semin\u00e1rio. Curso de Medicina da Famema<\/span> <span class=\"meta-nav\">&rarr;<\/span><\/a><\/p>\n","protected":false},"author":2,"featured_media":0,"comment_status":"open","ping_status":"open","sticky":false,"template":"","format":"standard","meta":{"rop_custom_images_group":[],"rop_custom_messages_group":[],"rop_publish_now":"initial","rop_publish_now_accounts":[],"rop_publish_now_history":[],"rop_publish_now_status":"pending","footnotes":""},"categories":[37,332,13,9],"tags":[656,1183],"class_list":["post-482","post","type-post","status-publish","format-standard","hentry","category-cardiologia","category-educacao","category-opiniao","category-saude-publica","tag-ciclo-pedagogico-famema","tag-unidade-de-pratica-profissional-4"],"_links":{"self":[{"href":"https:\/\/miltonmarchioli.com.br\/blog\/wp-json\/wp\/v2\/posts\/482","targetHints":{"allow":["GET"]}}],"collection":[{"href":"https:\/\/miltonmarchioli.com.br\/blog\/wp-json\/wp\/v2\/posts"}],"about":[{"href":"https:\/\/miltonmarchioli.com.br\/blog\/wp-json\/wp\/v2\/types\/post"}],"author":[{"embeddable":true,"href":"https:\/\/miltonmarchioli.com.br\/blog\/wp-json\/wp\/v2\/users\/2"}],"replies":[{"embeddable":true,"href":"https:\/\/miltonmarchioli.com.br\/blog\/wp-json\/wp\/v2\/comments?post=482"}],"version-history":[{"count":17,"href":"https:\/\/miltonmarchioli.com.br\/blog\/wp-json\/wp\/v2\/posts\/482\/revisions"}],"predecessor-version":[{"id":13482,"href":"https:\/\/miltonmarchioli.com.br\/blog\/wp-json\/wp\/v2\/posts\/482\/revisions\/13482"}],"wp:attachment":[{"href":"https:\/\/miltonmarchioli.com.br\/blog\/wp-json\/wp\/v2\/media?parent=482"}],"wp:term":[{"taxonomy":"category","embeddable":true,"href":"https:\/\/miltonmarchioli.com.br\/blog\/wp-json\/wp\/v2\/categories?post=482"},{"taxonomy":"post_tag","embeddable":true,"href":"https:\/\/miltonmarchioli.com.br\/blog\/wp-json\/wp\/v2\/tags?post=482"}],"curies":[{"name":"wp","href":"https:\/\/api.w.org\/{rel}","templated":true}]}}