{"id":4836,"date":"2013-04-23T17:39:42","date_gmt":"2013-04-23T20:39:42","guid":{"rendered":"http:\/\/miltonmarchioli.com.br\/blog\/?p=4836"},"modified":"2022-01-16T10:38:56","modified_gmt":"2022-01-16T13:38:56","slug":"acidente-vascular-cerebral-isquemico-seminario-curso-de-medicina-da-famema","status":"publish","type":"post","link":"https:\/\/miltonmarchioli.com.br\/blog\/acidente-vascular-cerebral-isquemico-seminario-curso-de-medicina-da-famema\/","title":{"rendered":"Acidente Vascular Cerebral Isqu\u00eamico. Semin\u00e1rio. Curso de Medicina da Famema"},"content":{"rendered":"<p><a href=\"https:\/\/miltonmarchioli.com.br\/blog\/wp-content\/uploads\/avc-psicodelico.jpg\"><img loading=\"lazy\" decoding=\"async\" class=\"alignleft wp-image-10753\" src=\"https:\/\/miltonmarchioli.com.br\/blog\/wp-content\/uploads\/avc-psicodelico-300x172.jpg\" alt=\"confusion\" width=\"246\" height=\"141\" \/><\/a><a href=\"https:\/\/miltonmarchioli.com.br\/blog\/wp-content\/uploads\/AVC-Isqu\u00eamico-22-04-2013.pptx\">Semin\u00e1rio apresentado pelos alunos do 4\u00ba ano do curso de Medicina da Famema Cybelle Adourian Louback, Douglas Tsunemi e Erica Almeida abordando o tema Acidente Vascular Cerebral Isqu\u00eamico no Ambulat\u00f3rio Neurovascular -Ambulat\u00f3rio Mario Covas- disciplinas de Neurologia e Educa\u00e7\u00e3o em Ci\u00eancias da Sa\u00fade.<\/a><\/p>\n<p>No semin\u00e1rio apresentando pelos h\u00e1 importante revis\u00e3o de\u00a0 literatura com apontamentos para a epidemiologia, quadro cl\u00ednico, diagn\u00f3stico pelos exames de imagens &#8211; tomografia e resson\u00e2ncia magn\u00e9tica.<\/p>\n<p>\u00c9 fato que houve avan\u00e7o para o diagn\u00f3stico precoce do Acidente\u00a0 Vascular Cerebral Isqu\u00eamico, e que tal situa\u00e7\u00e3o f\u00e1tica somente foi poss\u00edvel com o descobrimento da tomografia computadorizada e da resson\u00e2ncia magn\u00e9tica.<\/p>\n<p>O diagn\u00f3stico precoce possibilita para os hospitais que apresentam Unidades de AVC (Stroke Unit) a utiliza\u00e7\u00e3o do rt-PA, um trombol\u00edtico que aplicado at\u00e9 4,5 horas pode dissolver o co\u00e1gulo\u00a0 sangu\u00edneo e minimizar a presen\u00e7a de sequelas neurol\u00f3gicas.<\/p>\n<p>O ambulat\u00f3rio de Neurovascular recebe encaminhamentos de usu\u00e1rios do SUS de 62 munic\u00edpios do Departamento Regional de Sa\u00fade IX do Estado de S\u00e3o Paulo.<\/p>\n<p>Em defesa de Sa\u00fade P\u00fablica com qualidade !<\/p>\n<p><a href=\"https:\/\/miltonmarchioli.com.br\/blog\/wp-content\/uploads\/avc-na-bahia.jpg\"><img loading=\"lazy\" decoding=\"async\" class=\"aligncenter size-full wp-image-10752\" src=\"https:\/\/miltonmarchioli.com.br\/blog\/wp-content\/uploads\/avc-na-bahia.jpg\" alt=\"avc- na bahia\" width=\"493\" height=\"335\" srcset=\"https:\/\/miltonmarchioli.com.br\/blog\/wp-content\/uploads\/avc-na-bahia.jpg 493w, https:\/\/miltonmarchioli.com.br\/blog\/wp-content\/uploads\/avc-na-bahia-300x204.jpg 300w\" sizes=\"auto, (max-width: 493px) 100vw, 493px\" \/><\/a><\/p>\n","protected":false},"excerpt":{"rendered":"<p>Semin\u00e1rio apresentado pelos alunos do 4\u00ba ano do curso de Medicina da Famema Cybelle Adourian Louback, Douglas Tsunemi e Erica Almeida abordando o tema Acidente Vascular Cerebral Isqu\u00eamico no Ambulat\u00f3rio Neurovascular -Ambulat\u00f3rio Mario Covas- disciplinas de Neurologia e Educa\u00e7\u00e3o em Ci\u00eancias da Sa\u00fade. No semin\u00e1rio apresentando pelos h\u00e1 importante revis\u00e3o de\u00a0 literatura com apontamentos para &hellip; <a href=\"https:\/\/miltonmarchioli.com.br\/blog\/acidente-vascular-cerebral-isquemico-seminario-curso-de-medicina-da-famema\/\" class=\"more-link\">Continue lendo <span class=\"screen-reader-text\">Acidente Vascular Cerebral Isqu\u00eamico. Semin\u00e1rio. Curso de Medicina da Famema<\/span> <span class=\"meta-nav\">&rarr;<\/span><\/a><\/p>\n","protected":false},"author":2,"featured_media":0,"comment_status":"open","ping_status":"open","sticky":false,"template":"","format":"standard","meta":{"rop_custom_images_group":[],"rop_custom_messages_group":[],"rop_publish_now":"initial","rop_publish_now_accounts":[],"rop_publish_now_history":[],"rop_publish_now_status":"pending","footnotes":""},"categories":[8,4,13,9],"tags":[314],"class_list":["post-4836","post","type-post","status-publish","format-standard","hentry","category-direito-e-saude","category-neurologia","category-opiniao","category-saude-publica","tag-ambulatorio-neurovascular-milton-marchioli-famema"],"_links":{"self":[{"href":"https:\/\/miltonmarchioli.com.br\/blog\/wp-json\/wp\/v2\/posts\/4836","targetHints":{"allow":["GET"]}}],"collection":[{"href":"https:\/\/miltonmarchioli.com.br\/blog\/wp-json\/wp\/v2\/posts"}],"about":[{"href":"https:\/\/miltonmarchioli.com.br\/blog\/wp-json\/wp\/v2\/types\/post"}],"author":[{"embeddable":true,"href":"https:\/\/miltonmarchioli.com.br\/blog\/wp-json\/wp\/v2\/users\/2"}],"replies":[{"embeddable":true,"href":"https:\/\/miltonmarchioli.com.br\/blog\/wp-json\/wp\/v2\/comments?post=4836"}],"version-history":[{"count":15,"href":"https:\/\/miltonmarchioli.com.br\/blog\/wp-json\/wp\/v2\/posts\/4836\/revisions"}],"predecessor-version":[{"id":13664,"href":"https:\/\/miltonmarchioli.com.br\/blog\/wp-json\/wp\/v2\/posts\/4836\/revisions\/13664"}],"wp:attachment":[{"href":"https:\/\/miltonmarchioli.com.br\/blog\/wp-json\/wp\/v2\/media?parent=4836"}],"wp:term":[{"taxonomy":"category","embeddable":true,"href":"https:\/\/miltonmarchioli.com.br\/blog\/wp-json\/wp\/v2\/categories?post=4836"},{"taxonomy":"post_tag","embeddable":true,"href":"https:\/\/miltonmarchioli.com.br\/blog\/wp-json\/wp\/v2\/tags?post=4836"}],"curies":[{"name":"wp","href":"https:\/\/api.w.org\/{rel}","templated":true}]}}