{"id":4850,"date":"2013-04-25T23:41:17","date_gmt":"2013-04-26T02:41:17","guid":{"rendered":"http:\/\/miltonmarchioli.com.br\/blog\/?p=4850"},"modified":"2022-01-16T10:39:57","modified_gmt":"2022-01-16T13:39:57","slug":"acidente-vascular-cerebral-isquemico-seminario-curso-de-medicina-da-famema-2","status":"publish","type":"post","link":"https:\/\/miltonmarchioli.com.br\/blog\/acidente-vascular-cerebral-isquemico-seminario-curso-de-medicina-da-famema-2\/","title":{"rendered":"Acidente Vascular Cerebral Isqu\u00eamico. Semin\u00e1rio. Curso de Medicina da Famema"},"content":{"rendered":"<p><a href=\"https:\/\/miltonmarchioli.com.br\/blog\/wp-content\/uploads\/stroke-face.jpeg\"><img loading=\"lazy\" decoding=\"async\" class=\"alignleft wp-image-4851\" title=\"stroke face\" src=\"https:\/\/miltonmarchioli.com.br\/blog\/wp-content\/uploads\/stroke-face-276x300.jpg\" alt=\"\" width=\"239\" height=\"260\" srcset=\"https:\/\/miltonmarchioli.com.br\/blog\/wp-content\/uploads\/stroke-face-276x300.jpg 276w, https:\/\/miltonmarchioli.com.br\/blog\/wp-content\/uploads\/stroke-face.jpeg 460w\" sizes=\"auto, (max-width: 239px) 100vw, 239px\" \/><\/a><a href=\"https:\/\/miltonmarchioli.com.br\/blog\/wp-content\/uploads\/Anticoagulantes-e-antiagregantes-11-04-2013.pptx\">Semin\u00e1rio apresentado pelos acad\u00eamicos de medicina\u00a0 da Famema\u00a0 David Roberto Claro e Bruna Nalin- Ambulat\u00f3rio Neurovascular- disciplinas de Neurologia e Educa\u00e7\u00e3o em Ci\u00eancias da Sa\u00fade discorrendo sobre\u00a0 o tema: anticoagulantes, trombol\u00edticos e antiagregantes plaquet\u00e1rios<\/a><\/p>\n<p>A apresenta\u00e7\u00e3o aponta para a farmacodin\u00e2mica dos principais antiagregantes plaquet\u00e1rios, trombol\u00edticos\u00a0 e anticoagulantes, os quais s\u00e3o muito utilizados tanto para a preven\u00e7\u00e3o prim\u00e1ria quanto secund\u00e1ria de AVCI.<\/p>\n<p>A utiliza\u00e7\u00e3o do rt-PA nos \u00faltimos anos proporcionou enorme avan\u00e7o na terap\u00eautica do AVCI agudo, pois que sua utiliza\u00e7\u00e3o at\u00e9 4,5 horas proporciona a lise do co\u00e1gulo e minimiza\u00e7\u00e3o das sequelas.<\/p>\n<p>O diagn\u00f3stico precoce em Hospital de N\u00edvel Terci\u00e1rio de Aten\u00e7\u00e3o \u00e0 Sa\u00fade e a utiliza\u00e7\u00e3o de equipamentos de suporte avan\u00e7ado \u00e0 vida em Unidades de Acidente Vascular Cerebral proporcionam menos sequelas quando da alta hospitalar com redu\u00e7\u00e3o importante de benef\u00edcios oferecidos pela Seguridade Social.<\/p>\n<p>N\u00e3o se pode conceber Sa\u00fade P\u00fablica sem Unidades de AVC para atendimento eficaz e efetivo em usu\u00e1rios do SUS acometidos com essa patologia.<\/p>\n<p>Em defesa de Unidades de AVC em Hospitais P\u00fablicos !<\/p>\n<p>Em defesa de Sa\u00fade P\u00fablica com qualidade !<\/p>\n<p><a href=\"https:\/\/miltonmarchioli.com.br\/blog\/wp-content\/uploads\/stroke-clock.jpg\"><img loading=\"lazy\" decoding=\"async\" class=\"aligncenter wp-image-4852\" title=\"stroke clock\" src=\"https:\/\/miltonmarchioli.com.br\/blog\/wp-content\/uploads\/stroke-clock.jpg\" alt=\"\" width=\"374\" height=\"524\" srcset=\"https:\/\/miltonmarchioli.com.br\/blog\/wp-content\/uploads\/stroke-clock.jpg 400w, https:\/\/miltonmarchioli.com.br\/blog\/wp-content\/uploads\/stroke-clock-214x300.jpg 214w\" sizes=\"auto, (max-width: 374px) 100vw, 374px\" \/><\/a><\/p>\n","protected":false},"excerpt":{"rendered":"<p>Semin\u00e1rio apresentado pelos acad\u00eamicos de medicina\u00a0 da Famema\u00a0 David Roberto Claro e Bruna Nalin- Ambulat\u00f3rio Neurovascular- disciplinas de Neurologia e Educa\u00e7\u00e3o em Ci\u00eancias da Sa\u00fade discorrendo sobre\u00a0 o tema: anticoagulantes, trombol\u00edticos e antiagregantes plaquet\u00e1rios A apresenta\u00e7\u00e3o aponta para a farmacodin\u00e2mica dos principais antiagregantes plaquet\u00e1rios, trombol\u00edticos\u00a0 e anticoagulantes, os quais s\u00e3o muito utilizados tanto para a &hellip; <a href=\"https:\/\/miltonmarchioli.com.br\/blog\/acidente-vascular-cerebral-isquemico-seminario-curso-de-medicina-da-famema-2\/\" class=\"more-link\">Continue lendo <span class=\"screen-reader-text\">Acidente Vascular Cerebral Isqu\u00eamico. Semin\u00e1rio. Curso de Medicina da Famema<\/span> <span class=\"meta-nav\">&rarr;<\/span><\/a><\/p>\n","protected":false},"author":2,"featured_media":0,"comment_status":"open","ping_status":"open","sticky":false,"template":"","format":"standard","meta":{"rop_custom_images_group":[],"rop_custom_messages_group":[],"rop_publish_now":"initial","rop_publish_now_accounts":[],"rop_publish_now_history":[],"rop_publish_now_status":"pending","footnotes":""},"categories":[8,4,13,9],"tags":[315],"class_list":["post-4850","post","type-post","status-publish","format-standard","hentry","category-direito-e-saude","category-neurologia","category-opiniao","category-saude-publica","tag-milton-marchioli-ambulatorio-neurovascular-famema"],"_links":{"self":[{"href":"https:\/\/miltonmarchioli.com.br\/blog\/wp-json\/wp\/v2\/posts\/4850","targetHints":{"allow":["GET"]}}],"collection":[{"href":"https:\/\/miltonmarchioli.com.br\/blog\/wp-json\/wp\/v2\/posts"}],"about":[{"href":"https:\/\/miltonmarchioli.com.br\/blog\/wp-json\/wp\/v2\/types\/post"}],"author":[{"embeddable":true,"href":"https:\/\/miltonmarchioli.com.br\/blog\/wp-json\/wp\/v2\/users\/2"}],"replies":[{"embeddable":true,"href":"https:\/\/miltonmarchioli.com.br\/blog\/wp-json\/wp\/v2\/comments?post=4850"}],"version-history":[{"count":6,"href":"https:\/\/miltonmarchioli.com.br\/blog\/wp-json\/wp\/v2\/posts\/4850\/revisions"}],"predecessor-version":[{"id":13665,"href":"https:\/\/miltonmarchioli.com.br\/blog\/wp-json\/wp\/v2\/posts\/4850\/revisions\/13665"}],"wp:attachment":[{"href":"https:\/\/miltonmarchioli.com.br\/blog\/wp-json\/wp\/v2\/media?parent=4850"}],"wp:term":[{"taxonomy":"category","embeddable":true,"href":"https:\/\/miltonmarchioli.com.br\/blog\/wp-json\/wp\/v2\/categories?post=4850"},{"taxonomy":"post_tag","embeddable":true,"href":"https:\/\/miltonmarchioli.com.br\/blog\/wp-json\/wp\/v2\/tags?post=4850"}],"curies":[{"name":"wp","href":"https:\/\/api.w.org\/{rel}","templated":true}]}}