{"id":4856,"date":"2013-04-26T15:46:47","date_gmt":"2013-04-26T18:46:47","guid":{"rendered":"http:\/\/miltonmarchioli.com.br\/blog\/?p=4856"},"modified":"2022-01-16T10:41:59","modified_gmt":"2022-01-16T13:41:59","slug":"cefaleias-primarias-seminario-curso-de-medicina-da-famema-11","status":"publish","type":"post","link":"https:\/\/miltonmarchioli.com.br\/blog\/cefaleias-primarias-seminario-curso-de-medicina-da-famema-11\/","title":{"rendered":"Cefaleias Prim\u00e1rias. Semin\u00e1rio. Curso de Medicina da Famema"},"content":{"rendered":"<p><img loading=\"lazy\" decoding=\"async\" class=\"alignleft size-medium wp-image-11741\" src=\"https:\/\/miltonmarchioli.com.br\/blog\/wp-content\/uploads\/dor-de-cabe\u00e7a-iluminada-219x300.jpg\" alt=\"dor de cabe\u00e7a iluminada\" width=\"219\" height=\"300\" srcset=\"https:\/\/miltonmarchioli.com.br\/blog\/wp-content\/uploads\/dor-de-cabe\u00e7a-iluminada-219x300.jpg 219w, https:\/\/miltonmarchioli.com.br\/blog\/wp-content\/uploads\/dor-de-cabe\u00e7a-iluminada.jpg 235w\" sizes=\"auto, (max-width: 219px) 100vw, 219px\" \/><a href=\"https:\/\/miltonmarchioli.com.br\/blog\/wp-content\/uploads\/CEFAL\u00c9IAS-PRIM\u00c1RIAS-26-04-2013.pptx\">Semin\u00e1rio apresentado pelos alunos do curso de medicina da Famema &#8211; 4\u00ba ano &#8211; Gabriela Digmanese Cantovitz e Higor Martins revisando as principais Cefaleias Prim\u00e1rias &#8211; Ambulat\u00f3rio de Cefaleia &#8211; Ambulat\u00f3rio Mario Covas &#8211; disciplinas Neurologia e Educa\u00e7\u00e3o em Ci\u00eancias da Sa\u00fade.<\/a><\/p>\n<p>As cefaleias prim\u00e1rias mais comuns s\u00e3o:\u00a0<span style=\"color: #888888;\"><del><\/del><strong>enxaqueca, cefaleia de tens\u00e3o e cefaleia em salvas. <\/strong><\/span><\/p>\n<p>Outras formas menos comuns de cefaleia prim\u00e1ria incluem a hemicrania continua, a cefaleia nova di\u00e1ria e persistente, cefaleia do esfor\u00e7o, cefaleia da tosse, cefaleia por est\u00edmulo frio, hemicrania parox\u00edstica cr\u00f4nica.<\/p>\n<p>Especialistas em cefaleia geralmente tratam tamb\u00e9m de dores faciais, como a neuralgia do trig\u00eameo, dor facial at\u00edpica, e dor miofascial.<\/p>\n<p>V\u00e1rios medicamentos podem ser \u00fateis para interromper uma crise de cefaleia: analg\u00e9sicos comuns, anti-inflamat\u00f3rios, ergotamina, dipirona, combina\u00e7\u00f5es analg\u00e9sicas e triptanos.<\/p>\n<p>Medicamentos preventivos podem ser receitados por m\u00e9dicos para pessoas que apresentam cefaleia com frequ\u00eancia alta ou com crises de forte intensidade e que n\u00e3o respondem satisfatoriamente \u00e0 medica\u00e7\u00e3o sintom\u00e1tica, ou ambos.<\/p>\n<p>O ambulat\u00f3rio e Cefaleia da Famema recebe atendimento de usu\u00e1rios de 62 munic\u00edpios\u00a0 pertencentes ao Departamento Regional de Sa\u00fade IX do Estado de S\u00e3o Paulo.<\/p>\n<p>Em defesa do SUS !<\/p>\n<p><a href=\"https:\/\/miltonmarchioli.com.br\/blog\/wp-content\/uploads\/cerebro-tridimensional-colorido.jpg\"><img loading=\"lazy\" decoding=\"async\" class=\"aligncenter wp-image-4859\" title=\"cerebro- tridimensional colorido\" src=\"https:\/\/miltonmarchioli.com.br\/blog\/wp-content\/uploads\/cerebro-tridimensional-colorido.jpg\" alt=\"\" width=\"398\" height=\"398\" srcset=\"https:\/\/miltonmarchioli.com.br\/blog\/wp-content\/uploads\/cerebro-tridimensional-colorido.jpg 320w, https:\/\/miltonmarchioli.com.br\/blog\/wp-content\/uploads\/cerebro-tridimensional-colorido-150x150.jpg 150w, https:\/\/miltonmarchioli.com.br\/blog\/wp-content\/uploads\/cerebro-tridimensional-colorido-300x300.jpg 300w\" sizes=\"auto, (max-width: 398px) 100vw, 398px\" \/><\/a><\/p>\n","protected":false},"excerpt":{"rendered":"<p>Semin\u00e1rio apresentado pelos alunos do curso de medicina da Famema &#8211; 4\u00ba ano &#8211; Gabriela Digmanese Cantovitz e Higor Martins revisando as principais Cefaleias Prim\u00e1rias &#8211; Ambulat\u00f3rio de Cefaleia &#8211; Ambulat\u00f3rio Mario Covas &#8211; disciplinas Neurologia e Educa\u00e7\u00e3o em Ci\u00eancias da Sa\u00fade. As cefaleias prim\u00e1rias mais comuns s\u00e3o:\u00a0enxaqueca, cefaleia de tens\u00e3o e cefaleia em salvas. &hellip; <a href=\"https:\/\/miltonmarchioli.com.br\/blog\/cefaleias-primarias-seminario-curso-de-medicina-da-famema-11\/\" class=\"more-link\">Continue lendo <span class=\"screen-reader-text\">Cefaleias Prim\u00e1rias. Semin\u00e1rio. Curso de Medicina da Famema<\/span> <span class=\"meta-nav\">&rarr;<\/span><\/a><\/p>\n","protected":false},"author":2,"featured_media":0,"comment_status":"open","ping_status":"open","sticky":false,"template":"","format":"standard","meta":{"rop_custom_images_group":[],"rop_custom_messages_group":[],"rop_publish_now":"initial","rop_publish_now_accounts":[],"rop_publish_now_history":[],"rop_publish_now_status":"pending","footnotes":""},"categories":[4,13,9],"tags":[316],"class_list":["post-4856","post","type-post","status-publish","format-standard","hentry","category-neurologia","category-opiniao","category-saude-publica","tag-milton-marchioli-ambulatorio-de-cefaleia-famema"],"_links":{"self":[{"href":"https:\/\/miltonmarchioli.com.br\/blog\/wp-json\/wp\/v2\/posts\/4856","targetHints":{"allow":["GET"]}}],"collection":[{"href":"https:\/\/miltonmarchioli.com.br\/blog\/wp-json\/wp\/v2\/posts"}],"about":[{"href":"https:\/\/miltonmarchioli.com.br\/blog\/wp-json\/wp\/v2\/types\/post"}],"author":[{"embeddable":true,"href":"https:\/\/miltonmarchioli.com.br\/blog\/wp-json\/wp\/v2\/users\/2"}],"replies":[{"embeddable":true,"href":"https:\/\/miltonmarchioli.com.br\/blog\/wp-json\/wp\/v2\/comments?post=4856"}],"version-history":[{"count":15,"href":"https:\/\/miltonmarchioli.com.br\/blog\/wp-json\/wp\/v2\/posts\/4856\/revisions"}],"predecessor-version":[{"id":13666,"href":"https:\/\/miltonmarchioli.com.br\/blog\/wp-json\/wp\/v2\/posts\/4856\/revisions\/13666"}],"wp:attachment":[{"href":"https:\/\/miltonmarchioli.com.br\/blog\/wp-json\/wp\/v2\/media?parent=4856"}],"wp:term":[{"taxonomy":"category","embeddable":true,"href":"https:\/\/miltonmarchioli.com.br\/blog\/wp-json\/wp\/v2\/categories?post=4856"},{"taxonomy":"post_tag","embeddable":true,"href":"https:\/\/miltonmarchioli.com.br\/blog\/wp-json\/wp\/v2\/tags?post=4856"}],"curies":[{"name":"wp","href":"https:\/\/api.w.org\/{rel}","templated":true}]}}