{"id":488,"date":"2011-06-02T12:20:02","date_gmt":"2011-06-02T12:20:02","guid":{"rendered":"http:\/\/miltonmarchioli.com.br\/blog\/?p=488"},"modified":"2022-01-02T11:30:13","modified_gmt":"2022-01-02T14:30:13","slug":"anticonvulsivantes-seminario-curso-de-medicina-da-famema","status":"publish","type":"post","link":"https:\/\/miltonmarchioli.com.br\/blog\/anticonvulsivantes-seminario-curso-de-medicina-da-famema\/","title":{"rendered":"Anticonvulsivantes. Semin\u00e1rio. Curso de Medicina da Famema"},"content":{"rendered":"<p><a href=\"https:\/\/miltonmarchioli.com.br\/blog\/wp-content\/uploads\/medicamento-9.jpg\"><img loading=\"lazy\" decoding=\"async\" class=\"alignleft wp-image-10159\" src=\"https:\/\/miltonmarchioli.com.br\/blog\/wp-content\/uploads\/medicamento-9-300x201.jpg\" alt=\"medicamento 9\" width=\"279\" height=\"187\" srcset=\"https:\/\/miltonmarchioli.com.br\/blog\/wp-content\/uploads\/medicamento-9-300x201.jpg 300w, https:\/\/miltonmarchioli.com.br\/blog\/wp-content\/uploads\/medicamento-9.jpg 665w\" sizes=\"auto, (max-width: 279px) 100vw, 279px\" \/><\/a>Semin\u00e1rio apresentado pela aluna do 4\u00ba ano do curso de medicina da Famema -Mirella Almeida de Oliveira- Ambulat\u00f3rio de Cefaleia &#8211;\u00a0 disciplinas Neurologia e Educa\u00e7\u00e3o em Ci\u00eancias da Sa\u00fade.<\/p>\n<p>Uma revis\u00e3o dos principais f\u00e1rmacos usados como <a href=\"https:\/\/miltonmarchioli.com.br\/blog\/wp-content\/uploads\/ANTICONVULSIVANTES-Mirella-Famema.ppt\">drogas anticonvulsivantes<\/a>.<\/p>\n<p>Existem v\u00e1rios anticonvulsivantes surgidos na medicina, principalmente na d\u00e9cada passada, mas nem todos est\u00e3o dispon\u00edveis na rede b\u00e1sica de sa\u00fade para serem utilizados no tratamento de epilepsia, ou mesmo como profilaxia para a Enxaqueca, como topiramato e \u00e1cido valpr\u00f3ico.<\/p>\n<p>\u00c9 fundamental tamb\u00e9m o profissional\u00a0 levar em considera\u00e7\u00e3o o custo no momento da prescri\u00e7\u00e3o, pois se n\u00e3o houver a compra do medicamento pelo paciente ou n\u00e3o for disponibilizado na rede b\u00e1sica de sa\u00fade, n\u00e3o haver\u00e1 sucesso terap\u00eautico.<\/p>\n<p>O tratamento da epilepsia \u00e9 realizado atrav\u00e9s de medica\u00e7\u00f5es que possam controlar a atividade anormal dos neur\u00f4nios, diminuindo as cargas cerebrais anormais.<\/p>\n<p>\u00c9 extremamente dif\u00edcil, se n\u00e3o imposs\u00edvel, predizer o sucesso do tratamento para o paciente individual com base no mecanismo de a\u00e7\u00e3o dos f\u00e1rmacos.<\/p>\n<p>Apenas algumas generaliza\u00e7\u00f5es s\u00e3o poss\u00edveis:<\/p>\n<p>Pacientes com crises t\u00f4nico-cl\u00f4nicas generalizadas e com crises parciais obt\u00eam mais sucesso com f\u00e1rmacos bloqueadores dos canais de s\u00f3dio (carbamazepina, oxcarbazepina, fenito\u00edna, lamotrigina e \u00e1cido valpr\u00f3ico).<\/p>\n<ol>\n<li>Pacientes com m\u00faltiplos tipos de crises respondem preferencialmente a f\u00e1rmacos com m\u00faltiplos mecanismos de a\u00e7\u00e3o (\u00e1cido valpr\u00f3ico, lamotrigina, topiramato).<\/li>\n<li>Pacientes com aus\u00eancias s\u00e3o mais responsivos a bloqueadores dos canais de c\u00e1lcio de tipos T (etossuximida), N e <em>P <\/em>(lamotrigina).<\/li>\n<\/ol>\n<p>O passo mais importante para o sucesso terap\u00eautico \u00e9 a correta identifica\u00e7\u00e3o de tipo de crise e s\u00edndrome epil\u00e9ptica, j\u00e1 que os mecanismos de gera\u00e7\u00e3o e propaga\u00e7\u00e3o das crises s\u00e3o diferentes, e os v\u00e1rios anticonvulsivantes agem por diversos mecanismos que podem ou n\u00e3o ser favor\u00e1veis a cada s\u00edndrome.<\/p>\n<p>A escolha do antiepil\u00e9ptico deve levar em considera\u00e7\u00e3o efeitos adversos (especialmente em crian\u00e7as, mulheres em idade reprodutiva, gestantes e idosos), tolerabilidade individual, facilidade de administra\u00e7\u00e3o e custo do tratamento.<\/p>\n<p>Existem medicamentos de baixo custo e com poucos riscos de toxicidade.<\/p>\n<p>Geralmente, quando o neurologista inicia com um medicamento, s\u00f3 ap\u00f3s atingir a dose m\u00e1xima do mesmo, \u00e9 que se associa outro , caso n\u00e3o haja controle adequado da epilepsia.<\/p>\n<div>\u00a0Lutemos por uma Sa\u00fade P\u00fablica com qualidade!<\/div>\n<div><img loading=\"lazy\" decoding=\"async\" class=\"aligncenter size-full wp-image-11841\" src=\"https:\/\/miltonmarchioli.com.br\/blog\/wp-content\/uploads\/medicamento-cifr\u00e3o.jpg\" alt=\"medicamento cifr\u00e3o\" width=\"601\" height=\"500\" srcset=\"https:\/\/miltonmarchioli.com.br\/blog\/wp-content\/uploads\/medicamento-cifr\u00e3o.jpg 601w, https:\/\/miltonmarchioli.com.br\/blog\/wp-content\/uploads\/medicamento-cifr\u00e3o-300x250.jpg 300w\" sizes=\"auto, (max-width: 601px) 100vw, 601px\" \/><\/div>\n<div><\/div>\n","protected":false},"excerpt":{"rendered":"<p>Semin\u00e1rio apresentado pela aluna do 4\u00ba ano do curso de medicina da Famema -Mirella Almeida de Oliveira- Ambulat\u00f3rio de Cefaleia &#8211;\u00a0 disciplinas Neurologia e Educa\u00e7\u00e3o em Ci\u00eancias da Sa\u00fade. Uma revis\u00e3o dos principais f\u00e1rmacos usados como drogas anticonvulsivantes. Existem v\u00e1rios anticonvulsivantes surgidos na medicina, principalmente na d\u00e9cada passada, mas nem todos est\u00e3o dispon\u00edveis na rede &hellip; <a href=\"https:\/\/miltonmarchioli.com.br\/blog\/anticonvulsivantes-seminario-curso-de-medicina-da-famema\/\" class=\"more-link\">Continue lendo <span class=\"screen-reader-text\">Anticonvulsivantes. Semin\u00e1rio. Curso de Medicina da Famema<\/span> <span class=\"meta-nav\">&rarr;<\/span><\/a><\/p>\n","protected":false},"author":2,"featured_media":0,"comment_status":"open","ping_status":"open","sticky":false,"template":"","format":"standard","meta":{"rop_custom_images_group":[],"rop_custom_messages_group":[],"rop_publish_now":"initial","rop_publish_now_accounts":[],"rop_publish_now_history":[],"rop_publish_now_status":"pending","footnotes":""},"categories":[332,4,13,9],"tags":[591,193],"class_list":["post-488","post","type-post","status-publish","format-standard","hentry","category-educacao","category-neurologia","category-opiniao","category-saude-publica","tag-ambulatorio-cefaleia-ambulatorio-mario-covas-famema","tag-milton-marchioli"],"_links":{"self":[{"href":"https:\/\/miltonmarchioli.com.br\/blog\/wp-json\/wp\/v2\/posts\/488","targetHints":{"allow":["GET"]}}],"collection":[{"href":"https:\/\/miltonmarchioli.com.br\/blog\/wp-json\/wp\/v2\/posts"}],"about":[{"href":"https:\/\/miltonmarchioli.com.br\/blog\/wp-json\/wp\/v2\/types\/post"}],"author":[{"embeddable":true,"href":"https:\/\/miltonmarchioli.com.br\/blog\/wp-json\/wp\/v2\/users\/2"}],"replies":[{"embeddable":true,"href":"https:\/\/miltonmarchioli.com.br\/blog\/wp-json\/wp\/v2\/comments?post=488"}],"version-history":[{"count":14,"href":"https:\/\/miltonmarchioli.com.br\/blog\/wp-json\/wp\/v2\/posts\/488\/revisions"}],"predecessor-version":[{"id":13364,"href":"https:\/\/miltonmarchioli.com.br\/blog\/wp-json\/wp\/v2\/posts\/488\/revisions\/13364"}],"wp:attachment":[{"href":"https:\/\/miltonmarchioli.com.br\/blog\/wp-json\/wp\/v2\/media?parent=488"}],"wp:term":[{"taxonomy":"category","embeddable":true,"href":"https:\/\/miltonmarchioli.com.br\/blog\/wp-json\/wp\/v2\/categories?post=488"},{"taxonomy":"post_tag","embeddable":true,"href":"https:\/\/miltonmarchioli.com.br\/blog\/wp-json\/wp\/v2\/tags?post=488"}],"curies":[{"name":"wp","href":"https:\/\/api.w.org\/{rel}","templated":true}]}}