{"id":4895,"date":"2013-05-05T23:07:00","date_gmt":"2013-05-06T02:07:00","guid":{"rendered":"http:\/\/miltonmarchioli.com.br\/blog\/?p=4895"},"modified":"2022-01-16T10:57:28","modified_gmt":"2022-01-16T13:57:28","slug":"cefaleias-secundarias-seminario-curso-de-medicina-da-famema","status":"publish","type":"post","link":"https:\/\/miltonmarchioli.com.br\/blog\/cefaleias-secundarias-seminario-curso-de-medicina-da-famema\/","title":{"rendered":"Cefaleias Secund\u00e1rias. Semin\u00e1rio. Curso de Medicina da Famema"},"content":{"rendered":"<p><a href=\"https:\/\/miltonmarchioli.com.br\/blog\/wp-content\/uploads\/cefaleia-secundaria.jpg\"><img loading=\"lazy\" decoding=\"async\" class=\"alignleft wp-image-10757\" src=\"https:\/\/miltonmarchioli.com.br\/blog\/wp-content\/uploads\/cefaleia-secundaria-300x267.jpg\" alt=\"cefaleia secundaria\" width=\"247\" height=\"219\" srcset=\"https:\/\/miltonmarchioli.com.br\/blog\/wp-content\/uploads\/cefaleia-secundaria-300x267.jpg 300w, https:\/\/miltonmarchioli.com.br\/blog\/wp-content\/uploads\/cefaleia-secundaria.jpg 337w\" sizes=\"auto, (max-width: 247px) 100vw, 247px\" \/><\/a><a href=\"https:\/\/miltonmarchioli.com.br\/blog\/wp-content\/uploads\/Cefal\u00e9ias-Secund\u00e1rias-03-05-2013.ppt\">Semin\u00e1rio apresentado pelos alunos do 4\u00ba ano do curso de medicina da Famema Ana Claudia Heiras e Daniel Shuiti Igarashi Ueno durante est\u00e1gio no Ambulat\u00f3rio de Cefaleia &#8211; Ambulat\u00f3rio Mario Covas- disciplinas de Neurologia e Educa\u00e7\u00e3o em Ci\u00eancias da Sa\u00fade.<\/a><\/p>\n<p>A dor de cabe\u00e7a \u00e9 um sintoma comum em adultos e crian\u00e7as, sendo respons\u00e1vel por elevado n\u00famero de consultas m\u00e9dicas, principalmente neurol\u00f3gicas. Os pacientes frequentemente associam sua dor \u00e0 possibilidade da exist\u00eancia de uma patologia potencialmente grave, como tumor ou aneurisma intracraniano.<\/p>\n<p>Lembrando que apenas o profissional de sa\u00fade especificamente treinado poder\u00e1 oferecer tratamento adequado para sua dor de cabe\u00e7a, e algumas orienta\u00e7\u00f5es podem ser \u00fateis.<\/p>\n<p>A Sociedade Internacional de Cefaleias divide as cefaleias em dois grandes grupos.<\/p>\n<p>O primeiro compreende as cefaleias prim\u00e1rias, aquelas que constituem em si mesmas a doen\u00e7a.<\/p>\n<p>O exemplo cl\u00e1ssico \u00e9 a migr\u00e2nea sem aura, anteriormente denominada enxaqueca comum, e que atinge aproximadamente 16% das mulheres .<\/p>\n<p>O segundo grupo \u00e9 formado pelas cefaleias secund\u00e1rias, que fazem parte do cortejo sintomatol\u00f3gico de uma doen\u00e7a qualquer, seja esta prim\u00e1ria do sistema nervoso central ou sist\u00eamica.<\/p>\n<p>Embora as dores de cabe\u00e7a na sua grande maioria sejam prim\u00e1rias, o risco representado por algumas cefaleias secund\u00e1rias justifica a preocupa\u00e7\u00e3o de pacientes e m\u00e9dicos.<\/p>\n<p>H\u00e1 m\u00e9dicos que se interessam de forma especial pelo estudo das cefaleias e sendo chamados de cefaliatras.<\/p>\n<p>Na grande maioria dos casos, trata-se de neurologistas. Voc\u00ea deveria consultar um desses profissionais, quando:<\/p>\n<ol>\n<li>a dor for de instala\u00e7\u00e3o s\u00fabita, principalmente se acompanhada a v\u00f4mitos, tonturas, altera\u00e7\u00f5es da consci\u00eancia, convuls\u00e3o;<\/li>\n<li>a dor se associa a transtornos neurol\u00f3gicos, como rigidez de nuca, dificuldades para falar, fraqueza ou altera\u00e7\u00f5es de sensibilidade em bra\u00e7o, perna ou face; a dor se associa \u00e0 febre; trata-se da \u201cpior dor j\u00e1 experimentada pelo paciente\u201d;<\/li>\n<li>a dor se iniciou ap\u00f3s os 50 anos;<\/li>\n<li>a dor tem car\u00e1ter progressivo, n\u00e3o respondendo mais a analg\u00e9sicos; houver aparecimento de uma dor de cabe\u00e7a nova e diferente daquela j\u00e1 experimentada pelo paciente;<\/li>\n<li>o paciente encontra-se em tratamento de algum tipo c\u00e2ncer ou de s\u00edndrome de imunodefici\u00eancia adquirida (SIDA);<\/li>\n<li>h\u00e1 hist\u00f3ria de queda ou trauma de cr\u00e2nio recente;<\/li>\n<li>quando houver abuso de analg\u00e9sicos, mesmo naqueles pacientes sabidamente portadores de cefaleia prim\u00e1ria (uso de mais de 15 comprimidos de analg\u00e9sicos por m\u00eas, nos \u00faltimos seis meses). O uso abusivo de analg\u00e9sicos \u00e9 a causa mais comum da transforma\u00e7\u00e3o de dores espor\u00e1dicas (tipo migr\u00e2nea) em cefaleia cr\u00f4nica di\u00e1ria.<\/li>\n<\/ol>\n<p>Um dos mais importantes estudos populacionais sobre dor de cabe\u00e7a revelou que as cefaleias secund\u00e1rias mais frequentes foram as associadas \u00e0 ressaca alco\u00f3lica e a processos febris comuns como as infec\u00e7\u00f5es das vias a\u00e9reas superiores (rinossinusites, faringites, amigdalites, etc).<\/p>\n<p>Entre as patologias graves que determinam cefaleia secund\u00e1ria, incluem-se as hemorragias c\u00e9rebro-men\u00edngeas, as meningites, os tumores cerebrais e os hematomas intracranianos.<\/p>\n<p>O Ambulat\u00f3rio de Cefaleia recebe encaminhamentos de 62 munic\u00edpios pertencentes ao Departamento Regional de Sa\u00fade IX do Estado de S\u00e3o Paulo.<\/p>\n<p><a href=\"https:\/\/miltonmarchioli.com.br\/blog\/wp-content\/uploads\/abuso-de-analgesicos.jpg\"><img loading=\"lazy\" decoding=\"async\" class=\"aligncenter size-full wp-image-10759\" src=\"https:\/\/miltonmarchioli.com.br\/blog\/wp-content\/uploads\/abuso-de-analgesicos.jpg\" alt=\"abuso de analgesicos\" width=\"495\" height=\"400\" srcset=\"https:\/\/miltonmarchioli.com.br\/blog\/wp-content\/uploads\/abuso-de-analgesicos.jpg 495w, https:\/\/miltonmarchioli.com.br\/blog\/wp-content\/uploads\/abuso-de-analgesicos-300x242.jpg 300w\" sizes=\"auto, (max-width: 495px) 100vw, 495px\" \/><\/a><\/p>\n","protected":false},"excerpt":{"rendered":"<p>Semin\u00e1rio apresentado pelos alunos do 4\u00ba ano do curso de medicina da Famema Ana Claudia Heiras e Daniel Shuiti Igarashi Ueno durante est\u00e1gio no Ambulat\u00f3rio de Cefaleia &#8211; Ambulat\u00f3rio Mario Covas- disciplinas de Neurologia e Educa\u00e7\u00e3o em Ci\u00eancias da Sa\u00fade. A dor de cabe\u00e7a \u00e9 um sintoma comum em adultos e crian\u00e7as, sendo respons\u00e1vel por &hellip; <a href=\"https:\/\/miltonmarchioli.com.br\/blog\/cefaleias-secundarias-seminario-curso-de-medicina-da-famema\/\" class=\"more-link\">Continue lendo <span class=\"screen-reader-text\">Cefaleias Secund\u00e1rias. Semin\u00e1rio. Curso de Medicina da Famema<\/span> <span class=\"meta-nav\">&rarr;<\/span><\/a><\/p>\n","protected":false},"author":2,"featured_media":0,"comment_status":"open","ping_status":"open","sticky":false,"template":"","format":"standard","meta":{"rop_custom_images_group":[],"rop_custom_messages_group":[],"rop_publish_now":"initial","rop_publish_now_accounts":[],"rop_publish_now_history":[],"rop_publish_now_status":"pending","footnotes":""},"categories":[4,13,9],"tags":[316],"class_list":["post-4895","post","type-post","status-publish","format-standard","hentry","category-neurologia","category-opiniao","category-saude-publica","tag-milton-marchioli-ambulatorio-de-cefaleia-famema"],"_links":{"self":[{"href":"https:\/\/miltonmarchioli.com.br\/blog\/wp-json\/wp\/v2\/posts\/4895","targetHints":{"allow":["GET"]}}],"collection":[{"href":"https:\/\/miltonmarchioli.com.br\/blog\/wp-json\/wp\/v2\/posts"}],"about":[{"href":"https:\/\/miltonmarchioli.com.br\/blog\/wp-json\/wp\/v2\/types\/post"}],"author":[{"embeddable":true,"href":"https:\/\/miltonmarchioli.com.br\/blog\/wp-json\/wp\/v2\/users\/2"}],"replies":[{"embeddable":true,"href":"https:\/\/miltonmarchioli.com.br\/blog\/wp-json\/wp\/v2\/comments?post=4895"}],"version-history":[{"count":16,"href":"https:\/\/miltonmarchioli.com.br\/blog\/wp-json\/wp\/v2\/posts\/4895\/revisions"}],"predecessor-version":[{"id":13667,"href":"https:\/\/miltonmarchioli.com.br\/blog\/wp-json\/wp\/v2\/posts\/4895\/revisions\/13667"}],"wp:attachment":[{"href":"https:\/\/miltonmarchioli.com.br\/blog\/wp-json\/wp\/v2\/media?parent=4895"}],"wp:term":[{"taxonomy":"category","embeddable":true,"href":"https:\/\/miltonmarchioli.com.br\/blog\/wp-json\/wp\/v2\/categories?post=4895"},{"taxonomy":"post_tag","embeddable":true,"href":"https:\/\/miltonmarchioli.com.br\/blog\/wp-json\/wp\/v2\/tags?post=4895"}],"curies":[{"name":"wp","href":"https:\/\/api.w.org\/{rel}","templated":true}]}}