{"id":502,"date":"2011-06-03T11:22:54","date_gmt":"2011-06-03T11:22:54","guid":{"rendered":"http:\/\/miltonmarchioli.com.br\/blog\/?p=502"},"modified":"2022-01-07T10:58:49","modified_gmt":"2022-01-07T13:58:49","slug":"mecanismo-de-acao-dos-antidepressivos-seminario-curso-de-medicina-da-famema","status":"publish","type":"post","link":"https:\/\/miltonmarchioli.com.br\/blog\/mecanismo-de-acao-dos-antidepressivos-seminario-curso-de-medicina-da-famema\/","title":{"rendered":"Mecanismo de a\u00e7\u00e3o dos antidepressivos. Semin\u00e1rio. Curso de Medicina da Famema"},"content":{"rendered":"<p><a href=\"https:\/\/miltonmarchioli.com.br\/blog\/wp-content\/uploads\/antidepressivos-grande.jpg\"><img loading=\"lazy\" decoding=\"async\" class=\"alignleft wp-image-10163\" src=\"https:\/\/miltonmarchioli.com.br\/blog\/wp-content\/uploads\/antidepressivos-grande-300x200.jpg\" alt=\"antidepressivos - grande\" width=\"285\" height=\"190\" srcset=\"https:\/\/miltonmarchioli.com.br\/blog\/wp-content\/uploads\/antidepressivos-grande-300x200.jpg 300w, https:\/\/miltonmarchioli.com.br\/blog\/wp-content\/uploads\/antidepressivos-grande.jpg 1024w\" sizes=\"auto, (max-width: 285px) 100vw, 285px\" \/><\/a><a href=\"https:\/\/miltonmarchioli.com.br\/blog\/wp-content\/uploads\/Mecanismo-de-a\u00e7\u00e3o-antidepressivos-.ppt\">Semin\u00e1rio apresentado com drogas antidepressivas pelos alunos Rodrigo C\u00e2ndido Resende e Thamires\u00a0 Baldo Cordeiro \u00a0do 4\u00ba ano do curso de medicina da Famema- Ambulat\u00f3rio de Cefaleia &#8211; disciplinas de Neurologia e Educa\u00e7\u00e3o em Ci\u00eancias da Sa\u00fade.<\/a><\/p>\n<p>A depress\u00e3o \u00e9 uma doen\u00e7a extremamente prevalente na popula\u00e7\u00e3o brasileira, e o conhecimento dos mecanismos de a\u00e7\u00e3o dos antidepressivos possibilita melhor resultado no tratamento da Depress\u00e3o, da Cefaleia Tensional e da Enxaqueca, j\u00e1 que nessas duas \u00faltimas condi\u00e7\u00f5es, \u00a0tamb\u00e9m podem ser utilizados.<\/p>\n<p>Os efeitos colaterais surgem com\u00a0 a utiliza\u00e7\u00e3o dos mesmos, mas devem ser do conhecimento dos profissionais de sa\u00fade.<\/p>\n<p>O advento de medicamentos antidepressivos tornou o tratamento das cefaleias um problema m\u00e9dico, pass\u00edvel de tratamento.<\/p>\n<p>Nas \u00faltimas cinco d\u00e9cadas, a psicofarmacologia dos antidepressivos evoluiu muito e rapidamente. Os primeiros antidepressivos \u2013 os antidepressivos tric\u00edclicos (ADTs) e os inibidores da monaminooxidase (IMAOs) \u2013 foram descobertos atrav\u00e9s da observa\u00e7\u00e3o cl\u00ednica.<\/p>\n<p>Os ADTs apresentavam boa efic\u00e1cia devido \u00e0 sua a\u00e7\u00e3o, aumentando a disponibilidade de norepinefrina e serotonina.<\/p>\n<p>Seu uso foi limitado em fun\u00e7\u00e3o do bloqueio de receptores de histamina, colin\u00e9rgicos e alfa-adren\u00e9rgicos que acarretavam efeitos colaterais levando \u00e0 baixa tolerabilidade e risco de toxicidade.<\/p>\n<p>Da mesma forma, o uso dos IMAOs ficava comprometido em fun\u00e7\u00e3o do risco da intera\u00e7\u00e3o com tiramina e o risco de crises hipertensivas potencialmente fatais.<\/p>\n<p>A nova gera\u00e7\u00e3o de antidepressivos \u00e9 constitu\u00edda por medicamentos que agem em um \u00fanico neurotransmissor (como os inibidores seletivos de recapta\u00e7\u00e3o de serotonina)\u00a0 ou em dois neurotransmissores (serotonina e noradrenalina) ou (dopamina e noradrenalina).<\/p>\n<p>O ambulat\u00f3rio de Cefaleia ocorre nas depend\u00eancias do Ambulat\u00f3rio Mario Covas, e atende todos os usu\u00e1rio do SUS\u00a0 encaminhados do Departamento Regional de Sa\u00fade IX do Estado de S\u00e3o Paulo.<\/p>\n<p>Lutemos por uma Sa\u00fade P\u00fablica com qualidade !<\/p>\n<p><img loading=\"lazy\" decoding=\"async\" class=\"aligncenter size-full wp-image-11843\" src=\"https:\/\/miltonmarchioli.com.br\/blog\/wp-content\/uploads\/depress\u00e3o.jpg\" alt=\"depress\u00e3o\" width=\"810\" height=\"455\" srcset=\"https:\/\/miltonmarchioli.com.br\/blog\/wp-content\/uploads\/depress\u00e3o.jpg 810w, https:\/\/miltonmarchioli.com.br\/blog\/wp-content\/uploads\/depress\u00e3o-300x169.jpg 300w, https:\/\/miltonmarchioli.com.br\/blog\/wp-content\/uploads\/depress\u00e3o-768x431.jpg 768w\" sizes=\"auto, (max-width: 810px) 100vw, 810px\" \/><\/p>\n","protected":false},"excerpt":{"rendered":"<p>Semin\u00e1rio apresentado com drogas antidepressivas pelos alunos Rodrigo C\u00e2ndido Resende e Thamires\u00a0 Baldo Cordeiro \u00a0do 4\u00ba ano do curso de medicina da Famema- Ambulat\u00f3rio de Cefaleia &#8211; disciplinas de Neurologia e Educa\u00e7\u00e3o em Ci\u00eancias da Sa\u00fade. A depress\u00e3o \u00e9 uma doen\u00e7a extremamente prevalente na popula\u00e7\u00e3o brasileira, e o conhecimento dos mecanismos de a\u00e7\u00e3o dos antidepressivos &hellip; <a href=\"https:\/\/miltonmarchioli.com.br\/blog\/mecanismo-de-acao-dos-antidepressivos-seminario-curso-de-medicina-da-famema\/\" class=\"more-link\">Continue lendo <span class=\"screen-reader-text\">Mecanismo de a\u00e7\u00e3o dos antidepressivos. Semin\u00e1rio. Curso de Medicina da Famema<\/span> <span class=\"meta-nav\">&rarr;<\/span><\/a><\/p>\n","protected":false},"author":2,"featured_media":0,"comment_status":"open","ping_status":"open","sticky":false,"template":"","format":"standard","meta":{"rop_custom_images_group":[],"rop_custom_messages_group":[],"rop_publish_now":"initial","rop_publish_now_accounts":[],"rop_publish_now_history":[],"rop_publish_now_status":"pending","footnotes":""},"categories":[332,4,13,9],"tags":[591],"class_list":["post-502","post","type-post","status-publish","format-standard","hentry","category-educacao","category-neurologia","category-opiniao","category-saude-publica","tag-ambulatorio-cefaleia-ambulatorio-mario-covas-famema"],"_links":{"self":[{"href":"https:\/\/miltonmarchioli.com.br\/blog\/wp-json\/wp\/v2\/posts\/502","targetHints":{"allow":["GET"]}}],"collection":[{"href":"https:\/\/miltonmarchioli.com.br\/blog\/wp-json\/wp\/v2\/posts"}],"about":[{"href":"https:\/\/miltonmarchioli.com.br\/blog\/wp-json\/wp\/v2\/types\/post"}],"author":[{"embeddable":true,"href":"https:\/\/miltonmarchioli.com.br\/blog\/wp-json\/wp\/v2\/users\/2"}],"replies":[{"embeddable":true,"href":"https:\/\/miltonmarchioli.com.br\/blog\/wp-json\/wp\/v2\/comments?post=502"}],"version-history":[{"count":22,"href":"https:\/\/miltonmarchioli.com.br\/blog\/wp-json\/wp\/v2\/posts\/502\/revisions"}],"predecessor-version":[{"id":13477,"href":"https:\/\/miltonmarchioli.com.br\/blog\/wp-json\/wp\/v2\/posts\/502\/revisions\/13477"}],"wp:attachment":[{"href":"https:\/\/miltonmarchioli.com.br\/blog\/wp-json\/wp\/v2\/media?parent=502"}],"wp:term":[{"taxonomy":"category","embeddable":true,"href":"https:\/\/miltonmarchioli.com.br\/blog\/wp-json\/wp\/v2\/categories?post=502"},{"taxonomy":"post_tag","embeddable":true,"href":"https:\/\/miltonmarchioli.com.br\/blog\/wp-json\/wp\/v2\/tags?post=502"}],"curies":[{"name":"wp","href":"https:\/\/api.w.org\/{rel}","templated":true}]}}