{"id":5035,"date":"2013-05-24T23:19:29","date_gmt":"2013-05-25T02:19:29","guid":{"rendered":"http:\/\/miltonmarchioli.com.br\/blog\/?p=5035"},"modified":"2022-01-16T11:38:04","modified_gmt":"2022-01-16T14:38:04","slug":"nova-crise-no-modelo-pedagogico-no-pbl-da-famema-em-2013","status":"publish","type":"post","link":"https:\/\/miltonmarchioli.com.br\/blog\/nova-crise-no-modelo-pedagogico-no-pbl-da-famema-em-2013\/","title":{"rendered":"Nova crise no modelo pedag\u00f3gico no PBL da Famema em 2013 !"},"content":{"rendered":"<p><a href=\"https:\/\/miltonmarchioli.com.br\/blog\/wp-content\/uploads\/DSC01138.jpg\"><img loading=\"lazy\" decoding=\"async\" class=\"alignleft wp-image-5037\" title=\"DSC01138\" src=\"https:\/\/miltonmarchioli.com.br\/blog\/wp-content\/uploads\/DSC01138-300x168.jpg\" alt=\"\" width=\"248\" height=\"139\" srcset=\"https:\/\/miltonmarchioli.com.br\/blog\/wp-content\/uploads\/DSC01138-300x168.jpg 300w, https:\/\/miltonmarchioli.com.br\/blog\/wp-content\/uploads\/DSC01138-1024x576.jpg 1024w, https:\/\/miltonmarchioli.com.br\/blog\/wp-content\/uploads\/DSC01138.jpg 1920w\" sizes=\"auto, (max-width: 248px) 100vw, 248px\" \/><\/a>No dia 23 de maio de 2013, a pra\u00e7a defronte ao Pr\u00e9dio\u00a0 Carmelo da Famema, onde funciona a Dire\u00e7\u00e3o Geral da Faculdade de Medicina de Mar\u00edlia, ficou repleta de alunos do curso de medicina.<\/p>\n<p>O motivo ?<\/p>\n<p>Nova crise do modelo pedag\u00f3gico de ensino da Famema &#8211; O\u00a0 PBL (Problem Based Learning) ou ABP\u00a0 (Aprendizagem Baseada em Problemas).<\/p>\n<p>Uma crise que se iniciou em 2011, e houve promessa da antiga dire\u00e7\u00e3o da faculdade de atender as solicita\u00e7\u00f5es dos alunos.<\/p>\n<p>Houve um armist\u00edcio de dois anos, mas com o descumprimento do pacto, segundo alunos disseram em protesto na pra\u00e7a do Carmelo, a solu\u00e7\u00e3o encontrada foi um novo movimento com cartazes, nariz de palha\u00e7o, e esfihas (protesto velado pela falta de Refeit\u00f3rio Universit\u00e1rio na Famema).<a href=\"https:\/\/miltonmarchioli.com.br\/blog\/wp-content\/uploads\/DSC01142.jpg\"><img loading=\"lazy\" decoding=\"async\" class=\"alignright size-medium wp-image-5038\" title=\"DSC01142\" src=\"https:\/\/miltonmarchioli.com.br\/blog\/wp-content\/uploads\/DSC01142-300x168.jpg\" alt=\"\" width=\"300\" height=\"168\" srcset=\"https:\/\/miltonmarchioli.com.br\/blog\/wp-content\/uploads\/DSC01142-300x168.jpg 300w, https:\/\/miltonmarchioli.com.br\/blog\/wp-content\/uploads\/DSC01142-1024x576.jpg 1024w, https:\/\/miltonmarchioli.com.br\/blog\/wp-content\/uploads\/DSC01142.jpg 1920w\" sizes=\"auto, (max-width: 300px) 100vw, 300px\" \/><\/a><\/p>\n<p>Os cartazes dispostos na pra\u00e7a do Carmelo pleiteavam uma s\u00e9rie de quest\u00f5es n\u00e3o supridas e prometidas pela antiga Diretoria Geral da Famema desde 2011:<\/p>\n<p>1- Mais contrata\u00e7\u00f5es de professores nas cadeiras b\u00e1sicas.<\/p>\n<p>2- Mais professores de antropologia, pedagogia, sociologia, economia, direito e filosofia.<\/p>\n<p>3- Cria\u00e7\u00e3o e atividades pr\u00e1ticas nos Laborat\u00f3rios de Anatomia, Histologia, Fisiologia, Patologia, Microbiologia, Farmacologia etc.<\/p>\n<p>Os alunos prometem uma nova assembleia na pr\u00f3xima segunda-feira, e com indicativo de greve.<\/p>\n<p><a href=\"https:\/\/miltonmarchioli.com.br\/blog\/wp-content\/uploads\/DSC01121.jpg\"><img loading=\"lazy\" decoding=\"async\" class=\"alignleft size-medium wp-image-5041\" title=\"DSC01121\" src=\"https:\/\/miltonmarchioli.com.br\/blog\/wp-content\/uploads\/DSC01121-300x168.jpg\" alt=\"\" width=\"300\" height=\"168\" srcset=\"https:\/\/miltonmarchioli.com.br\/blog\/wp-content\/uploads\/DSC01121-300x168.jpg 300w, https:\/\/miltonmarchioli.com.br\/blog\/wp-content\/uploads\/DSC01121-1024x576.jpg 1024w, https:\/\/miltonmarchioli.com.br\/blog\/wp-content\/uploads\/DSC01121.jpg 1920w\" sizes=\"auto, (max-width: 300px) 100vw, 300px\" \/><\/a>O diret\u00f3rio da Unesp apoiou o DACA &#8211; Diret\u00f3rio Acad\u00eamico Christiano Altenfelder.<\/p>\n<p>Os alunos querem a contra\u00e7\u00e3o de professores, laborat\u00f3rios abertos e em funcionamento, Refeit\u00f3rio Universit\u00e1rio, e contrata\u00e7\u00e3o de docentes para supervisionar alunos do internato no Pronto-Socorro no Hospital das Cl\u00ednicas de Mar\u00edlia, e nas atividades te\u00f3rico-pr\u00e1ticas na disciplina de Ginecologia e Obstetr\u00edcia.<\/p>\n<p>Enfim, as mesmas reivindica\u00e7\u00f5es de 2011.<\/p>\n<p>Os cartazes s\u00e3o autoexplicativos.<\/p>\n<p>A Coordenadoria do Curso de Medicina precisa repensar o PBL da Famema.<\/p>\n<p>N\u00e3o parece ser a c\u00f3pia fiel\u00a0 modelo pedag\u00f3gico do PBL McMaster.<\/p>\n<p>O padr\u00e3o PBL com excel\u00eancia no ensino.<a href=\"https:\/\/miltonmarchioli.com.br\/blog\/wp-content\/uploads\/DSC01126.jpg\"><img loading=\"lazy\" decoding=\"async\" class=\"alignright size-medium wp-image-5042\" title=\"DSC01126\" src=\"https:\/\/miltonmarchioli.com.br\/blog\/wp-content\/uploads\/DSC01126-300x168.jpg\" alt=\"\" width=\"300\" height=\"168\" srcset=\"https:\/\/miltonmarchioli.com.br\/blog\/wp-content\/uploads\/DSC01126-300x168.jpg 300w, https:\/\/miltonmarchioli.com.br\/blog\/wp-content\/uploads\/DSC01126-1024x576.jpg 1024w, https:\/\/miltonmarchioli.com.br\/blog\/wp-content\/uploads\/DSC01126.jpg 1920w\" sizes=\"auto, (max-width: 300px) 100vw, 300px\" \/><\/a><\/p>\n<p>O PBL da Famema n\u00e3o tem agradado a alunos e muitos docentes.<\/p>\n<p>N\u00e3o seria a hora de repensarmos nosso ensino, e buscarmos a excel\u00eancia no ensino.<\/p>\n<p>H\u00e1 infraestrutura para se ter o PBL em faculdade sem salas de docentes e sem laborat\u00f3rios abertos ?<\/p>\n<p>Sem refeit\u00f3rio para alunos ?<\/p>\n<p>Sem aumento salarial de\u00a0 servidores desde 2011.<\/p>\n<p><a href=\"https:\/\/miltonmarchioli.com.br\/blog\/wp-content\/uploads\/DSC01146.jpg\"><img loading=\"lazy\" decoding=\"async\" class=\"alignleft size-medium wp-image-5043\" title=\"DSC01146\" src=\"https:\/\/miltonmarchioli.com.br\/blog\/wp-content\/uploads\/DSC01146-300x168.jpg\" alt=\"\" width=\"300\" height=\"168\" srcset=\"https:\/\/miltonmarchioli.com.br\/blog\/wp-content\/uploads\/DSC01146-300x168.jpg 300w, https:\/\/miltonmarchioli.com.br\/blog\/wp-content\/uploads\/DSC01146-1024x576.jpg 1024w, https:\/\/miltonmarchioli.com.br\/blog\/wp-content\/uploads\/DSC01146.jpg 1920w\" sizes=\"auto, (max-width: 300px) 100vw, 300px\" \/><\/a>Sem motiva\u00e7\u00e3o !<\/p>\n<p>H\u00e1 necessidade de se repensar o ensino.<\/p>\n<p>H\u00e1 muitos professores qualificados na institui\u00e7\u00e3o.<\/p>\n<p>Precisam ser convidados pela institui\u00e7\u00e3o \u00e0 doc\u00eancia, e assim podem colaborar com sua experi\u00eancia.<\/p>\n<p>H\u00e1 um abismo colossal entre o que se deve ser, e o que est\u00e1 posto.<\/p>\n<p>\u00c9 fato.<\/p>\n<p>As fotos valem mil palavras !<\/p>\n<p>O movimento se arrasta desde 2011, e parece ser agora mais intenso.<\/p>\n<p>Os docentes devem apoiar o movimento dos alunos..<a href=\"https:\/\/miltonmarchioli.com.br\/blog\/wp-content\/uploads\/DSC01118.jpg\"><img loading=\"lazy\" decoding=\"async\" class=\"alignright size-medium wp-image-5065\" title=\"DSC01118\" src=\"https:\/\/miltonmarchioli.com.br\/blog\/wp-content\/uploads\/DSC01118-300x168.jpg\" alt=\"\" width=\"300\" height=\"168\" srcset=\"https:\/\/miltonmarchioli.com.br\/blog\/wp-content\/uploads\/DSC01118-300x168.jpg 300w, https:\/\/miltonmarchioli.com.br\/blog\/wp-content\/uploads\/DSC01118-1024x576.jpg 1024w, https:\/\/miltonmarchioli.com.br\/blog\/wp-content\/uploads\/DSC01118.jpg 1920w\" sizes=\"auto, (max-width: 300px) 100vw, 300px\" \/><\/a><\/p>\n<p>H\u00e1 necessidade de di\u00e1logo entre docentes e alunos para um resultado\u00a0 feliz.<\/p>\n<p>Quando ?<\/p>\n<p>Tenho certeza que alunos e professores podem construir a Famema de nossos ideais.<\/p>\n<p>Famema dos nossos sonhos !<\/p>\n<p>Basta o di\u00e1logo franco e maduro.<\/p>\n<p>Sem falsas promessas&#8230;<\/p>\n<p>Sem hipocrisia.<\/p>\n<p><a href=\"https:\/\/miltonmarchioli.com.br\/blog\/wp-content\/uploads\/DSC01109.jpg\"><img loading=\"lazy\" decoding=\"async\" class=\"alignleft size-medium wp-image-5047\" title=\"DSC01109\" src=\"https:\/\/miltonmarchioli.com.br\/blog\/wp-content\/uploads\/DSC01109-300x168.jpg\" alt=\"\" width=\"300\" height=\"168\" srcset=\"https:\/\/miltonmarchioli.com.br\/blog\/wp-content\/uploads\/DSC01109-300x168.jpg 300w, https:\/\/miltonmarchioli.com.br\/blog\/wp-content\/uploads\/DSC01109-1024x576.jpg 1024w, https:\/\/miltonmarchioli.com.br\/blog\/wp-content\/uploads\/DSC01109.jpg 1920w\" sizes=\"auto, (max-width: 300px) 100vw, 300px\" \/><\/a>Uma faculdade estadualizada em 1994 n\u00e3o pode estar assim..<\/p>\n<p>19 anos de estadualiza\u00e7\u00e3o.<\/p>\n<p>Um fiasco na infraestrutura !<\/p>\n<p>Sem infraestrutura adequada para o ensino.<\/p>\n<p>Os pr\u00e9dios s\u00e3o todos alugados.<\/p>\n<p>Desejo ardentemente que essas reivindica\u00e7\u00f5es sejam atendidas imediatamente pela Coordenadoria do Curso de Medicina e Coordenadoria do Curso de Enfermagem, e Diretoria de Gradua\u00e7\u00e3o, e isso impediria uma greve iminente.<\/p>\n<p>Gostar\u00edamos de maneira humilde, aos que guiam os passos dessa faculdade, que acolham integralmente as justas reivindica\u00e7\u00f5es dos alunos.<a href=\"https:\/\/miltonmarchioli.com.br\/blog\/wp-content\/uploads\/DSC01117.jpg\"><img loading=\"lazy\" decoding=\"async\" class=\"alignright size-medium wp-image-5048\" title=\"DSC01117\" src=\"https:\/\/miltonmarchioli.com.br\/blog\/wp-content\/uploads\/DSC01117-300x168.jpg\" alt=\"\" width=\"300\" height=\"168\" srcset=\"https:\/\/miltonmarchioli.com.br\/blog\/wp-content\/uploads\/DSC01117-300x168.jpg 300w, https:\/\/miltonmarchioli.com.br\/blog\/wp-content\/uploads\/DSC01117-1024x576.jpg 1024w, https:\/\/miltonmarchioli.com.br\/blog\/wp-content\/uploads\/DSC01117.jpg 1920w\" sizes=\"auto, (max-width: 300px) 100vw, 300px\" \/><\/a><\/p>\n<p>Ser\u00e3o os m\u00e9dicos e enfermeiros atuando no futuro nesse Brasil gigante !<\/p>\n<p>De dimens\u00f5es continentais&#8230;<\/p>\n<p>M\u00e9dicos qualificados.<\/p>\n<p>Enfermeiros qualificados.<\/p>\n<p>Com compet\u00eancia e atendimento humanizado ao paciente.<\/p>\n<p>Clamamos por melhorias na institui\u00e7\u00e3o que nos adotou como aluno e depois como docente.<\/p>\n<p>A greve seria um rem\u00e9dio que poder\u00e1 ser evitado se houver di\u00e1logo.<\/p>\n<p><a href=\"https:\/\/miltonmarchioli.com.br\/blog\/wp-content\/uploads\/DSC01099.jpg\"><img loading=\"lazy\" decoding=\"async\" class=\"alignleft size-medium wp-image-5051\" title=\"DSC01099\" src=\"https:\/\/miltonmarchioli.com.br\/blog\/wp-content\/uploads\/DSC01099-300x168.jpg\" alt=\"\" width=\"300\" height=\"168\" srcset=\"https:\/\/miltonmarchioli.com.br\/blog\/wp-content\/uploads\/DSC01099-300x168.jpg 300w, https:\/\/miltonmarchioli.com.br\/blog\/wp-content\/uploads\/DSC01099-1024x576.jpg 1024w, https:\/\/miltonmarchioli.com.br\/blog\/wp-content\/uploads\/DSC01099.jpg 1920w\" sizes=\"auto, (max-width: 300px) 100vw, 300px\" \/><\/a>Haver\u00e1 o di\u00e1logo ?<\/p>\n<p>Houve uma promessa em 2011, mas foi descumprida.<\/p>\n<p>\u00c9 fato .<\/p>\n<p>As UPP(s) precisam ser rediscutidas.<\/p>\n<p>O conte\u00fado na matriz curricular tamb\u00e9m precisa ser rediscutido.<\/p>\n<p>Defendo o conte\u00fado m\u00ednimo na grade curricular.<\/p>\n<p>Aprender em cen\u00e1rio real sem supervis\u00e3o do docente da institui\u00e7\u00e3o n\u00e3o \u00e9 a melhor alternativa.<\/p>\n<p>O docente tem liberdade para ensinar, como aduz o artigo 206 da Constitui\u00e7\u00e3o Federal, 1988:<\/p>\n<p>Art. 206. O ensino ser\u00e1 ministrado com base nos seguintes princ\u00edpios:<a href=\"https:\/\/miltonmarchioli.com.br\/blog\/wp-content\/uploads\/DSC01108.jpg\"><img loading=\"lazy\" decoding=\"async\" class=\"alignright size-medium wp-image-5052\" title=\"DSC01108\" src=\"https:\/\/miltonmarchioli.com.br\/blog\/wp-content\/uploads\/DSC01108-300x168.jpg\" alt=\"\" width=\"300\" height=\"168\" srcset=\"https:\/\/miltonmarchioli.com.br\/blog\/wp-content\/uploads\/DSC01108-300x168.jpg 300w, https:\/\/miltonmarchioli.com.br\/blog\/wp-content\/uploads\/DSC01108-1024x576.jpg 1024w, https:\/\/miltonmarchioli.com.br\/blog\/wp-content\/uploads\/DSC01108.jpg 1920w\" sizes=\"auto, (max-width: 300px) 100vw, 300px\" \/><\/a><\/p>\n<p>II &#8211; <strong><em>liberdade de aprender, ensinar, pesquisar e divulgar o pensamento, a arte e o saber;<\/em><\/strong><\/p>\n<p>III &#8211;<strong><em> pluralismo de ideias e de concep\u00e7\u00f5es pedag\u00f3gicas<\/em><\/strong>, e coexist\u00eancia de institui\u00e7\u00f5es p\u00fablicas e privadas de ensino;<\/p>\n<p>VI &#8211; <strong><em>gest\u00e3o democr\u00e1tica do ensino p\u00fablico<\/em><\/strong>, na forma da lei;<\/p>\n<p>VII &#8211; <strong><em>garantia de padr\u00e3o de qualidade<\/em><\/strong>;<\/p>\n<p><a href=\"https:\/\/miltonmarchioli.com.br\/blog\/wp-content\/uploads\/DSC01092.jpg\"><img loading=\"lazy\" decoding=\"async\" class=\"alignleft size-medium wp-image-5059\" title=\"DSC01092\" src=\"https:\/\/miltonmarchioli.com.br\/blog\/wp-content\/uploads\/DSC01092-300x168.jpg\" alt=\"\" width=\"300\" height=\"168\" srcset=\"https:\/\/miltonmarchioli.com.br\/blog\/wp-content\/uploads\/DSC01092-300x168.jpg 300w, https:\/\/miltonmarchioli.com.br\/blog\/wp-content\/uploads\/DSC01092-1024x576.jpg 1024w, https:\/\/miltonmarchioli.com.br\/blog\/wp-content\/uploads\/DSC01092.jpg 1920w\" sizes=\"auto, (max-width: 300px) 100vw, 300px\" \/><\/a>Enfim o docente tem liberdade para ensinar !<\/p>\n<p>Ser valorizado.<\/p>\n<p>Lutar pelo respeito \u00e0 profiss\u00e3o de professor.<\/p>\n<p>N\u00e3o ser descompromissado.<\/p>\n<p>N\u00e3o ser o docente licencioso, e se comprometer realmente com os alunos nos cen\u00e1rios de ensino-aprendizagem.<\/p>\n<p>No que diz respeito \u00e0 liberdade de ensinar, o dispositivo constitucional possui a finalidade de garantir o pluralismo de ideias e concep\u00e7\u00f5es no \u00e2mbito do processo de ensino-aprendizagem, em especial o universit\u00e1rio, e tamb\u00e9m busca garantir a autonomia did\u00e1tico-cient\u00edfica dos professores.<\/p>\n<p>Permite, nesse sentido, que os professores manifestem, com rela\u00e7\u00e3o ao conte\u00fado sob sua responsabilidade, suas pr\u00f3prias convic\u00e7\u00f5es e pontos de vista, quando haja v\u00e1rios reconhecidos em cursos da \u00e1rea da sa\u00fade.<a href=\"https:\/\/miltonmarchioli.com.br\/blog\/wp-content\/uploads\/DSC01116.jpg\"><img loading=\"lazy\" decoding=\"async\" class=\"alignright size-medium wp-image-5055\" title=\"DSC01116\" src=\"https:\/\/miltonmarchioli.com.br\/blog\/wp-content\/uploads\/DSC01116-300x168.jpg\" alt=\"\" width=\"300\" height=\"168\" srcset=\"https:\/\/miltonmarchioli.com.br\/blog\/wp-content\/uploads\/DSC01116-300x168.jpg 300w, https:\/\/miltonmarchioli.com.br\/blog\/wp-content\/uploads\/DSC01116-1024x576.jpg 1024w, https:\/\/miltonmarchioli.com.br\/blog\/wp-content\/uploads\/DSC01116.jpg 1920w\" sizes=\"auto, (max-width: 300px) 100vw, 300px\" \/><\/a><\/p>\n<p>Mas \u00e9 importante notar que ao lado da liberdade de ensinar est\u00e1, em patamar de igualdade, a igualdade de aprender, liberdade que pertence, na rela\u00e7\u00e3o pedag\u00f3gica, ao outro polo do processo de ensino-aprendizagem.<\/p>\n<p>Portanto, se de um lado a liberdade de ensinar autoriza o professor a expor suas pr\u00f3prias convic\u00e7\u00f5es e pontos de vista, a liberdade de aprender dos alunos imp\u00f5e ao professor que tamb\u00e9m exponha as demais posi\u00e7\u00f5es e teorias sobre o conte\u00fado espec\u00edfico, bem como seus fundamentos.<\/p>\n<p>Deve-se discutir conte\u00fados na\u00a0 matriz curricular !<\/p>\n<p><a href=\"https:\/\/miltonmarchioli.com.br\/blog\/wp-content\/uploads\/DSC01135.jpg\"><img loading=\"lazy\" decoding=\"async\" class=\"alignleft size-medium wp-image-5056\" title=\"DSC01135\" src=\"https:\/\/miltonmarchioli.com.br\/blog\/wp-content\/uploads\/DSC01135-300x168.jpg\" alt=\"\" width=\"300\" height=\"168\" srcset=\"https:\/\/miltonmarchioli.com.br\/blog\/wp-content\/uploads\/DSC01135-300x168.jpg 300w, https:\/\/miltonmarchioli.com.br\/blog\/wp-content\/uploads\/DSC01135-1024x576.jpg 1024w, https:\/\/miltonmarchioli.com.br\/blog\/wp-content\/uploads\/DSC01135.jpg 1920w\" sizes=\"auto, (max-width: 300px) 100vw, 300px\" \/><\/a>Imp\u00f5e-se tamb\u00e9m que, sendo te\u00f3rica e cientificamente aceitas, as demais teorias e posi\u00e7\u00f5es possam ser adotadas pelos alunos em detrimento da por ele esposada \u2013 do mesmo artigo da Constitui\u00e7\u00e3o consta expressamente como princ\u00edpio para que o ensino seja ministrado, o pluralismo de ideias.<\/p>\n<p>De outro lado, a liberdade de ensinar autoriza o professor a utilizar m\u00e9todos, metodologias, estrat\u00e9gias e instrumentos a sua escolha, dentre aqueles legalmente e pedagogicamente autorizados e reconhecidos (\u00e9 o pluralismo de concep\u00e7\u00f5es pedag\u00f3gicas presente no bojo do artigo 206 da Constitui\u00e7\u00e3o, supratranscrito).<\/p>\n<p>Nesse contexto, al\u00e9m das escolhas mais propriamente ligadas \u00e0 did\u00e1tica \u2013 tipo de aula e de atividades, recursos tecnol\u00f3gicos, etc. , est\u00e1 tamb\u00e9m inclu\u00edda a liberdade de escolha de textos, desde que contenham o conte\u00fado a ser ministrado e, no seu conjunto, permitam o acesso ao pluralismo de ideias presente no campo espec\u00edfico do conhecimento.<a href=\"https:\/\/miltonmarchioli.com.br\/blog\/wp-content\/uploads\/DSC01133.jpg\"><img loading=\"lazy\" decoding=\"async\" class=\"alignright size-medium wp-image-5057\" title=\"DSC01133\" src=\"https:\/\/miltonmarchioli.com.br\/blog\/wp-content\/uploads\/DSC01133-300x168.jpg\" alt=\"\" width=\"300\" height=\"168\" srcset=\"https:\/\/miltonmarchioli.com.br\/blog\/wp-content\/uploads\/DSC01133-300x168.jpg 300w, https:\/\/miltonmarchioli.com.br\/blog\/wp-content\/uploads\/DSC01133-1024x576.jpg 1024w, https:\/\/miltonmarchioli.com.br\/blog\/wp-content\/uploads\/DSC01133.jpg 1920w\" sizes=\"auto, (max-width: 300px) 100vw, 300px\" \/><\/a><\/p>\n<p>A liberdade de ensinar \u00e9 uma garantia constitucional, de duplo direcionamento:<\/p>\n<p>a)\u00a0\u00a0\u00a0\u00a0 garante a liberdade de ensinar \u00e0s institui\u00e7\u00f5es de ensino, que cumpridas as normas gerais da educa\u00e7\u00e3o e as diretrizes curriculares, podem livremente construir seus projetos pedag\u00f3gicos;<\/p>\n<p>b)\u00a0\u00a0\u00a0 garante a liberdade de ensinar do professor, que no \u00e2mbito do conte\u00fado da disciplina que est\u00e1 sob sua responsabilidade,\u00a0 mesmo no contexto de um projeto pedag\u00f3gico espec\u00edfico, mant\u00e9m o espa\u00e7o de manifesta\u00e7\u00e3o das suas posi\u00e7\u00f5es e convic\u00e7\u00f5es, devendo entretanto, em respeito ao direito \u00e0 educa\u00e7\u00e3o, \u00e0 liberdade de aprender do aluno e ao pluralismo de ideias, tamb\u00e9m propiciar aos discentes o acesso \u00e0s demais posi\u00e7\u00f5es e teorias aceitas pela respectiva \u00e1rea do conhecimento (e no caso dos professores de medicina); no \u00e2mbito did\u00e1tico-pedag\u00f3gico, mant\u00e9m autonomia de escolha, respeitada a necess\u00e1ria adequa\u00e7\u00e3o entre meio e fim.<\/p>\n<p><a href=\"https:\/\/miltonmarchioli.com.br\/blog\/wp-content\/uploads\/DSC01113.jpg\"><img loading=\"lazy\" decoding=\"async\" class=\"alignleft size-medium wp-image-5058\" title=\"DSC01113\" src=\"https:\/\/miltonmarchioli.com.br\/blog\/wp-content\/uploads\/DSC01113-300x168.jpg\" alt=\"\" width=\"300\" height=\"168\" srcset=\"https:\/\/miltonmarchioli.com.br\/blog\/wp-content\/uploads\/DSC01113-300x168.jpg 300w, https:\/\/miltonmarchioli.com.br\/blog\/wp-content\/uploads\/DSC01113-1024x576.jpg 1024w, https:\/\/miltonmarchioli.com.br\/blog\/wp-content\/uploads\/DSC01113.jpg 1920w\" sizes=\"auto, (max-width: 300px) 100vw, 300px\" \/><\/a>A Lei n\u00ba 9.394\/1996 (Lei de Diretrizes e Bases de Educa\u00e7\u00e3o), em seu artigo 3\u00ba, reafirma essas liberdades garantidas pela Constitui\u00e7\u00e3o, e mesmo as amplia:<\/p>\n<p>Art. 3\u00ba O ensino ser\u00e1 ministrado com base nos seguintes princ\u00edpios: [&#8230;];<\/p>\n<p>II &#8211; liberdade de aprender, ensinar, pesquisar e divulgar a cultura, o pensamento, a arte e o saber;<\/p>\n<p>III &#8211; pluralismo de ideias e de concep\u00e7\u00f5es pedag\u00f3gicas;<\/p>\n<p>IV &#8211; respeito \u00e0 liberdade e apre\u00e7o \u00e0 toler\u00e2ncia;[&#8230;]<\/p>\n<p>Se as liberdades de ensinar e de aprender fossem absolutas, uma anularia a outra.<\/p>\n<p>Como princ\u00edpios constitucionais \u00e9 necess\u00e1rio buscar a sua harmoniza\u00e7\u00e3o, atribuindo-lhes interpreta\u00e7\u00f5es que mantenham ambos, e lutar para que o direito \u00e0 educa\u00e7\u00e3o, ocorra de forma efetiva, plural e atingindo seus objetivos no campo da forma\u00e7\u00e3o do aluno.<a href=\"https:\/\/miltonmarchioli.com.br\/blog\/wp-content\/uploads\/DSC011401.jpg\"><img loading=\"lazy\" decoding=\"async\" class=\"alignright size-medium wp-image-5068\" title=\"DSC01140\" src=\"https:\/\/miltonmarchioli.com.br\/blog\/wp-content\/uploads\/DSC011401-300x168.jpg\" alt=\"\" width=\"300\" height=\"168\" srcset=\"https:\/\/miltonmarchioli.com.br\/blog\/wp-content\/uploads\/DSC011401-300x168.jpg 300w, https:\/\/miltonmarchioli.com.br\/blog\/wp-content\/uploads\/DSC011401-1024x576.jpg 1024w, https:\/\/miltonmarchioli.com.br\/blog\/wp-content\/uploads\/DSC011401.jpg 1920w\" sizes=\"auto, (max-width: 300px) 100vw, 300px\" \/><\/a><\/p>\n<p>Em conclus\u00e3o pode-se afirmar que a liberdade de ensinar aparece no texto constitucional como liberdade institucional e como liberdade docente.<\/p>\n<p>Em ambos os casos \u00e9 limitada e contextual, ou seja, condicionada por um conjunto de outros princ\u00edpios e garantias constitucionais, e pela estrutura do sistema educacional brasileiro.<\/p>\n<p>Mas em ambos os casos ela \u00e9 suficiente para garantir o pluralismo de ideias e abordagens pedag\u00f3gicas e de express\u00e3o de posi\u00e7\u00f5es e de convic\u00e7\u00f5es, mantendo assim a sua finalidade.<\/p>\n<p>Ao mesmo tempo, os limites que lhe s\u00e3o impostos impedem que de liberdade se transforme em arbitrariedade.<\/p>\n<p>Jornais da Cidade\u00a0 de Mar\u00edlia publicam em seus peri\u00f3dicos on-line:<\/p>\n<p><a href=\"https:\/\/www.youtube.com\/watch?feature=player_embedded&amp;v=zt3ESRVOGW8#!\">Os alunos do curso de medicina da Famema divulgaram em v\u00eddeo as reclama\u00e7\u00f5es desse movimento de\u00a0 2013.<\/a><\/p>\n<div style=\"text-align: left;\"><a href=\"https:\/\/miltonmarchioli.com.br\/blog\/wp-content\/uploads\/DSC01143.jpg\"><img loading=\"lazy\" decoding=\"async\" class=\"aligncenter wp-image-5061\" title=\"DSC01143\" src=\"https:\/\/miltonmarchioli.com.br\/blog\/wp-content\/uploads\/DSC01143-1024x576.jpg\" alt=\"\" width=\"655\" height=\"393\" \/><\/a> &#8220;S\u00f3 se pode alcan\u00e7ar um grande \u00eaxito quando nos mantemos fi\u00e9is a n\u00f3s mesmos&#8221;.<\/div>\n<p style=\"text-align: center;\">Friedrich Nietzche<\/p>\n","protected":false},"excerpt":{"rendered":"<p>No dia 23 de maio de 2013, a pra\u00e7a defronte ao Pr\u00e9dio\u00a0 Carmelo da Famema, onde funciona a Dire\u00e7\u00e3o Geral da Faculdade de Medicina de Mar\u00edlia, ficou repleta de alunos do curso de medicina. O motivo ? Nova crise do modelo pedag\u00f3gico de ensino da Famema &#8211; O\u00a0 PBL (Problem Based Learning) ou ABP\u00a0 (Aprendizagem &hellip; <a href=\"https:\/\/miltonmarchioli.com.br\/blog\/nova-crise-no-modelo-pedagogico-no-pbl-da-famema-em-2013\/\" class=\"more-link\">Continue lendo <span class=\"screen-reader-text\">Nova crise no modelo pedag\u00f3gico no PBL da Famema em 2013 !<\/span> <span class=\"meta-nav\">&rarr;<\/span><\/a><\/p>\n","protected":false},"author":2,"featured_media":0,"comment_status":"open","ping_status":"open","sticky":false,"template":"","format":"standard","meta":{"rop_custom_images_group":[],"rop_custom_messages_group":[],"rop_publish_now":"initial","rop_publish_now_accounts":[],"rop_publish_now_history":[],"rop_publish_now_status":"pending","footnotes":""},"categories":[18,8,332,13,9],"tags":[340,101],"class_list":["post-5035","post","type-post","status-publish","format-standard","hentry","category-direito","category-direito-e-saude","category-educacao","category-opiniao","category-saude-publica","tag-crise-institucional-famema-2013","tag-pbl-famema"],"_links":{"self":[{"href":"https:\/\/miltonmarchioli.com.br\/blog\/wp-json\/wp\/v2\/posts\/5035","targetHints":{"allow":["GET"]}}],"collection":[{"href":"https:\/\/miltonmarchioli.com.br\/blog\/wp-json\/wp\/v2\/posts"}],"about":[{"href":"https:\/\/miltonmarchioli.com.br\/blog\/wp-json\/wp\/v2\/types\/post"}],"author":[{"embeddable":true,"href":"https:\/\/miltonmarchioli.com.br\/blog\/wp-json\/wp\/v2\/users\/2"}],"replies":[{"embeddable":true,"href":"https:\/\/miltonmarchioli.com.br\/blog\/wp-json\/wp\/v2\/comments?post=5035"}],"version-history":[{"count":38,"href":"https:\/\/miltonmarchioli.com.br\/blog\/wp-json\/wp\/v2\/posts\/5035\/revisions"}],"predecessor-version":[{"id":13669,"href":"https:\/\/miltonmarchioli.com.br\/blog\/wp-json\/wp\/v2\/posts\/5035\/revisions\/13669"}],"wp:attachment":[{"href":"https:\/\/miltonmarchioli.com.br\/blog\/wp-json\/wp\/v2\/media?parent=5035"}],"wp:term":[{"taxonomy":"category","embeddable":true,"href":"https:\/\/miltonmarchioli.com.br\/blog\/wp-json\/wp\/v2\/categories?post=5035"},{"taxonomy":"post_tag","embeddable":true,"href":"https:\/\/miltonmarchioli.com.br\/blog\/wp-json\/wp\/v2\/tags?post=5035"}],"curies":[{"name":"wp","href":"https:\/\/api.w.org\/{rel}","templated":true}]}}