{"id":515,"date":"2011-06-07T21:54:37","date_gmt":"2011-06-07T21:54:37","guid":{"rendered":"http:\/\/miltonmarchioli.com.br\/blog\/?p=515"},"modified":"2022-01-02T11:38:04","modified_gmt":"2022-01-02T14:38:04","slug":"semiologia-neurologica-seminario-curso-de-medicina-da-famema","status":"publish","type":"post","link":"https:\/\/miltonmarchioli.com.br\/blog\/semiologia-neurologica-seminario-curso-de-medicina-da-famema\/","title":{"rendered":"Semiologia Neurol\u00f3gica. Semin\u00e1rio. Curso de Medicina da Famema"},"content":{"rendered":"<p><a href=\"https:\/\/miltonmarchioli.com.br\/blog\/wp-content\/uploads\/martelo-azul.jpg\"><img loading=\"lazy\" decoding=\"async\" class=\"alignleft wp-image-10178\" src=\"https:\/\/miltonmarchioli.com.br\/blog\/wp-content\/uploads\/martelo-azul-300x225.jpg\" alt=\"martelo azul\" width=\"256\" height=\"192\" srcset=\"https:\/\/miltonmarchioli.com.br\/blog\/wp-content\/uploads\/martelo-azul-300x225.jpg 300w, https:\/\/miltonmarchioli.com.br\/blog\/wp-content\/uploads\/martelo-azul.jpg 1000w\" sizes=\"auto, (max-width: 256px) 100vw, 256px\" \/><\/a><a href=\"https:\/\/miltonmarchioli.com.br\/blog\/wp-content\/uploads\/SEMIOLOGIA-NEUROLOGICA-WERNER-GARCIA-DE-SOUZA.ppt\">Exame Neurol\u00f3gico<\/a> apresentado pelo Dr. Werner Garcia de Souza, Residente da disciplina de Neurologia da Faculdade de Medicina de Mar\u00edlia- Famema- em 2011.<\/p>\n<p>Importante dizer aos alunos do curso de medicina, que sem conhecimento de neuroanatomia, e sem estudo das patologias das doen\u00e7as neurol\u00f3gicas, \u00e9 imposs\u00edvel se aprender semiologia neurol\u00f3gica.<\/p>\n<p>Sem conhecer semiologia neurol\u00f3gica, imposs\u00edvel aprender doen\u00e7as cl\u00ednicas neurol\u00f3gicas.<\/p>\n<p>Ainda vale dizer que sem aulas de neuroanatomia e histologia do sistema nervoso central e perif\u00e9rico em pe\u00e7as de estudo e l\u00e2minas , e n\u00e3o apenas figuras de livros, \u00e9 ir contra o bom senso da aprendizagem significativa.<\/p>\n<p>Para quem gosta do &#8220;PBL made in Famema&#8221;\u00a0 deve ser uma miss\u00e3o imposs\u00edvel aprender semiologia sem passar pela histologia e anatomia anteriormente.<\/p>\n<p>E sem aprender neuroanatomia, ser\u00e1 imposs\u00edvel se aprender tomografia e resson\u00e2ncia de cr\u00e2nio<\/p>\n<p>O Exame Neurol\u00f3gico deve ser procedido assim:<\/p>\n<p><strong>Anamnese<\/strong><\/p>\n<ul>\n<li>Idade, cor, sexo, naturalidade, profiss\u00e3o.<\/li>\n<\/ul>\n<ul>\n<li>Queixa Principal: usar as palavras do paciente.<\/li>\n<\/ul>\n<ul>\n<li>Hist\u00f3ria da doen\u00e7a atual: in\u00edcio e modo de instala\u00e7\u00e3o. Dirigir a hist\u00f3ria quanto \u00e0 evolu\u00e7\u00e3o (lenta em doen\u00e7as musculares progressivas, progressiva em tumores e doen\u00e7as degenerativas, surtos em esclerose m\u00faltipla, parox\u00edstica em epilepsia,\u00a0 e enxaqueca) ; sono, perdas de consci\u00eancia, etc.<\/li>\n<\/ul>\n<ul>\n<li>Hist\u00f3ria f\u00edsica : gesta\u00e7\u00e3o, parto e desenvolvimento psicomotor.<\/li>\n<\/ul>\n<ul>\n<li>Hist\u00f3ria da patologia pregressa: acidentes e traumatismos, cirurgias, parasitoses, alergias, doen\u00e7as ven\u00e9reas, etc.<\/li>\n<\/ul>\n<ul>\n<li>Hist\u00f3ria pessoal: habita\u00e7\u00e3o e alimenta\u00e7\u00e3o (avitaminoses, neuropatias carenciais) v\u00edcios, trabalho e condi\u00e7\u00f5es emocionais.<\/li>\n<\/ul>\n<ul>\n<li>Antecedentes familiares: patologias heredit\u00e1rias como esclerose tuberosa, Degenera\u00e7\u00e3o Muscular Progressiva, Huntington, Doen\u00e7a de Wilson,\u00a0 etc.<\/li>\n<\/ul>\n<p><strong>Exame F\u00edsico<\/strong><\/p>\n<p>Exame f\u00edsico cuidadoso, visto n\u00e3o ser o sistema nervoso uma entidade isolada e fazer parte de um todo, o corpo humano, sendo v\u00e1rias de suas patologias causadas por altera\u00e7\u00f5es de outros \u00f3rg\u00e3os.<\/p>\n<p>AVC isqu\u00eamico: baixa press\u00e3o arterial \u2014 baixo fluxo sangu\u00edneo cerebral. Choque: insufici\u00eancia ventricular; uso de drogas anti-hipertensivas e diur\u00e9ticos. Embolia: fibrila\u00e7\u00e3o atrial; les\u00f5es oro-valvulares, Doen\u00e7a de Chagas. Trombose: arteriosclerose, Lues. Hemorragias: arteriosclerose, infec\u00e7\u00f5es. Neoplasias: met\u00e1stases da mama, pr\u00f3stata, melanonas. Meningites e abscessos: otites, trombofleb\u00edites, sinusites.<\/p>\n<p>Cada item do exame neurol\u00f3gico \u00e9 importante na elabora\u00e7\u00e3o do diagn\u00f3stico .<\/p>\n<p>Relacionamos abaixo, de forma did\u00e1tica, as diversas etapas deste exame e, a seguir, alguns detalhes que julgamos importantes com rela\u00e7\u00e3o a cada item.<\/p>\n<p>A .Inspe\u00e7\u00e3o<\/p>\n<p>B. Cr\u00e2nio e coluna<\/p>\n<p>C. Est\u00e1tica<\/p>\n<p>D. Amplitude dos movimentos<\/p>\n<p>E. Marcha<\/p>\n<p>F. For\u00e7a muscular<\/p>\n<p>G. T\u00f4nus muscular<\/p>\n<p>H. Coordena\u00e7\u00e3o<\/p>\n<p>I. Reflexos superficiais e profundos<\/p>\n<p>J. Sensibilidade superficial e profunda<\/p>\n<p>L. Nervos cranianos<\/p>\n<p>M. Palavra e linguagem<\/p>\n<p>N. Sistema Nervoso aut\u00f4nomo<\/p>\n<p>O . Estado mental<\/p>\n<p>O\u00a0 desafio \u00e9 compreender a semiog\u00eanese dos sinais semiol\u00f3gicos, e n\u00e3o apenas decorar os achados sem interpreta\u00e7\u00e3o.<\/p>\n<p>O melhor m\u00e9todo de se aprender semiologia neurol\u00f3gica \u00e9 com aulas magnas de neuroanatomia, e ap\u00f3s a teoria, a pr\u00e1tica nos laborat\u00f3rios de anatomia e histologia, e por fim,\u00a0 aplica\u00e7\u00e3o nos Ambulat\u00f3rios de Neurologia.<\/p>\n<p>Em defesa de ensino superior com qualidade.<\/p>\n<p><a href=\"https:\/\/miltonmarchioli.com.br\/blog\/wp-content\/uploads\/dejerine.gif\"><img loading=\"lazy\" decoding=\"async\" class=\"aligncenter size-full wp-image-10179\" src=\"https:\/\/miltonmarchioli.com.br\/blog\/wp-content\/uploads\/dejerine.gif\" alt=\"dejerine\" width=\"567\" height=\"380\" \/><\/a><\/p>\n","protected":false},"excerpt":{"rendered":"<p>Exame Neurol\u00f3gico apresentado pelo Dr. Werner Garcia de Souza, Residente da disciplina de Neurologia da Faculdade de Medicina de Mar\u00edlia- Famema- em 2011. Importante dizer aos alunos do curso de medicina, que sem conhecimento de neuroanatomia, e sem estudo das patologias das doen\u00e7as neurol\u00f3gicas, \u00e9 imposs\u00edvel se aprender semiologia neurol\u00f3gica. Sem conhecer semiologia neurol\u00f3gica, imposs\u00edvel &hellip; <a href=\"https:\/\/miltonmarchioli.com.br\/blog\/semiologia-neurologica-seminario-curso-de-medicina-da-famema\/\" class=\"more-link\">Continue lendo <span class=\"screen-reader-text\">Semiologia Neurol\u00f3gica. Semin\u00e1rio. Curso de Medicina da Famema<\/span> <span class=\"meta-nav\">&rarr;<\/span><\/a><\/p>\n","protected":false},"author":2,"featured_media":0,"comment_status":"open","ping_status":"open","sticky":false,"template":"","format":"standard","meta":{"rop_custom_images_group":[],"rop_custom_messages_group":[],"rop_publish_now":"initial","rop_publish_now_accounts":[],"rop_publish_now_history":[],"rop_publish_now_status":"pending","footnotes":""},"categories":[332,4,13,9],"tags":[392,202,193,640],"class_list":["post-515","post","type-post","status-publish","format-standard","hentry","category-educacao","category-neurologia","category-opiniao","category-saude-publica","tag-ambulatorio-neurovascular-ambulatorio-mario-covas","tag-famema","tag-milton-marchioli","tag-werner-garcia-de-souza"],"_links":{"self":[{"href":"https:\/\/miltonmarchioli.com.br\/blog\/wp-json\/wp\/v2\/posts\/515","targetHints":{"allow":["GET"]}}],"collection":[{"href":"https:\/\/miltonmarchioli.com.br\/blog\/wp-json\/wp\/v2\/posts"}],"about":[{"href":"https:\/\/miltonmarchioli.com.br\/blog\/wp-json\/wp\/v2\/types\/post"}],"author":[{"embeddable":true,"href":"https:\/\/miltonmarchioli.com.br\/blog\/wp-json\/wp\/v2\/users\/2"}],"replies":[{"embeddable":true,"href":"https:\/\/miltonmarchioli.com.br\/blog\/wp-json\/wp\/v2\/comments?post=515"}],"version-history":[{"count":20,"href":"https:\/\/miltonmarchioli.com.br\/blog\/wp-json\/wp\/v2\/posts\/515\/revisions"}],"predecessor-version":[{"id":13366,"href":"https:\/\/miltonmarchioli.com.br\/blog\/wp-json\/wp\/v2\/posts\/515\/revisions\/13366"}],"wp:attachment":[{"href":"https:\/\/miltonmarchioli.com.br\/blog\/wp-json\/wp\/v2\/media?parent=515"}],"wp:term":[{"taxonomy":"category","embeddable":true,"href":"https:\/\/miltonmarchioli.com.br\/blog\/wp-json\/wp\/v2\/categories?post=515"},{"taxonomy":"post_tag","embeddable":true,"href":"https:\/\/miltonmarchioli.com.br\/blog\/wp-json\/wp\/v2\/tags?post=515"}],"curies":[{"name":"wp","href":"https:\/\/api.w.org\/{rel}","templated":true}]}}