{"id":520,"date":"2011-06-11T02:45:40","date_gmt":"2011-06-11T02:45:40","guid":{"rendered":"http:\/\/miltonmarchioli.com.br\/blog\/?p=520"},"modified":"2022-01-07T10:55:14","modified_gmt":"2022-01-07T13:55:14","slug":"cefaleias-primarias-seminario-curso-de-medicina-da-famema-3","status":"publish","type":"post","link":"https:\/\/miltonmarchioli.com.br\/blog\/cefaleias-primarias-seminario-curso-de-medicina-da-famema-3\/","title":{"rendered":"Cefaleias Prim\u00e1rias. Semin\u00e1rio. Curso de Medicina da Famema"},"content":{"rendered":"<p><a href=\"https:\/\/miltonmarchioli.com.br\/blog\/wp-content\/uploads\/cefaleia-menino-escolar.jpg\"><img loading=\"lazy\" decoding=\"async\" class=\"alignleft wp-image-10183\" src=\"https:\/\/miltonmarchioli.com.br\/blog\/wp-content\/uploads\/cefaleia-menino-escolar-261x300.jpg\" alt=\"cefaleia - menino escolar\" width=\"242\" height=\"278\" srcset=\"https:\/\/miltonmarchioli.com.br\/blog\/wp-content\/uploads\/cefaleia-menino-escolar-261x300.jpg 261w, https:\/\/miltonmarchioli.com.br\/blog\/wp-content\/uploads\/cefaleia-menino-escolar.jpg 400w\" sizes=\"auto, (max-width: 242px) 100vw, 242px\" \/><\/a><a href=\"https:\/\/miltonmarchioli.com.br\/blog\/wp-content\/uploads\/CEFAL\u00c9IAS-PRIM\u00c1RIAS-RODRIGO-E-KARINE.ppt\">Semin\u00e1rio de Cefaleias Prim\u00e1rias \u00a0apresentado pelos alunos Karine Paula Homem e Rodrigo Rodrigues da Cunha &#8211;\u00a0 Ambulat\u00f3rio de Cefaleia &#8211; Ambulat\u00f3rio M\u00e1rio Covas &#8211; Faculdade de Medicina de Mar\u00edlia \u2013 disciplinas de Neurologia e Educa\u00e7\u00e3o em Ci\u00eancias da Sa\u00fade.<\/a><\/p>\n<p>As cefaleias prim\u00e1rias s\u00e3o as mais prevalentes em Ambulat\u00f3rios de Cefaleia, e ainda muito frequente em Unidades de Sa\u00fade da Fam\u00edlia\u00a0 (USF) e Unidade B\u00e1sicas de Sa\u00fade (UBS).<\/p>\n<p>Em tese, todo medico deveria\u00a0conduzir bem esses casos, pois os exames de imagem n\u00e3o trazem altera\u00e7\u00f5es, apesar da queixa de dor intensa, como nas enxaquecas, ser um sintoma \u00a0frequente e angustiante para o paciente.<\/p>\n<p>As cefaleias s\u00e3o importante problema de sa\u00fade p\u00fablica no Brasil e no mundo devido ao impacto individual e social que essa condi\u00e7\u00e3o cl\u00ednica acarreta, \u00e0 alta incid\u00eancia e ao elevado potencial de cronifica\u00e7\u00e3o, al\u00e9m dos custos econ\u00f4micos e redu\u00e7\u00e3o na qualidade de vida que afeta seus portadores.<\/p>\n<p>A despeito disso s\u00e3o na maioria das vezes subdiagnosticadas e subtratadas.<\/p>\n<p>As cefaleias prim\u00e1rias poderiam ser diagnosticadas e tratadas por m\u00e9dicos cl\u00ednicos visto que a probabilidade de uma primeira abordagem diagn\u00f3stica por m\u00e9dico n\u00e3o especialista \u00e9 grande em decorr\u00eancia da alta preval\u00eancia dessas condi\u00e7\u00f5es na popula\u00e7\u00e3o em geral.<\/p>\n<p>A Sociedade Internacional das Cefaleias (International Headache Society &#8211; IHS) promoveu uma padroniza\u00e7\u00e3o dos crit\u00e9rios diagn\u00f3sticos, listados na ICHD II, revista e publicada em 2004; com o objetivo de uniformizar os sintomas e s\u00edndromes presentes nas cefaleias prim\u00e1rias.<\/p>\n<p>O intuito \u00e9 evitar varia\u00e7\u00f5es no diagn\u00f3stico dessas cefaleias pelos diversos observadores e assim melhorar a acur\u00e1cia diagn\u00f3stica e a orienta\u00e7\u00e3o terap\u00eautica, tornar esse transtorno reconhecido como doen\u00e7a neurobiol\u00f3gica e minimizar os preju\u00edzos ao seu portador.<\/p>\n<p>O tratamento com f\u00e1rmacos bem indicados \u00e9 a certeza de sucesso,<\/p>\n<p>Lutemos por uma Sa\u00fade P\u00fablica com qualidade !<\/p>\n<p><a href=\"https:\/\/miltonmarchioli.com.br\/blog\/wp-content\/uploads\/cefaleia-casal.png\"><img loading=\"lazy\" decoding=\"async\" class=\"aligncenter size-full wp-image-10182\" src=\"https:\/\/miltonmarchioli.com.br\/blog\/wp-content\/uploads\/cefaleia-casal.png\" alt=\"cefaleia - casal\" width=\"720\" height=\"460\" srcset=\"https:\/\/miltonmarchioli.com.br\/blog\/wp-content\/uploads\/cefaleia-casal.png 720w, https:\/\/miltonmarchioli.com.br\/blog\/wp-content\/uploads\/cefaleia-casal-300x192.png 300w\" sizes=\"auto, (max-width: 720px) 100vw, 720px\" \/><\/a><\/p>\n","protected":false},"excerpt":{"rendered":"<p>Semin\u00e1rio de Cefaleias Prim\u00e1rias \u00a0apresentado pelos alunos Karine Paula Homem e Rodrigo Rodrigues da Cunha &#8211;\u00a0 Ambulat\u00f3rio de Cefaleia &#8211; Ambulat\u00f3rio M\u00e1rio Covas &#8211; Faculdade de Medicina de Mar\u00edlia \u2013 disciplinas de Neurologia e Educa\u00e7\u00e3o em Ci\u00eancias da Sa\u00fade. As cefaleias prim\u00e1rias s\u00e3o as mais prevalentes em Ambulat\u00f3rios de Cefaleia, e ainda muito frequente em &hellip; <a href=\"https:\/\/miltonmarchioli.com.br\/blog\/cefaleias-primarias-seminario-curso-de-medicina-da-famema-3\/\" class=\"more-link\">Continue lendo <span class=\"screen-reader-text\">Cefaleias Prim\u00e1rias. Semin\u00e1rio. Curso de Medicina da Famema<\/span> <span class=\"meta-nav\">&rarr;<\/span><\/a><\/p>\n","protected":false},"author":2,"featured_media":0,"comment_status":"open","ping_status":"open","sticky":false,"template":"","format":"standard","meta":{"rop_custom_images_group":[],"rop_custom_messages_group":[],"rop_publish_now":"initial","rop_publish_now_accounts":[],"rop_publish_now_history":[],"rop_publish_now_status":"pending","footnotes":""},"categories":[332,4,13,9],"tags":[591],"class_list":["post-520","post","type-post","status-publish","format-standard","hentry","category-educacao","category-neurologia","category-opiniao","category-saude-publica","tag-ambulatorio-cefaleia-ambulatorio-mario-covas-famema"],"_links":{"self":[{"href":"https:\/\/miltonmarchioli.com.br\/blog\/wp-json\/wp\/v2\/posts\/520","targetHints":{"allow":["GET"]}}],"collection":[{"href":"https:\/\/miltonmarchioli.com.br\/blog\/wp-json\/wp\/v2\/posts"}],"about":[{"href":"https:\/\/miltonmarchioli.com.br\/blog\/wp-json\/wp\/v2\/types\/post"}],"author":[{"embeddable":true,"href":"https:\/\/miltonmarchioli.com.br\/blog\/wp-json\/wp\/v2\/users\/2"}],"replies":[{"embeddable":true,"href":"https:\/\/miltonmarchioli.com.br\/blog\/wp-json\/wp\/v2\/comments?post=520"}],"version-history":[{"count":19,"href":"https:\/\/miltonmarchioli.com.br\/blog\/wp-json\/wp\/v2\/posts\/520\/revisions"}],"predecessor-version":[{"id":13473,"href":"https:\/\/miltonmarchioli.com.br\/blog\/wp-json\/wp\/v2\/posts\/520\/revisions\/13473"}],"wp:attachment":[{"href":"https:\/\/miltonmarchioli.com.br\/blog\/wp-json\/wp\/v2\/media?parent=520"}],"wp:term":[{"taxonomy":"category","embeddable":true,"href":"https:\/\/miltonmarchioli.com.br\/blog\/wp-json\/wp\/v2\/categories?post=520"},{"taxonomy":"post_tag","embeddable":true,"href":"https:\/\/miltonmarchioli.com.br\/blog\/wp-json\/wp\/v2\/tags?post=520"}],"curies":[{"name":"wp","href":"https:\/\/api.w.org\/{rel}","templated":true}]}}