{"id":5206,"date":"2013-06-25T00:12:22","date_gmt":"2013-06-25T03:12:22","guid":{"rendered":"http:\/\/miltonmarchioli.com.br\/blog\/?p=5206"},"modified":"2022-01-20T17:30:27","modified_gmt":"2022-01-20T20:30:27","slug":"a-saude-publica-na-era-do-governo-dilma-rousseff","status":"publish","type":"post","link":"https:\/\/miltonmarchioli.com.br\/blog\/a-saude-publica-na-era-do-governo-dilma-rousseff\/","title":{"rendered":"A Sa\u00fade P\u00fablica na era do governo Dilma Rousseff !"},"content":{"rendered":"<p><a href=\"https:\/\/miltonmarchioli.com.br\/blog\/wp-content\/uploads\/sos-saude-publica.jpg\"><img loading=\"lazy\" decoding=\"async\" class=\"alignleft wp-image-9656\" src=\"https:\/\/miltonmarchioli.com.br\/blog\/wp-content\/uploads\/sos-saude-publica-300x237.jpg\" alt=\"sos saude publica\" width=\"242\" height=\"191\" srcset=\"https:\/\/miltonmarchioli.com.br\/blog\/wp-content\/uploads\/sos-saude-publica-300x237.jpg 300w, https:\/\/miltonmarchioli.com.br\/blog\/wp-content\/uploads\/sos-saude-publica.jpg 475w\" sizes=\"auto, (max-width: 242px) 100vw, 242px\" \/><\/a>H\u00e1 alguns anos, a presidente Dilma Rousseff foi v\u00edtima de grave problema de sa\u00fade.<\/p>\n<p>O tratamento aconteceu em centros de excel\u00eancia do pa\u00eds e sob a supervis\u00e3o de homens e mulheres capacitados em escolas m\u00e9dicas brasileiras.<\/p>\n<p>O povo quer acesso ao mesmo e n\u00e3o quer ser tratado como cidad\u00e3o de segunda categoria, tratado por m\u00e9dicos com forma\u00e7\u00e3o duvidosa e em instala\u00e7\u00f5es prec\u00e1rias.<\/p>\n<p>Por isso, a Associa\u00e7\u00e3o M\u00e9dica Brasileira (AMB), a Associa\u00e7\u00e3o Nacional de M\u00e9dicos Residentes (ANMR), o Conselho Federal de Medicina (CFM) e a Federa\u00e7\u00e3o Nacional dos M\u00e9dicos (Fenam) manifestam publicamente seu rep\u00fadio e extrema preocupa\u00e7\u00e3o com o an\u00fancio de \u201ctrazer de imediato milhares de m\u00e9dicos do exterior\u201d, durante pronunciamento em cadeia de r\u00e1dio e TV.<\/p>\n<p>O caminho trilhado \u00e9 de alto risco e simboliza uma vergonha nacional.<\/p>\n<p>Importar m\u00e9dicos cubanos e h\u00e1 tantos m\u00e9dicos no Brasil com forma\u00e7\u00e3o m\u00e9dica acima dos cubanos.<\/p>\n<p>Na verdade est\u00e3o patrocinando o governo comunista cubano e dando a impress\u00e3o de estar preocupado com o cidad\u00e3o brasileiro que necessitar\u00a0 SUS.<\/p>\n<p>Exp\u00f5e a popula\u00e7\u00e3o, sobretudo a parcela mais vulner\u00e1vel e carente, \u00e0 a\u00e7\u00e3o de pessoas cujos conhecimentos e compet\u00eancias n\u00e3o foram devidamente comprovados.<\/p>\n<p>Al\u00e9m disso, tem valor in\u00f3cuo, paliativo, populista e esconde os reais problemas que afetam o Sistema \u00danico de Sade (SUS).<\/p>\n<p>Ser\u00e1 que os \u201cm\u00e9dicos importados\u201d \u2013 sem qualquer crit\u00e9rio de avalia\u00e7\u00e3o ou com diplomas validados com regras duvidosas \u2013 compensar\u00e3o a falta de leitos, de medicamentos, as ambul\u00e2ncias paradas por falta de combust\u00edvel, as infiltra\u00e7\u00f5es nas paredes e as goteiras nos hospitais?<\/p>\n<p>Onde est\u00e3o as medidas para dotar os servi\u00e7os de infraestrutura e de recursos humanos valorizados?<\/p>\n<p>Qual o destino dos R$ 17 bilh\u00f5es do or\u00e7amento do Governo Federal para a sa\u00fade que n\u00e3o foram aplicados como deveriam em 2012?<\/p>\n<p>Porque vetaram artigos da Emenda Constitucional 29, que se tivesse colocada em pr\u00e1tica teria permitido uma revolu\u00e7\u00e3o na sa\u00fade?<\/p>\n<p>Os protestos n\u00e3o pedem \u201cm\u00e9dicos estrangeiros\u201d, mas um SUS p\u00fablico, integral, gratuito, de qualidade e acess\u00edvel a todos.<\/p>\n<p>UTI(s) abandonadas e sem respiradores.<\/p>\n<p>Que Deus nos proteja de uma pandemia futura&#8230;<\/p>\n<p>\u00c9 preciso reconhecer que \u00e9 a falta de investimentos e a gest\u00e3o incompetente desse sistema que afastam os m\u00e9dicos brasileiros do interior e da rede p\u00fablica agravam o caos na assist\u00eancia.<\/p>\n<p>Segundo dados da Organiza\u00e7\u00e3o Mundial de Sa\u00fade (OMS), os Governos de pa\u00edses com economias mais fr\u00e1geis investem mais que o Brasil no setor.<\/p>\n<p>No Brasil, esbarra em 47%.<\/p>\n<p>O apelo desesperado das ruas \u00e9 por mais investimentos do Estado em Sa\u00fade P\u00fablica.<\/p>\n<p>Somente assim\u00a0 \u00e9 que o Brasil ter\u00e1 a sa\u00fade excelente com os\u00a0 \u201chospitais padr\u00e3o Fifa\u201d, exigidos pela popula\u00e7\u00e3o, e n\u00e3o com a \u201cimporta\u00e7\u00e3o de m\u00e9dicos\u201d.<\/p>\n<p>E, sem esquecer, criar um plano de carreira, cargos e sal\u00e1rios em concurso nacional para quem queria trabalhar exclusivamente para o SUS.<\/p>\n<p>No Poder Judici\u00e1rio h\u00e1 concurso para ju\u00edzes, promotores, procuradores, delegados, etc.<\/p>\n<p>E por que n\u00e3o h\u00e1 concurso para m\u00e9dicos ?<\/p>\n<p>Em defesa de infraestrutura no SUS !<\/p>\n<p><a href=\"https:\/\/miltonmarchioli.com.br\/blog\/wp-content\/uploads\/sus-falido.jpg\"><img loading=\"lazy\" decoding=\"async\" class=\"aligncenter size-full wp-image-10793\" src=\"https:\/\/miltonmarchioli.com.br\/blog\/wp-content\/uploads\/sus-falido.jpg\" alt=\"sus falido\" width=\"424\" height=\"351\" srcset=\"https:\/\/miltonmarchioli.com.br\/blog\/wp-content\/uploads\/sus-falido.jpg 424w, https:\/\/miltonmarchioli.com.br\/blog\/wp-content\/uploads\/sus-falido-300x248.jpg 300w\" sizes=\"auto, (max-width: 424px) 100vw, 424px\" \/><\/a><\/p>\n","protected":false},"excerpt":{"rendered":"<p>H\u00e1 alguns anos, a presidente Dilma Rousseff foi v\u00edtima de grave problema de sa\u00fade. O tratamento aconteceu em centros de excel\u00eancia do pa\u00eds e sob a supervis\u00e3o de homens e mulheres capacitados em escolas m\u00e9dicas brasileiras. O povo quer acesso ao mesmo e n\u00e3o quer ser tratado como cidad\u00e3o de segunda categoria, tratado por m\u00e9dicos &hellip; <a href=\"https:\/\/miltonmarchioli.com.br\/blog\/a-saude-publica-na-era-do-governo-dilma-rousseff\/\" class=\"more-link\">Continue lendo <span class=\"screen-reader-text\">A Sa\u00fade P\u00fablica na era do governo Dilma Rousseff !<\/span> <span class=\"meta-nav\">&rarr;<\/span><\/a><\/p>\n","protected":false},"author":2,"featured_media":0,"comment_status":"open","ping_status":"open","sticky":false,"template":"","format":"standard","meta":{"rop_custom_images_group":[],"rop_custom_messages_group":[],"rop_publish_now":"initial","rop_publish_now_accounts":[],"rop_publish_now_history":[],"rop_publish_now_status":"pending","footnotes":""},"categories":[18,8,11,13,9],"tags":[1035],"class_list":["post-5206","post","type-post","status-publish","format-standard","hentry","category-direito","category-direito-e-saude","category-economia","category-opiniao","category-saude-publica","tag-saude-publica-governo-pt"],"_links":{"self":[{"href":"https:\/\/miltonmarchioli.com.br\/blog\/wp-json\/wp\/v2\/posts\/5206","targetHints":{"allow":["GET"]}}],"collection":[{"href":"https:\/\/miltonmarchioli.com.br\/blog\/wp-json\/wp\/v2\/posts"}],"about":[{"href":"https:\/\/miltonmarchioli.com.br\/blog\/wp-json\/wp\/v2\/types\/post"}],"author":[{"embeddable":true,"href":"https:\/\/miltonmarchioli.com.br\/blog\/wp-json\/wp\/v2\/users\/2"}],"replies":[{"embeddable":true,"href":"https:\/\/miltonmarchioli.com.br\/blog\/wp-json\/wp\/v2\/comments?post=5206"}],"version-history":[{"count":7,"href":"https:\/\/miltonmarchioli.com.br\/blog\/wp-json\/wp\/v2\/posts\/5206\/revisions"}],"predecessor-version":[{"id":13688,"href":"https:\/\/miltonmarchioli.com.br\/blog\/wp-json\/wp\/v2\/posts\/5206\/revisions\/13688"}],"wp:attachment":[{"href":"https:\/\/miltonmarchioli.com.br\/blog\/wp-json\/wp\/v2\/media?parent=5206"}],"wp:term":[{"taxonomy":"category","embeddable":true,"href":"https:\/\/miltonmarchioli.com.br\/blog\/wp-json\/wp\/v2\/categories?post=5206"},{"taxonomy":"post_tag","embeddable":true,"href":"https:\/\/miltonmarchioli.com.br\/blog\/wp-json\/wp\/v2\/tags?post=5206"}],"curies":[{"name":"wp","href":"https:\/\/api.w.org\/{rel}","templated":true}]}}