{"id":5298,"date":"2013-07-08T19:28:12","date_gmt":"2013-07-08T22:28:12","guid":{"rendered":"http:\/\/miltonmarchioli.com.br\/blog\/?p=5298"},"modified":"2022-01-20T17:54:01","modified_gmt":"2022-01-20T20:54:01","slug":"medida-provisoria-do-governo-dilma-rousseff-pretende-que-o-curso-de-medicina-passe-de-6-para-8-anos-de-duracao-a-partir-de-2015","status":"publish","type":"post","link":"https:\/\/miltonmarchioli.com.br\/blog\/medida-provisoria-do-governo-dilma-rousseff-pretende-que-o-curso-de-medicina-passe-de-6-para-8-anos-de-duracao-a-partir-de-2015\/","title":{"rendered":"Medida Provis\u00f3ria do governo Dilma Rousseff pretende que o curso de medicina passe de 6 para 8 anos de dura\u00e7\u00e3o a partir de 2015"},"content":{"rendered":"<p><a href=\"https:\/\/miltonmarchioli.com.br\/blog\/wp-content\/uploads\/programa-mais-medicos.jpg\"><img loading=\"lazy\" decoding=\"async\" class=\"alignleft wp-image-10815\" src=\"https:\/\/miltonmarchioli.com.br\/blog\/wp-content\/uploads\/programa-mais-medicos.jpg\" alt=\"programa mais medicos\" width=\"250\" height=\"250\" srcset=\"https:\/\/miltonmarchioli.com.br\/blog\/wp-content\/uploads\/programa-mais-medicos.jpg 300w, https:\/\/miltonmarchioli.com.br\/blog\/wp-content\/uploads\/programa-mais-medicos-150x150.jpg 150w\" sizes=\"auto, (max-width: 250px) 100vw, 250px\" \/><\/a>O curso de medicina passar\u00e1 de seis\u00a0 para oito anos a partir de 2015.<\/p>\n<p>A mudan\u00e7a integra um pacote de medidas anunciado pela presidente Dilma Rousseff para ampliar a oferta de m\u00e9dicos no pa\u00eds e melhorar a forma\u00e7\u00e3o dos profissionais.<\/p>\n<p>Definida numa Medida Provis\u00f3ria, a amplia\u00e7\u00e3o dever\u00e1 ser regulamentada pelo Conselho Nacional de Educa\u00e7\u00e3o, num prazo de 180 dias.<\/p>\n<p>O programa, batizado de &#8220;Mais M\u00e9dicos&#8221;, inclui ainda o recrutamento de profissionais estrangeiros para trabalhar em \u00e1reas priorit\u00e1rias, a abertura de 11.447 novas vagas para gradua\u00e7\u00e3o e outros 12.376 postos de especializa\u00e7\u00e3o em \u00e1reas consideradas priorit\u00e1rias at\u00e9 2017. O novo formato do curso de Medicina \u00e9 inspirado no modelo existente em pa\u00edses como Inglaterra e Su\u00e9cia, diz o Minist\u00e9rio da Sa\u00fade.<\/p>\n<p>Conclu\u00eddo o curso de seis anos, o estudante passa para um segundo ciclo, de dois anos, onde ter\u00e1 de atuar em servi\u00e7os p\u00fablicos de sa\u00fade.<\/p>\n<p>A exig\u00eancia do segundo ciclo ser\u00e1 universal: tanto para estudantes de institui\u00e7\u00f5es da rede p\u00fablica quanto privada da ensino.<\/p>\n<p>No per\u00edodo em que trabalharem nos servi\u00e7os p\u00fablicos de sa\u00fade, estudantes receber\u00e3o uma bolsa, financiada pelo Minist\u00e9rio da Sa\u00fade. Os valores ainda n\u00e3o foram definidos. O governo calcula, no entanto, que ela ficar\u00e1 entre o que \u00e9 concedido para as Resid\u00eancias M\u00e9dicas (R$ 2,9 mil mensais) e o que \u00e9 pago para profissionais inscritos no Provab (R$ 8 mil).<\/p>\n<p>No primeiro ano, estudantes v\u00e3o atuar na rede de aten\u00e7\u00e3o b\u00e1sica.<\/p>\n<p>No segundo ano, o trabalho ser\u00e1 feito nos servi\u00e7os de urg\u00eancia e emerg\u00eancia. Os alunos continuar\u00e3o vinculados \u00e0 institui\u00e7\u00e3o de ensino onde foi feita a gradua\u00e7\u00e3o e, assim como ocorre com a resid\u00eancia, ser\u00e3o avaliados.<\/p>\n<p>A carga hor\u00e1ria ainda n\u00e3o foi definida.<\/p>\n<p>Pela proposta, o segundo ciclo poder\u00e1 ser aproveitado para abater um ano de curso de resid\u00eancia em especialidades b\u00e1sicas, como medicina de fam\u00edlia, ginecologia, obstetr\u00edcia, pediatria e cirurgia geral. H\u00e1 tamb\u00e9m a possibilidade de o per\u00edodo ser inclu\u00eddo na contagem para cursos de mestrado.<\/p>\n<p>A forma como isso ser\u00e1 feito tamb\u00e9m est\u00e1 nas m\u00e3os do Conselho Nacional de Educa\u00e7\u00e3o.<\/p>\n<p>O formato de oito anos poder\u00e1 ser revisto num curto prazo.<\/p>\n<p>H\u00e1 a possibilidade de o primeiro ciclo, atualmente de seis anos, ser reduzido para cinco. O assunto, no entanto, ainda ter\u00e1 de ser debatido pelo Conselho Nacional de Educa\u00e7\u00e3o. A inten\u00e7\u00e3o \u00e9 se aproximar do modelo ingl\u00eas, onde a dura\u00e7\u00e3o do primeiro ciclo varia entre 4 a 6 anos, treinamento supervisionado dura outros dois anos e a especialidade m\u00e9dica, 3 a 8 anos.<\/p>\n<p>Para atuar no segundo ciclo, os alunos receber\u00e3o um registro provis\u00f3rio. A institui\u00e7\u00e3o de ensino dever\u00e1 estar ligada a uma rede de servi\u00e7os p\u00fablicos de sa\u00fade, onde seus alunos v\u00e3o desempenhar as atividades. Caber\u00e1 \u00e0 institui\u00e7\u00e3o definir o local de trabalho do estudante.<\/p>\n<p>A ideia \u00e9 que o aluno seja supervisionado por professores. A forma como isso ser\u00e1 feito tamb\u00e9m ser\u00e1 definida pelo Conselho Nacional de Educa\u00e7\u00e3o. Tamb\u00e9m n\u00e3o est\u00e1 acertado como ser\u00e1 feito o reembolso das institui\u00e7\u00f5es de ensino pelo trabalho de supervis\u00e3o.<\/p>\n<p>O aluno receber\u00e1 o diploma somente depois de completar os oito anos de forma\u00e7\u00e3o. S\u00f3 a\u00ed receber\u00e1 a inscri\u00e7\u00e3o permanente. De acordo com o Minist\u00e9rio da Sa\u00fade, o modelo proposto prev\u00ea que o profissional com registro provis\u00f3rio, mesmo sem diploma, responder\u00e1 caso cometa uma infra\u00e7\u00e3o \u00e9tica ou erro no atendimento do paciente.<\/p>\n<p>A cria\u00e7\u00e3o do segundo ciclo n\u00e3o vai dispensar o internato, realizado atualmente no quinto e sexto ano. Nesta etapa, o estudante n\u00e3o tem autonomia. Durante o treinamento da segunda etapa, o estudante aos poucos ganha mais autonomia.<\/p>\n<p>A expans\u00e3o da dura\u00e7\u00e3o do curso de medicina, de acordo com o governo, n\u00e3o tem como objetivo principal a amplia\u00e7\u00e3o da oferta de m\u00e9dicos.<\/p>\n<p>A meta, de acordo com minist\u00e9rios da Sa\u00fade e da Educa\u00e7\u00e3o, \u00e9 ampliar a forma\u00e7\u00e3o do profissional e driblar um problema que o governo julga enfrentar atualmente, que \u00e9 a especializa\u00e7\u00e3o precoce.<\/p>\n<p>Na avalia\u00e7\u00e3o do governo, a partir do 4\u00ba ano, estudantes concentram suas aten\u00e7\u00e3o nas \u00e1reas com que t\u00eam mais afinidade, deixando de lado pontos considerados essenciais para o atendimento do paciente.<\/p>\n<p>Embora detalhes ainda n\u00e3o estejam definidos, o governo j\u00e1 decidiu que durante o ciclo de dois anos, o estudante ter\u00e1 permiss\u00e3o para atuar apenas nos locais indicados pela institui\u00e7\u00e3o de ensino a que ele est\u00e1 ligado. N\u00e3o ser\u00e1 permitida a realiza\u00e7\u00e3o de plant\u00f5es ou atua\u00e7\u00e3o em outros servi\u00e7os.<\/p>\n<p>Seria um recrutamento obrigat\u00f3rio pelo Ministro da Educa\u00e7\u00e3o e do Ministro da Sa\u00fade dos m\u00e9dicos para trabalharem para o governo de\u00a0 forma altamente qualificada e com menos custos ?<\/p>\n<p>A MP do Programa Mais M\u00e9dicos \u00e9 uma fal\u00e1cia culpando os m\u00e9dicos pelo caos na Sa\u00fade P\u00fablica do Brasil.<\/p>\n<p>O governo Dilma Rousseff de extrema esquerda quer escravizar os egressos dos cursos de medicina do Brasil tendo como refer\u00eancia a medicina cubana, na qual o m\u00e9dico recebe 30 d\u00f3lares por m\u00eas.<\/p>\n<p>Em defesa dos m\u00e9dicos do Brasil e n\u00e3o a Medida Provis\u00f3ria da presidente Dilma Rousseff!<\/p>\n<p><a href=\"https:\/\/miltonmarchioli.com.br\/blog\/wp-content\/uploads\/organograma-medicina-em-8-anos.jpg\"><img loading=\"lazy\" decoding=\"async\" class=\"aligncenter wp-image-5302\" title=\"organograma - medicina em 8 anos\" src=\"https:\/\/miltonmarchioli.com.br\/blog\/wp-content\/uploads\/organograma-medicina-em-8-anos.jpg\" alt=\"\" width=\"452\" height=\"629\" srcset=\"https:\/\/miltonmarchioli.com.br\/blog\/wp-content\/uploads\/organograma-medicina-em-8-anos.jpg 532w, https:\/\/miltonmarchioli.com.br\/blog\/wp-content\/uploads\/organograma-medicina-em-8-anos-215x300.jpg 215w\" sizes=\"auto, (max-width: 452px) 100vw, 452px\" \/><\/a><\/p>\n","protected":false},"excerpt":{"rendered":"<p>O curso de medicina passar\u00e1 de seis\u00a0 para oito anos a partir de 2015. A mudan\u00e7a integra um pacote de medidas anunciado pela presidente Dilma Rousseff para ampliar a oferta de m\u00e9dicos no pa\u00eds e melhorar a forma\u00e7\u00e3o dos profissionais. Definida numa Medida Provis\u00f3ria, a amplia\u00e7\u00e3o dever\u00e1 ser regulamentada pelo Conselho Nacional de Educa\u00e7\u00e3o, num &hellip; <a href=\"https:\/\/miltonmarchioli.com.br\/blog\/medida-provisoria-do-governo-dilma-rousseff-pretende-que-o-curso-de-medicina-passe-de-6-para-8-anos-de-duracao-a-partir-de-2015\/\" class=\"more-link\">Continue lendo <span class=\"screen-reader-text\">Medida Provis\u00f3ria do governo Dilma Rousseff pretende que o curso de medicina passe de 6 para 8 anos de dura\u00e7\u00e3o a partir de 2015<\/span> <span class=\"meta-nav\">&rarr;<\/span><\/a><\/p>\n","protected":false},"author":2,"featured_media":0,"comment_status":"open","ping_status":"open","sticky":false,"template":"","format":"standard","meta":{"rop_custom_images_group":[],"rop_custom_messages_group":[],"rop_publish_now":"initial","rop_publish_now_accounts":[],"rop_publish_now_history":[],"rop_publish_now_status":"pending","footnotes":""},"categories":[18,8,332,366,9,430],"tags":[333,533],"class_list":["post-5298","post","type-post","status-publish","format-standard","hentry","category-direito","category-direito-e-saude","category-educacao","category-politica","category-saude-publica","category-saude-suplementar","tag-cursos-de-medicina-em-8-anos","tag-programa-mais-medicos"],"_links":{"self":[{"href":"https:\/\/miltonmarchioli.com.br\/blog\/wp-json\/wp\/v2\/posts\/5298","targetHints":{"allow":["GET"]}}],"collection":[{"href":"https:\/\/miltonmarchioli.com.br\/blog\/wp-json\/wp\/v2\/posts"}],"about":[{"href":"https:\/\/miltonmarchioli.com.br\/blog\/wp-json\/wp\/v2\/types\/post"}],"author":[{"embeddable":true,"href":"https:\/\/miltonmarchioli.com.br\/blog\/wp-json\/wp\/v2\/users\/2"}],"replies":[{"embeddable":true,"href":"https:\/\/miltonmarchioli.com.br\/blog\/wp-json\/wp\/v2\/comments?post=5298"}],"version-history":[{"count":10,"href":"https:\/\/miltonmarchioli.com.br\/blog\/wp-json\/wp\/v2\/posts\/5298\/revisions"}],"predecessor-version":[{"id":13692,"href":"https:\/\/miltonmarchioli.com.br\/blog\/wp-json\/wp\/v2\/posts\/5298\/revisions\/13692"}],"wp:attachment":[{"href":"https:\/\/miltonmarchioli.com.br\/blog\/wp-json\/wp\/v2\/media?parent=5298"}],"wp:term":[{"taxonomy":"category","embeddable":true,"href":"https:\/\/miltonmarchioli.com.br\/blog\/wp-json\/wp\/v2\/categories?post=5298"},{"taxonomy":"post_tag","embeddable":true,"href":"https:\/\/miltonmarchioli.com.br\/blog\/wp-json\/wp\/v2\/tags?post=5298"}],"curies":[{"name":"wp","href":"https:\/\/api.w.org\/{rel}","templated":true}]}}