{"id":5318,"date":"2013-07-16T22:56:29","date_gmt":"2013-07-17T01:56:29","guid":{"rendered":"http:\/\/miltonmarchioli.com.br\/blog\/?p=5318"},"modified":"2022-01-21T17:26:22","modified_gmt":"2022-01-21T20:26:22","slug":"programa-mais-medicos-ou-necessidade-de-mais-infraestrutura-e-plano-de-carreira-cargos-e-salarios","status":"publish","type":"post","link":"https:\/\/miltonmarchioli.com.br\/blog\/programa-mais-medicos-ou-necessidade-de-mais-infraestrutura-e-plano-de-carreira-cargos-e-salarios\/","title":{"rendered":"Programa Mais M\u00e9dicos ou necessidade de mais infraestrutura e plano de carreira, cargos e sal\u00e1rios ?"},"content":{"rendered":"<p><a href=\"https:\/\/miltonmarchioli.com.br\/blog\/wp-content\/uploads\/CAD\u00ca-A-INFRAESTRUTURA.jpg\"><img loading=\"lazy\" decoding=\"async\" class=\"alignleft wp-image-12132\" src=\"https:\/\/miltonmarchioli.com.br\/blog\/wp-content\/uploads\/CAD\u00ca-A-INFRAESTRUTURA-300x225.jpg\" alt=\"CAD\u00ca A INFRAESTRUTURA\" width=\"272\" height=\"204\" srcset=\"https:\/\/miltonmarchioli.com.br\/blog\/wp-content\/uploads\/CAD\u00ca-A-INFRAESTRUTURA-300x225.jpg 300w, https:\/\/miltonmarchioli.com.br\/blog\/wp-content\/uploads\/CAD\u00ca-A-INFRAESTRUTURA.jpg 619w\" sizes=\"auto, (max-width: 272px) 100vw, 272px\" \/><\/a>Entidades m\u00e9dicas realizaram no dia 16-07-2013 nova mobiliza\u00e7\u00e3o nacional contra a proposta do governo federal de enviar m\u00e9dicos estrangeiros para trabalhar em comunidades do interior, e periferias das grandes cidades sem precisar passar pelo exame de revalida\u00e7\u00e3o do diploma Revalida.<\/p>\n<p>O protesto, que aconteceu em pelo menos 12 Estados, tamb\u00e9m criticou\u00a0 duramente o veto da presidente Dilma Rousseff a itens do Ato M\u00e9dico, e ainda \u00e0 extens\u00e3o em dois anos do curso de medicina.<\/p>\n<p>O PT n\u00e3o sabendo mais o que fazer para garantir a reelei\u00e7\u00e3o presidencial em 2014, e por isso ataca em todas as frentes: prop\u00f5e plebiscito, promete ampla reforma pol\u00edtica, e agora o\u00a0 Programa Mais M\u00e9dicos.<\/p>\n<p>Mais incompet\u00eancia !<\/p>\n<p>E\u00a0 certamente menos quociente de intelig\u00eancia (QI) do Ministro Alexandre Padilha.<a href=\"https:\/\/miltonmarchioli.com.br\/blog\/wp-content\/uploads\/LULA-EM-CUBA.jpg\"><img loading=\"lazy\" decoding=\"async\" class=\"alignright wp-image-5320\" title=\"LULA EM CUBA\" src=\"https:\/\/miltonmarchioli.com.br\/blog\/wp-content\/uploads\/LULA-EM-CUBA-300x224.jpg\" alt=\"\" width=\"265\" height=\"198\" srcset=\"https:\/\/miltonmarchioli.com.br\/blog\/wp-content\/uploads\/LULA-EM-CUBA-300x224.jpg 300w, https:\/\/miltonmarchioli.com.br\/blog\/wp-content\/uploads\/LULA-EM-CUBA.jpg 619w\" sizes=\"auto, (max-width: 265px) 100vw, 265px\" \/><\/a><\/p>\n<p>O ministro que se formou na 30\u00aa turma da Unicamp, est\u00e1 distante da realidade da educa\u00e7\u00e3o\u00a0 no ensino superior.<\/p>\n<p>O Ministro da Sa\u00fade se empenhou em apoiar o projeto de Lei do Ato M\u00e9dico, cuja lei\u00a0 depois aprovada pela C\u00e2mara dos Deputados e pelo Senado teve vetos da presidente Dilma Rousseff.<\/p>\n<p>\u00c9 o modelo de gest\u00e3o do PT se aproximando cada vez mais do modelo cubano e venezuelano.<\/p>\n<p>Uma esquerda ditatorial, e que ainda pretende controlar os meios de comunica\u00e7\u00e3o com o Programa Nacional de Direitos Humanos.<\/p>\n<p>Importar m\u00e9dicos em um pa\u00eds que tem mais de 200 faculdades de medicina \u00e9 inaceit\u00e1vel.<\/p>\n<p>Ditadura bolivariana.<\/p>\n<p>Faltam recursos para a Sa\u00fade P\u00fablica, pois os mesmos n\u00e3o ancorados em percentual do PIB.<\/p>\n<p><a href=\"https:\/\/miltonmarchioli.com.br\/blog\/wp-content\/uploads\/ESTRUTURA1.jpg\"><img loading=\"lazy\" decoding=\"async\" class=\"alignleft wp-image-5322\" title=\"ESTRUTURA\" src=\"https:\/\/miltonmarchioli.com.br\/blog\/wp-content\/uploads\/ESTRUTURA1-300x224.jpg\" alt=\"\" width=\"243\" height=\"182\" srcset=\"https:\/\/miltonmarchioli.com.br\/blog\/wp-content\/uploads\/ESTRUTURA1-300x224.jpg 300w, https:\/\/miltonmarchioli.com.br\/blog\/wp-content\/uploads\/ESTRUTURA1.jpg 619w\" sizes=\"auto, (max-width: 243px) 100vw, 243px\" \/><\/a>Plano de cargos, carreira e sal\u00e1rios compat\u00edveis para quem trabalhe na rede de aten\u00e7\u00e3o b\u00e1sica.<\/p>\n<p>Em Mar\u00edlia, por exemplo, sal\u00e1rios de R$ 1.700,00 para 3 horas de trabalho\/segunda a sexta-feira\/UBS.<\/p>\n<p>Sofr\u00edvel&#8230;<\/p>\n<p>N\u00e3o faltam m\u00e9dicos&#8230;<\/p>\n<p>Falta infraestrutura Ministro Alexandre Padilha !<\/p>\n<p>A popula\u00e7\u00e3o n\u00e3o quer m\u00e9dicos cubanos, venezuelanos, portugueses, ou bolivianos aqui no Brasil.<\/p>\n<p>Brasileiro deve ser consultado por m\u00e9dico brasileiro.<\/p>\n<p>A Organiza\u00e7\u00e3o Mundial de Sa\u00fade (OMS) reitera que a contrata\u00e7\u00e3o de m\u00e9dicos estrangeiros pelo Brasil deve ser vista apenas como uma solu\u00e7\u00e3o a curto prazo, e defende que o pa\u00eds fortale\u00e7a seu sistema de sa\u00fade para que seus pr\u00f3prios profissionais possam suprir a demanda interna. <a href=\"https:\/\/miltonmarchioli.com.br\/blog\/wp-content\/uploads\/4-CARTAZES1.jpg\"><img loading=\"lazy\" decoding=\"async\" class=\"alignright wp-image-5324\" title=\"4 CARTAZES\" src=\"https:\/\/miltonmarchioli.com.br\/blog\/wp-content\/uploads\/4-CARTAZES1-300x224.jpg\" alt=\"\" width=\"264\" height=\"197\" srcset=\"https:\/\/miltonmarchioli.com.br\/blog\/wp-content\/uploads\/4-CARTAZES1-300x224.jpg 300w, https:\/\/miltonmarchioli.com.br\/blog\/wp-content\/uploads\/4-CARTAZES1.jpg 619w\" sizes=\"auto, (max-width: 264px) 100vw, 264px\" \/><\/a><\/p>\n<p>Para Hans Kluge, Diretor da Divis\u00e3o dos Sistemas de Sa\u00fade e Sa\u00fade P\u00fablica da OMS, deve haver muito cuidado: &#8220;Temos exemplos em outros pa\u00edses de m\u00e9dicos estrangeiros que depois de dois anos de trabalho acabaram voltando para casa ou caindo no mercado informal por n\u00e3o ter conseguido se integrar no novo ambiente de trabalho. Alguns viraram taxistas&#8221;.<\/p>\n<p>Enfim, os m\u00e9dicos importados precisam se submeter ao Revalida e terem flu\u00eancia na l\u00edngua portuguesa.<\/p>\n<p>Fora disso \u00e9 incompet\u00eancia do governo&#8230;<\/p>\n<p>O ministro Padilha disse que os m\u00e9dicos que trabalharem em cidades long\u00ednquas &#8211; nos rinc\u00f5es do Brasil- receber\u00e3o R$ 10.000,00 reais.<\/p>\n<p>Mas sem infraestrutura ?<\/p>\n<p>N\u00e3o adiantar\u00e1 nada.<\/p>\n<p>E claro, nos contratos de m\u00e9dicos cubanos, financiar o governo de\u00a0 Raul Castro de Cuba &#8211; ditador e torturador.<\/p>\n<p>O governo PT quer tirar o foco do clamor popular por mudan\u00e7as no seu modelo de gest\u00e3o.<\/p>\n<p>Economia encolhendo, exporta\u00e7\u00f5es diminuindo, crise na seguran\u00e7a p\u00fablica das cidades, ensino mal\u00a0 remunerado aos professores, funcion\u00e1rios da Sa\u00fade P\u00fablica sem aumento salarial, e pior ainda, muita corrup\u00e7\u00e3o em Bras\u00edlia.<\/p>\n<p>N\u00e3o esque\u00e7amos o mensal\u00e3o !<\/p>\n<p>Ministro Padilha vem para as ruas ouvir e ler os cartazes autoexplicativos.<\/p>\n<p>O povo sabe onde as mudan\u00e7as j\u00e1 podem come\u00e7ar.<\/p>\n<p>Basta ler os cartazes Ministro Padilha&#8230;<\/p>\n<p>Abaixo o Programa Mais M\u00e9dicos !<\/p>\n<p><a href=\"https:\/\/miltonmarchioli.com.br\/blog\/wp-content\/uploads\/N\u00c3O-PRECISAMOS-DE-CUBANOS.jpg\"><img loading=\"lazy\" decoding=\"async\" class=\"aligncenter size-full wp-image-12133\" src=\"https:\/\/miltonmarchioli.com.br\/blog\/wp-content\/uploads\/N\u00c3O-PRECISAMOS-DE-CUBANOS.jpg\" alt=\"N\u00c3O PRECISAMOS DE CUBANOS\" width=\"619\" height=\"464\" srcset=\"https:\/\/miltonmarchioli.com.br\/blog\/wp-content\/uploads\/N\u00c3O-PRECISAMOS-DE-CUBANOS.jpg 619w, https:\/\/miltonmarchioli.com.br\/blog\/wp-content\/uploads\/N\u00c3O-PRECISAMOS-DE-CUBANOS-300x225.jpg 300w\" sizes=\"auto, (max-width: 619px) 100vw, 619px\" \/><\/a><\/p>\n","protected":false},"excerpt":{"rendered":"<p>Entidades m\u00e9dicas realizaram no dia 16-07-2013 nova mobiliza\u00e7\u00e3o nacional contra a proposta do governo federal de enviar m\u00e9dicos estrangeiros para trabalhar em comunidades do interior, e periferias das grandes cidades sem precisar passar pelo exame de revalida\u00e7\u00e3o do diploma Revalida. O protesto, que aconteceu em pelo menos 12 Estados, tamb\u00e9m criticou\u00a0 duramente o veto da &hellip; <a href=\"https:\/\/miltonmarchioli.com.br\/blog\/programa-mais-medicos-ou-necessidade-de-mais-infraestrutura-e-plano-de-carreira-cargos-e-salarios\/\" class=\"more-link\">Continue lendo <span class=\"screen-reader-text\">Programa Mais M\u00e9dicos ou necessidade de mais infraestrutura e plano de carreira, cargos e sal\u00e1rios ?<\/span> <span class=\"meta-nav\">&rarr;<\/span><\/a><\/p>\n","protected":false},"author":2,"featured_media":0,"comment_status":"open","ping_status":"open","sticky":false,"template":"","format":"standard","meta":{"rop_custom_images_group":[],"rop_custom_messages_group":[],"rop_publish_now":"initial","rop_publish_now_accounts":[],"rop_publish_now_history":[],"rop_publish_now_status":"pending","footnotes":""},"categories":[8,332,13,366,9],"tags":[1036,533],"class_list":["post-5318","post","type-post","status-publish","format-standard","hentry","category-direito-e-saude","category-educacao","category-opiniao","category-politica","category-saude-publica","tag-dilma-rousseff-governo-pt-medicos-cubanos","tag-programa-mais-medicos"],"_links":{"self":[{"href":"https:\/\/miltonmarchioli.com.br\/blog\/wp-json\/wp\/v2\/posts\/5318","targetHints":{"allow":["GET"]}}],"collection":[{"href":"https:\/\/miltonmarchioli.com.br\/blog\/wp-json\/wp\/v2\/posts"}],"about":[{"href":"https:\/\/miltonmarchioli.com.br\/blog\/wp-json\/wp\/v2\/types\/post"}],"author":[{"embeddable":true,"href":"https:\/\/miltonmarchioli.com.br\/blog\/wp-json\/wp\/v2\/users\/2"}],"replies":[{"embeddable":true,"href":"https:\/\/miltonmarchioli.com.br\/blog\/wp-json\/wp\/v2\/comments?post=5318"}],"version-history":[{"count":13,"href":"https:\/\/miltonmarchioli.com.br\/blog\/wp-json\/wp\/v2\/posts\/5318\/revisions"}],"predecessor-version":[{"id":13695,"href":"https:\/\/miltonmarchioli.com.br\/blog\/wp-json\/wp\/v2\/posts\/5318\/revisions\/13695"}],"wp:attachment":[{"href":"https:\/\/miltonmarchioli.com.br\/blog\/wp-json\/wp\/v2\/media?parent=5318"}],"wp:term":[{"taxonomy":"category","embeddable":true,"href":"https:\/\/miltonmarchioli.com.br\/blog\/wp-json\/wp\/v2\/categories?post=5318"},{"taxonomy":"post_tag","embeddable":true,"href":"https:\/\/miltonmarchioli.com.br\/blog\/wp-json\/wp\/v2\/tags?post=5318"}],"curies":[{"name":"wp","href":"https:\/\/api.w.org\/{rel}","templated":true}]}}