{"id":532,"date":"2011-07-05T23:52:01","date_gmt":"2011-07-05T23:52:01","guid":{"rendered":"http:\/\/miltonmarchioli.com.br\/blog\/?p=532"},"modified":"2022-01-07T10:53:58","modified_gmt":"2022-01-07T13:53:58","slug":"cefaleia-tensional-seminario-curso-de-medicina-da-famema","status":"publish","type":"post","link":"https:\/\/miltonmarchioli.com.br\/blog\/cefaleia-tensional-seminario-curso-de-medicina-da-famema\/","title":{"rendered":"Cefaleia Tensional. Semin\u00e1rio. Curso de Medicina da Famema"},"content":{"rendered":"<p><a href=\"https:\/\/miltonmarchioli.com.br\/blog\/wp-content\/uploads\/cefaleia-japonesa.jpg\"><img loading=\"lazy\" decoding=\"async\" class=\"alignleft wp-image-10185\" src=\"https:\/\/miltonmarchioli.com.br\/blog\/wp-content\/uploads\/cefaleia-japonesa-214x300.jpg\" alt=\"cefaleia - japonesa\" width=\"203\" height=\"285\" srcset=\"https:\/\/miltonmarchioli.com.br\/blog\/wp-content\/uploads\/cefaleia-japonesa-214x300.jpg 214w, https:\/\/miltonmarchioli.com.br\/blog\/wp-content\/uploads\/cefaleia-japonesa.jpg 300w\" sizes=\"auto, (max-width: 203px) 100vw, 203px\" \/><\/a>Semin\u00e1rio apresentado pela aluna\u00a0 Ma\u00edra Bagodi Batista da Silva &#8211; aluna do 4\u00ba ano do curso de medicina da Famema &#8211; Ambulat\u00f3rio de Cefaleia &#8211;\u00a0 Ambulat\u00f3rio M\u00e1rio Covas- disciplinas Neurologia e Educa\u00e7\u00e3o em Ci\u00eancias da Sa\u00fade.<\/p>\n<p>Uma revis\u00e3o dos conceitos da\u00a0<a href=\"https:\/\/miltonmarchioli.com.br\/blog\/wp-content\/uploads\/CTT-Marchioli-4-ano-maira.ppt\">cefaleia tipo tensional<\/a>, bem como o seu tratamento.<\/p>\n<p>A\u00a0Cefaleia Tensional\u00a0 \u00e9 a mais prevalente das Cefaleias Prim\u00e1rias , e muito frequente no Ambulat\u00f3rio de Cefaleia.<\/p>\n<p>A cefaleia \u00e9 normalmente holocraniana, moderada intensidade,\u00a0 fotofobia ou fonofobia, sem n\u00e1useas ou v\u00f4mitos.<\/p>\n<p>A dor n\u00e3o se agrava aos esfor\u00e7os f\u00edsicos, mas pode durar at\u00e9 7 dias.<\/p>\n<p>A dor sentida pela cefaleia tensional pode ser descrita como:<\/p>\n<ul>\n<li>Uma press\u00e3o leve, mas constante (n\u00e3o latejante).<\/li>\n<li>Uma faixa apertada ou um torno na cabe\u00e7a.<\/li>\n<li>Espalhada (n\u00e3o apenas em um local ou de um lado).<\/li>\n<li>\u00c9 pior no couro cabeludo, nas t\u00eamporas ou na nuca e, possivelmente, nos ombros.<\/li>\n<\/ul>\n<p>A dor da cefaleia tensional pode ocorrer como um evento isolado, ser constante ou di\u00e1ria.<\/p>\n<p>Pode ser desencadeada ou piorar por estresse, fadiga, barulho ou claridade excessiva.<\/p>\n<p>Pode causar ins\u00f4nia.<\/p>\n<p>Banhos de chuveiro ou de banheira, quentes ou frios, podem aliviar a dor de cabe\u00e7a para algumas pessoas.<\/p>\n<p>Mudan\u00e7as no seu estilo de vida podem ajudar a melhora da cefaleia tensional.<\/p>\n<p>Os analg\u00e9sicos vendidos sem receita m\u00e9dica, como \u00e1cido acetilsalic\u00edlico, ibuprofeno ou acetaminofeno, podem aliviar a dor se as t\u00e9cnicas de relaxamento n\u00e3o funcionarem.<\/p>\n<p>Outros tratamentos com medicamentos incluem:<\/p>\n<ul>\n<li>Relaxantes musculares, como tizanidina;<\/li>\n<li>Inibidores seletivos de recapta\u00e7\u00e3o de serotonina (ISRS), como paroxetina ou citalopram, tomados diariamente para ajudar a prevenir ou diminuir as ocorr\u00eancias de dor de cabe\u00e7a;<\/li>\n<li>Antidepressivos tric\u00edclicos, como amitriptilina, nortriptilina ou doxepina, tomados diariamente para ajudar a prevenir ou diminuir as ocorr\u00eancias de dor de cabe\u00e7a.<\/li>\n<\/ul>\n<p>Combinar o tratamento com medicamentos e exerc\u00edcios de relaxamento ou de gerenciamento de estresse, biofeedback, terapia comportamental cognitiva ou acupuntura pode proporcionar um al\u00edvio maior para as cefaleias cr\u00f4nicas.<\/p>\n<p>Lutemos por uma Sa\u00fade P\u00fablica com\u00a0 qualidade !<\/p>\n<p><a href=\"https:\/\/miltonmarchioli.com.br\/blog\/wp-content\/uploads\/acupuntura.jpg\"><img loading=\"lazy\" decoding=\"async\" class=\"alignleft size-full wp-image-10186\" src=\"https:\/\/miltonmarchioli.com.br\/blog\/wp-content\/uploads\/acupuntura.jpg\" alt=\"acupuntura\" width=\"594\" height=\"216\" srcset=\"https:\/\/miltonmarchioli.com.br\/blog\/wp-content\/uploads\/acupuntura.jpg 594w, https:\/\/miltonmarchioli.com.br\/blog\/wp-content\/uploads\/acupuntura-300x109.jpg 300w\" sizes=\"auto, (max-width: 594px) 100vw, 594px\" \/><\/a><\/p>\n","protected":false},"excerpt":{"rendered":"<p>Semin\u00e1rio apresentado pela aluna\u00a0 Ma\u00edra Bagodi Batista da Silva &#8211; aluna do 4\u00ba ano do curso de medicina da Famema &#8211; Ambulat\u00f3rio de Cefaleia &#8211;\u00a0 Ambulat\u00f3rio M\u00e1rio Covas- disciplinas Neurologia e Educa\u00e7\u00e3o em Ci\u00eancias da Sa\u00fade. Uma revis\u00e3o dos conceitos da\u00a0cefaleia tipo tensional, bem como o seu tratamento. A\u00a0Cefaleia Tensional\u00a0 \u00e9 a mais prevalente das &hellip; <a href=\"https:\/\/miltonmarchioli.com.br\/blog\/cefaleia-tensional-seminario-curso-de-medicina-da-famema\/\" class=\"more-link\">Continue lendo <span class=\"screen-reader-text\">Cefaleia Tensional. Semin\u00e1rio. Curso de Medicina da Famema<\/span> <span class=\"meta-nav\">&rarr;<\/span><\/a><\/p>\n","protected":false},"author":2,"featured_media":0,"comment_status":"open","ping_status":"open","sticky":false,"template":"","format":"standard","meta":{"rop_custom_images_group":[],"rop_custom_messages_group":[],"rop_publish_now":"initial","rop_publish_now_accounts":[],"rop_publish_now_history":[],"rop_publish_now_status":"pending","footnotes":""},"categories":[332,4,13,9],"tags":[657],"class_list":["post-532","post","type-post","status-publish","format-standard","hentry","category-educacao","category-neurologia","category-opiniao","category-saude-publica","tag-ambulatorio-de-cefaleia-ambulatorio-mario-covas-famema"],"_links":{"self":[{"href":"https:\/\/miltonmarchioli.com.br\/blog\/wp-json\/wp\/v2\/posts\/532","targetHints":{"allow":["GET"]}}],"collection":[{"href":"https:\/\/miltonmarchioli.com.br\/blog\/wp-json\/wp\/v2\/posts"}],"about":[{"href":"https:\/\/miltonmarchioli.com.br\/blog\/wp-json\/wp\/v2\/types\/post"}],"author":[{"embeddable":true,"href":"https:\/\/miltonmarchioli.com.br\/blog\/wp-json\/wp\/v2\/users\/2"}],"replies":[{"embeddable":true,"href":"https:\/\/miltonmarchioli.com.br\/blog\/wp-json\/wp\/v2\/comments?post=532"}],"version-history":[{"count":15,"href":"https:\/\/miltonmarchioli.com.br\/blog\/wp-json\/wp\/v2\/posts\/532\/revisions"}],"predecessor-version":[{"id":13474,"href":"https:\/\/miltonmarchioli.com.br\/blog\/wp-json\/wp\/v2\/posts\/532\/revisions\/13474"}],"wp:attachment":[{"href":"https:\/\/miltonmarchioli.com.br\/blog\/wp-json\/wp\/v2\/media?parent=532"}],"wp:term":[{"taxonomy":"category","embeddable":true,"href":"https:\/\/miltonmarchioli.com.br\/blog\/wp-json\/wp\/v2\/categories?post=532"},{"taxonomy":"post_tag","embeddable":true,"href":"https:\/\/miltonmarchioli.com.br\/blog\/wp-json\/wp\/v2\/tags?post=532"}],"curies":[{"name":"wp","href":"https:\/\/api.w.org\/{rel}","templated":true}]}}