{"id":5337,"date":"2013-07-24T10:37:03","date_gmt":"2013-07-24T13:37:03","guid":{"rendered":"http:\/\/miltonmarchioli.com.br\/blog\/?p=5337"},"modified":"2022-01-21T17:33:24","modified_gmt":"2022-01-21T20:33:24","slug":"fenam-se-desliga-de-comissoes-do-ministerio-da-saude-do-governo-de-dilma-rousseff","status":"publish","type":"post","link":"https:\/\/miltonmarchioli.com.br\/blog\/fenam-se-desliga-de-comissoes-do-ministerio-da-saude-do-governo-de-dilma-rousseff\/","title":{"rendered":"Fenam se desliga de comiss\u00f5es do Minist\u00e9rio da Sa\u00fade do governo de Dilma Rousseff"},"content":{"rendered":"<p><a href=\"https:\/\/miltonmarchioli.com.br\/blog\/wp-content\/uploads\/fenam.jpg\"><img loading=\"lazy\" decoding=\"async\" class=\"alignleft wp-image-5338\" title=\"fenam\" src=\"https:\/\/miltonmarchioli.com.br\/blog\/wp-content\/uploads\/fenam-300x172.jpg\" alt=\"\" width=\"242\" height=\"139\" srcset=\"https:\/\/miltonmarchioli.com.br\/blog\/wp-content\/uploads\/fenam-300x172.jpg 300w, https:\/\/miltonmarchioli.com.br\/blog\/wp-content\/uploads\/fenam.jpg 401w\" sizes=\"auto, (max-width: 242px) 100vw, 242px\" \/><\/a>Em protesto contra o Programa Mais M\u00e9dicos do governo federal e aos vetos da presidente Dilma Rousseff \u00e0 lei do Ato M\u00e9dico, a Federa\u00e7\u00e3o Nacional dos M\u00e9dicos (Fenam) se desligou, no dia 19\/07\/2013, das onze comiss\u00f5es que integrava em \u00f3rg\u00e3os federais, como o Minist\u00e9rio da Sa\u00fade e o Conselho Nacional de Sa\u00fade.<\/p>\n<p>A trucul\u00eancia do governo da esquerda contra os m\u00e9dicos virou uma rotina para os pobres mortais m\u00e9dicos brasileiros.<\/p>\n<p>Tais comiss\u00f5es s\u00e3o formadas para que representantes de entidades m\u00e9dicas ajudem o governo a tomar decis\u00f5es que v\u00e3o desde procedimentos a serem inclu\u00eddos na cobertura dos planos de sa\u00fade at\u00e9 formas de incentivar m\u00e9dicos a trabalharem no interior do Brasil.<\/p>\n<p>\u201cTenho a impress\u00e3o de que o governo quer legitimar decis\u00f5es dizendo que est\u00e3o ouvindo a classe m\u00e9dica. Isso n\u00e3o \u00e9 verdade. Todas as nossas sugest\u00f5es s\u00e3o diferentes das propostas da MP que institui o Mais M\u00e9dicos\u201d, disse ao site da Revista VEJA Geraldo Ferreira Filho, presidente da Fenam. \u201cDiante disso, entendemos que n\u00e3o temos o que fazer nessas comiss\u00f5es.\u201d<\/p>\n<p>Segundo Ferreira Filho, uma dessas onze comiss\u00f5es foi formada especificamente para a elabora\u00e7\u00e3o de propostas que promovessem a ida de m\u00e9dicos a munic\u00edpios brasileiros com escassez de profissionais. Desde sua cria\u00e7\u00e3o, em 18 de junho deste ano, o grupo fez tr\u00eas reuni\u00f5es. \u201cPropusemos medidas como a cria\u00e7\u00e3o de carreira m\u00e9dica e um concurso p\u00fablico nacional para incentivar m\u00e9dicos a trabalhar nesses locais\u201d, diz.<\/p>\n<p>Tr\u00eas semanas ap\u00f3s a cria\u00e7\u00e3o da comiss\u00e3o, o governo anunciou a MP dos M\u00e9dicos, com propostas completamente distintas das apresentadas pela comiss\u00e3o, de acordo com Ferreira Filho.<\/p>\n<p>Al\u00e9m de se retirar das comiss\u00f5es, a Fenam tamb\u00e9m entrar\u00e1 na pr\u00f3xima semana com duas a\u00e7\u00f5es judiciais contra a MP dos M\u00e9dicos, nas quais questionar\u00e1 pontos da proposta \u2014 como, por exemplo, se realmente h\u00e1 urg\u00eancia no programa para que o mesmo configure uma medida provis\u00f3ria.<\/p>\n<p>Em dia de manifesta\u00e7\u00f5es e paralisa\u00e7\u00f5es dos m\u00e9dicos em v\u00e1rios Estados do pa\u00eds, a Federa\u00e7\u00e3o Nacional dos M\u00e9dicos (Fenam), entidade que congrega os sindicatos da categoria, ajuizou no dia 23\/07\/2013 uma A\u00e7\u00e3o Civil P\u00fablica na Justi\u00e7a Federal contra o Programa Mais M\u00e9dicos.<\/p>\n<p>\u201cA Fenam busca impedir que a implementa\u00e7\u00e3o do Programa Mais M\u00e9dicos cause danos \u00e0 popula\u00e7\u00e3o brasileira com o atendimento inadequado feito por profissionais com forma\u00e7\u00e3o duvidosa\u201d, divulgou em nota a entidade.<\/p>\n<p>Aproveitando que o Ministro da Sa\u00fade, Alexandre Padilha, esteve na Casa de Portugal, na capital paulista para tentar convencer prefeitos a aderirem \u00e0 importa\u00e7\u00e3o em massa de profissionais de medicina formados no exterior.<\/p>\n<p>Em resposta foi promovido um apita\u00e7o para dar tom ao coro que j\u00e1 toma conta da na\u00e7\u00e3o:<\/p>\n<p>Vai pra casa Padilha!<\/p>\n<p class=\" \">O Programa Mais M\u00e9dicos vai ofertar bolsa federal de R$ 10 mil (por jornada de 40 horas semanais) a m\u00e9dicos que atuar\u00e3o na aten\u00e7\u00e3o b\u00e1sica da rede p\u00fablica de sa\u00fade, sob supervis\u00e3o de institui\u00e7\u00f5es p\u00fablicas de ensino.<\/p>\n<p class=\" \">Uma pergunta que precisa ser feita.<\/p>\n<p class=\" \">Quem ser\u00e3o esses supervisores ?<\/p>\n<p class=\" \">As vagas ser\u00e3o ocupadas prioritariamente por m\u00e9dicos brasileiros, e os estrangeiros ter\u00e3o de comprovar conhecimento em l\u00edngua portuguesa e passar por um curso de especializa\u00e7\u00e3o em aten\u00e7\u00e3o b\u00e1sica.<\/p>\n<p>Os m\u00e9dicos estrangeiros ficar\u00e3o isentos de participar do Exame Nacional de Revalida\u00e7\u00e3o de Diplomas (Revalida), e ter\u00e3o apenas registro tempor\u00e1rio, para trabalhar no Brasil por per\u00edodo m\u00e1ximo de tr\u00eas anos e nos munic\u00edpios para os quais forem designados.<\/p>\n<p>Os munic\u00edpios ter\u00e3o que oferecer moradia e alimenta\u00e7\u00e3o aos m\u00e9dicos, brasileiros ou estrangeiros, al\u00e9m de investir na constru\u00e7\u00e3o, reforma e amplia\u00e7\u00e3o de unidades b\u00e1sicas.<\/p>\n<p>Na verdade, na verdade, os m\u00e9dicos cubanos n\u00e3o receber\u00e3o nada,\u00a0 ou alguns reais, e a maior parte das verbas vai ficar com o presidente de Cuba.<\/p>\n<p>Que vergonha ilustr\u00edssima\u00a0 presidente Dilma Rousseff !<\/p>\n<p>Os m\u00e9dicos do Brasil n\u00e3o se esquecer\u00e3o dessa punhalada nas costas nos que trabalham na sa\u00fade p\u00fablica.<\/p>\n<p>O que realmente o governo n\u00e3o quer ver \u00e9 que falta plano de carreira para m\u00e9dicos trabalharem por todo o Brasil!<\/p>\n<p>E falta infraestrutura !<\/p>\n<p>Abaixo o Programa Mais M\u00e9dicos !<\/p>\n<p><a href=\"https:\/\/miltonmarchioli.com.br\/blog\/wp-content\/uploads\/medicos.jpg\"><img loading=\"lazy\" decoding=\"async\" class=\"aligncenter wp-image-9646\" src=\"https:\/\/miltonmarchioli.com.br\/blog\/wp-content\/uploads\/medicos.jpg\" alt=\"medicos\" width=\"444\" height=\"296\" srcset=\"https:\/\/miltonmarchioli.com.br\/blog\/wp-content\/uploads\/medicos.jpg 620w, https:\/\/miltonmarchioli.com.br\/blog\/wp-content\/uploads\/medicos-300x200.jpg 300w\" sizes=\"auto, (max-width: 444px) 100vw, 444px\" \/><\/a><\/p>\n","protected":false},"excerpt":{"rendered":"<p>Em protesto contra o Programa Mais M\u00e9dicos do governo federal e aos vetos da presidente Dilma Rousseff \u00e0 lei do Ato M\u00e9dico, a Federa\u00e7\u00e3o Nacional dos M\u00e9dicos (Fenam) se desligou, no dia 19\/07\/2013, das onze comiss\u00f5es que integrava em \u00f3rg\u00e3os federais, como o Minist\u00e9rio da Sa\u00fade e o Conselho Nacional de Sa\u00fade. A trucul\u00eancia do &hellip; <a href=\"https:\/\/miltonmarchioli.com.br\/blog\/fenam-se-desliga-de-comissoes-do-ministerio-da-saude-do-governo-de-dilma-rousseff\/\" class=\"more-link\">Continue lendo <span class=\"screen-reader-text\">Fenam se desliga de comiss\u00f5es do Minist\u00e9rio da Sa\u00fade do governo de Dilma Rousseff<\/span> <span class=\"meta-nav\">&rarr;<\/span><\/a><\/p>\n","protected":false},"author":2,"featured_media":0,"comment_status":"open","ping_status":"open","sticky":false,"template":"","format":"standard","meta":{"rop_custom_images_group":[],"rop_custom_messages_group":[],"rop_publish_now":"initial","rop_publish_now_accounts":[],"rop_publish_now_history":[],"rop_publish_now_status":"pending","footnotes":""},"categories":[8,11,332,366,9],"tags":[805,534],"class_list":["post-5337","post","type-post","status-publish","format-standard","hentry","category-direito-e-saude","category-economia","category-educacao","category-politica","category-saude-publica","tag-federacao-nacional-dos-medicos-fenam","tag-programa-mais-medicos-2013"],"_links":{"self":[{"href":"https:\/\/miltonmarchioli.com.br\/blog\/wp-json\/wp\/v2\/posts\/5337","targetHints":{"allow":["GET"]}}],"collection":[{"href":"https:\/\/miltonmarchioli.com.br\/blog\/wp-json\/wp\/v2\/posts"}],"about":[{"href":"https:\/\/miltonmarchioli.com.br\/blog\/wp-json\/wp\/v2\/types\/post"}],"author":[{"embeddable":true,"href":"https:\/\/miltonmarchioli.com.br\/blog\/wp-json\/wp\/v2\/users\/2"}],"replies":[{"embeddable":true,"href":"https:\/\/miltonmarchioli.com.br\/blog\/wp-json\/wp\/v2\/comments?post=5337"}],"version-history":[{"count":8,"href":"https:\/\/miltonmarchioli.com.br\/blog\/wp-json\/wp\/v2\/posts\/5337\/revisions"}],"predecessor-version":[{"id":13697,"href":"https:\/\/miltonmarchioli.com.br\/blog\/wp-json\/wp\/v2\/posts\/5337\/revisions\/13697"}],"wp:attachment":[{"href":"https:\/\/miltonmarchioli.com.br\/blog\/wp-json\/wp\/v2\/media?parent=5337"}],"wp:term":[{"taxonomy":"category","embeddable":true,"href":"https:\/\/miltonmarchioli.com.br\/blog\/wp-json\/wp\/v2\/categories?post=5337"},{"taxonomy":"post_tag","embeddable":true,"href":"https:\/\/miltonmarchioli.com.br\/blog\/wp-json\/wp\/v2\/tags?post=5337"}],"curies":[{"name":"wp","href":"https:\/\/api.w.org\/{rel}","templated":true}]}}