{"id":5349,"date":"2013-07-29T23:51:18","date_gmt":"2013-07-30T02:51:18","guid":{"rendered":"http:\/\/miltonmarchioli.com.br\/blog\/?p=5349"},"modified":"2022-01-21T17:38:28","modified_gmt":"2022-01-21T20:38:28","slug":"acidente-vascular-cerebral-isquemico-seminario-curso-de-medicina-da-famema-3","status":"publish","type":"post","link":"https:\/\/miltonmarchioli.com.br\/blog\/acidente-vascular-cerebral-isquemico-seminario-curso-de-medicina-da-famema-3\/","title":{"rendered":"Acidente Vascular Cerebral  Isqu\u00eamico. Semin\u00e1rio. Curso de Medicina da Famema"},"content":{"rendered":"<p><a href=\"https:\/\/miltonmarchioli.com.br\/blog\/wp-content\/uploads\/avc-m\u00e3o-na-cabe\u00e7a.png\"><img loading=\"lazy\" decoding=\"async\" class=\"alignleft size-medium wp-image-12137\" src=\"https:\/\/miltonmarchioli.com.br\/blog\/wp-content\/uploads\/avc-m\u00e3o-na-cabe\u00e7a-300x225.png\" alt=\"avc- m\u00e3o na cabe\u00e7a\" width=\"300\" height=\"225\" \/><\/a><a href=\"https:\/\/miltonmarchioli.com.br\/blog\/wp-content\/uploads\/SEMIN\u00c1RIO-AVC-29-07-2013.pptx\">Semin\u00e1rio apresentado pelos alunos do 4\u00ba ano do curso de medicina da Famema abordando o tema Acidente Vascular Cerebral Isqu\u00eamico &#8211; Lu\u00eds Eduardo Santos, Mariana Cincerre Paulino, Priscila Castro, Raquel Souza de Oliveira e Vin\u00edcius Pil\u00e3o no Ambulat\u00f3rio Neurovascular- disciplinas Neurologia e Educa\u00e7\u00e3o em Ci\u00eancias da Sa\u00fade.<\/a><\/p>\n<p>O acidente vascular cerebral (AVC) \u00e9 um quadro neurol\u00f3gico agudo, de origem vascular, com r\u00e1pido desenvolvimento de sinais cl\u00ednicos devido a dist\u00farbios locais ou integrais da fun\u00e7\u00e3o cerebral.<\/p>\n<p>\u00c9 hoje, uma das causas mais comuns de disfun\u00e7\u00e3o neurol\u00f3gica que ocorre na popula\u00e7\u00e3o adulta.<\/p>\n<p>\u00c9 classificado em duas grandes categorias: o AVC isqu\u00eamico, quando ocorre a oclus\u00e3o de um vaso sangu\u00edneo (art\u00e9ria) que irriga determinada regi\u00e3o encef\u00e1lica, privando essa regi\u00e3o de nutrientes e oxig\u00eanio, e o AVC hemorr\u00e1gico, quando h\u00e1 ruptura de um vaso sangu\u00edneo encef\u00e1lico.<\/p>\n<p>Os sinais e sintomas mais comuns que ocorrem ap\u00f3s o acidente vascular cerebral (AVC) s\u00e3o: altera\u00e7\u00e3o do n\u00edvel de consci\u00eancia, paralisia ou paresia, dist\u00farbios sensitivos, incoordena\u00e7\u00e3o, espasticidade, apraxias, anosognosia, altera\u00e7\u00f5es do campo visual, ataxia, afasia, disartria, julgamento e planejamento prejudicados, e discalculia.<\/p>\n<p>A hipertens\u00e3o arterial sist\u00eamica (HAS) \u00e9 o principal fator de risco preditivo para AVC, pois est\u00e1 presente em cerca de 70\u00a0 % dos casos de doen\u00e7a cerebrovascular (DCV).<\/p>\n<p>Cardiopatias s\u00e3o consideradas o segundo fator de risco mais importante para AVC, cuja frequ\u00eancia \u00e9 41,9% para AVCI (contra cerca de 2 % para AVC hemorr\u00e1gico). Fibrila\u00e7\u00e3o atrial cr\u00f4nica (FA) \u00e9 a doen\u00e7a card\u00edaca mais associada com AVC, representando cerca de 22 % destes casos.<\/p>\n<p>Diabete melito (DM) \u00e9 fator de risco independente para a DCV, uma vez que acelera o processo ateroscler\u00f3tico. Cerca de 23 % de pacientes com AVCI s\u00e3o diab\u00e9ticos.<\/p>\n<p>O Brasil, desde a d\u00e9cada de 1940, vem passando por um processo de invers\u00e3o das curvas de mortalidade, observando-se um decl\u00ednio de mortes por doen\u00e7as infecciosas e um concomitante aumento por doen\u00e7as cr\u00f4nicas n\u00e3o transmiss\u00edveis e causas externas.<\/p>\n<p>Este processo \u00e9 conhecido por fen\u00f4meno de transi\u00e7\u00e3o epidemiol\u00f3gica, ocorrida em todos os pa\u00edses hoje desenvolvidos, nos quais a popula\u00e7\u00e3o de idosos \u00e9 cada vez mais expressiva.<\/p>\n<p>Dentre as doen\u00e7as n\u00e3o transmiss\u00edveis interessam, particularmente, os acidentes cardiovasculares cerebrais e o infarto do mioc\u00e1rdio (IAM) devido \u00e0 sua import\u00e2ncia no obitu\u00e1rio geral, tanto em homens quanto nas mulheres.<\/p>\n<p>As doen\u00e7as cerebrovasculares, particularmente, o AVC representa a terceira causa de morte em pa\u00edses industrializados e a primeira causa no Brasil.<\/p>\n<p>Existe uma tend\u00eancia generalizada ao aumento da porcentagem de idosos na popula\u00e7\u00e3o e isso significa que o AVC deve continuar sendo um problema de sa\u00fade p\u00fablica de relev\u00e2ncia superior neste S\u00e9culo XXI.<\/p>\n<p>A preval\u00eancia de AVC \u00e9 alta e, apesar de a taxa de sobrevida ser elevada, atualmente 90% dos sobreviventes desenvolvem algum tipo de defici\u00eancia, o que o torna uma das principais causas de incapacidade em adultos.<\/p>\n<p>Ap\u00f3s um AVC o sujeito pode evoluir com dist\u00farbios na comunica\u00e7\u00e3o, na mem\u00f3ria, altera\u00e7\u00f5es visuais, altera\u00e7\u00f5es sensoriais e motoras.<\/p>\n<p>Assim, al\u00e9m de contribuir para a morbidade e mortalidade, essa doen\u00e7a tamb\u00e9m implica em altos custos para a seguridade social.<\/p>\n<p>Suas consequ\u00eancias podem ser de grande impacto, gerando enormes demandas de recursos em diagn\u00f3stico, tratamento e reabilita\u00e7\u00e3o.<\/p>\n<p>O AVC\u00a0 configura-se como um desafio para os profissionais de sa\u00fade, pois grande parte desses ainda s\u00e3o despreparados para o atendimento aos pacientes com AVC, seja pelo reconhecimento tardio da patologia, pela car\u00eancia de aparelhagem adequada para o diagn\u00f3stico por imagem ou mesmo por subestimar a gravidade da doen\u00e7a, ou ainda pior, n\u00e3o ter uma Unidade de AVC\u00a0 em Hospitais P\u00fablicos para realizar os trombol\u00edticos (rt-PA) at\u00e9 4,5 horas do in\u00edcio dos sintomas.<\/p>\n<p>Em defesa da Sa\u00fade P\u00fablica com qualidade !<\/p>\n<p>Em defesa de Unidades de AVC em hospitais p\u00fablicos !<\/p>\n<p><a href=\"https:\/\/miltonmarchioli.com.br\/blog\/wp-content\/uploads\/avc-dia-29.jpg\"><img loading=\"lazy\" decoding=\"async\" class=\"aligncenter size-full wp-image-10846\" src=\"https:\/\/miltonmarchioli.com.br\/blog\/wp-content\/uploads\/avc-dia-29.jpg\" alt=\"avc- dia 29\" width=\"600\" height=\"298\" srcset=\"https:\/\/miltonmarchioli.com.br\/blog\/wp-content\/uploads\/avc-dia-29.jpg 600w, https:\/\/miltonmarchioli.com.br\/blog\/wp-content\/uploads\/avc-dia-29-300x149.jpg 300w\" sizes=\"auto, (max-width: 600px) 100vw, 600px\" \/><\/a><\/p>\n<div dir=\"ltr\" data-font-name=\"Times New Roman\" data-canvas-width=\"335.8080100078583\"><\/div>\n","protected":false},"excerpt":{"rendered":"<p>Semin\u00e1rio apresentado pelos alunos do 4\u00ba ano do curso de medicina da Famema abordando o tema Acidente Vascular Cerebral Isqu\u00eamico &#8211; Lu\u00eds Eduardo Santos, Mariana Cincerre Paulino, Priscila Castro, Raquel Souza de Oliveira e Vin\u00edcius Pil\u00e3o no Ambulat\u00f3rio Neurovascular- disciplinas Neurologia e Educa\u00e7\u00e3o em Ci\u00eancias da Sa\u00fade. O acidente vascular cerebral (AVC) \u00e9 um quadro &hellip; <a href=\"https:\/\/miltonmarchioli.com.br\/blog\/acidente-vascular-cerebral-isquemico-seminario-curso-de-medicina-da-famema-3\/\" class=\"more-link\">Continue lendo <span class=\"screen-reader-text\">Acidente Vascular Cerebral  Isqu\u00eamico. Semin\u00e1rio. Curso de Medicina da Famema<\/span> <span class=\"meta-nav\">&rarr;<\/span><\/a><\/p>\n","protected":false},"author":2,"featured_media":0,"comment_status":"open","ping_status":"open","sticky":false,"template":"","format":"standard","meta":{"rop_custom_images_group":[],"rop_custom_messages_group":[],"rop_publish_now":"initial","rop_publish_now_accounts":[],"rop_publish_now_history":[],"rop_publish_now_status":"pending","footnotes":""},"categories":[332,4,13,366,9],"tags":[254],"class_list":["post-5349","post","type-post","status-publish","format-standard","hentry","category-educacao","category-neurologia","category-opiniao","category-politica","category-saude-publica","tag-anticoagulacao-ambulatorio-neurovascular-famema"],"_links":{"self":[{"href":"https:\/\/miltonmarchioli.com.br\/blog\/wp-json\/wp\/v2\/posts\/5349","targetHints":{"allow":["GET"]}}],"collection":[{"href":"https:\/\/miltonmarchioli.com.br\/blog\/wp-json\/wp\/v2\/posts"}],"about":[{"href":"https:\/\/miltonmarchioli.com.br\/blog\/wp-json\/wp\/v2\/types\/post"}],"author":[{"embeddable":true,"href":"https:\/\/miltonmarchioli.com.br\/blog\/wp-json\/wp\/v2\/users\/2"}],"replies":[{"embeddable":true,"href":"https:\/\/miltonmarchioli.com.br\/blog\/wp-json\/wp\/v2\/comments?post=5349"}],"version-history":[{"count":13,"href":"https:\/\/miltonmarchioli.com.br\/blog\/wp-json\/wp\/v2\/posts\/5349\/revisions"}],"predecessor-version":[{"id":13699,"href":"https:\/\/miltonmarchioli.com.br\/blog\/wp-json\/wp\/v2\/posts\/5349\/revisions\/13699"}],"wp:attachment":[{"href":"https:\/\/miltonmarchioli.com.br\/blog\/wp-json\/wp\/v2\/media?parent=5349"}],"wp:term":[{"taxonomy":"category","embeddable":true,"href":"https:\/\/miltonmarchioli.com.br\/blog\/wp-json\/wp\/v2\/categories?post=5349"},{"taxonomy":"post_tag","embeddable":true,"href":"https:\/\/miltonmarchioli.com.br\/blog\/wp-json\/wp\/v2\/tags?post=5349"}],"curies":[{"name":"wp","href":"https:\/\/api.w.org\/{rel}","templated":true}]}}