{"id":5360,"date":"2013-08-03T20:17:32","date_gmt":"2013-08-03T23:17:32","guid":{"rendered":"http:\/\/miltonmarchioli.com.br\/blog\/?p=5360"},"modified":"2022-01-21T17:40:47","modified_gmt":"2022-01-21T20:40:47","slug":"cefaleias-primarias-seminario-curso-de-medicina-da-famema-12","status":"publish","type":"post","link":"https:\/\/miltonmarchioli.com.br\/blog\/cefaleias-primarias-seminario-curso-de-medicina-da-famema-12\/","title":{"rendered":"Cefaleias Prim\u00e1rias. Semin\u00e1rio. Curso de Medicina da Famema"},"content":{"rendered":"<p><a href=\"https:\/\/miltonmarchioli.com.br\/blog\/wp-content\/uploads\/cefaleia-japonesa1.jpg\"><img loading=\"lazy\" decoding=\"async\" class=\"alignleft wp-image-10853\" src=\"https:\/\/miltonmarchioli.com.br\/blog\/wp-content\/uploads\/cefaleia-japonesa1-300x157.jpg\" alt=\"cefaleia japonesa\" width=\"275\" height=\"144\" srcset=\"https:\/\/miltonmarchioli.com.br\/blog\/wp-content\/uploads\/cefaleia-japonesa1-300x157.jpg 300w, https:\/\/miltonmarchioli.com.br\/blog\/wp-content\/uploads\/cefaleia-japonesa1.jpg 710w\" sizes=\"auto, (max-width: 275px) 100vw, 275px\" \/><\/a><a href=\"https:\/\/miltonmarchioli.com.br\/blog\/wp-content\/uploads\/Cefaleias-Prim\u00e1rias-Op\u00e7\u00f5es-Terap\u00eauticas-01-08-2013.pptx\">Semin\u00e1rio apresentado pelos alunos do 4\u00ba ano do curso de medicina da Famema discorrendo sobre o tema Cefaleias Prim\u00e1rias &#8211; Ma\u00edra Antunes Sinatura, Mariana Tebar,\u00a0 Rafael Ramos Schiavetti e Sara Regina da Silva Duarte no Ambulat\u00f3rio de Cefaleia- disciplinas Neurologia e Educa\u00e7\u00e3o em Ci\u00eancias da Sa\u00fade.<\/a><\/p>\n<p>Nesse semin\u00e1rio aborda-se o diagn\u00f3stico e tratamento das cefaleias prim\u00e1rias com enfoque especial aos novos avan\u00e7os no tratamento agudo e preventivo da enxaqueca, no diagn\u00f3stico e tratamento das cefaleias cr\u00f4nicas di\u00e1rias e cefaleia em salvas.<\/p>\n<p>A cefaleia \u00e9 uma das queixas mais frequentes na pr\u00e1tica cl\u00ednica.<\/p>\n<p>Podem ser secund\u00e1rias a alguma doen\u00e7a como, por exemplo, uma sinusite ou as chamadas cefaleias prim\u00e1rias como a migr\u00e2nea (enxaqueca) e a cefaleia do tipo tensional.<\/p>\n<p>A cefaleia do tipo tensional e a migr\u00e2nea s\u00e3o respons\u00e1veis por um custo econ\u00f4mico elevado em fun\u00e7\u00e3o dos dias de trabalho perdidos.<\/p>\n<p>Al\u00e9m disso, h\u00e1 um grande comprometimento da qualidade de vida principalmente em rela\u00e7\u00e3o \u00e0 migr\u00e2nea pela intensidade da dor.<\/p>\n<p>O diagn\u00f3stico das cefaleias prim\u00e1rias se baseia em crit\u00e9rios cl\u00ednicos publicados em 2004 pela Sociedade Internacional das Cefaleias.<\/p>\n<p>A migr\u00e2nea se caracteriza por dor latejante ou puls\u00e1til, unilateral, de moderada a forte intensidade que piora com alguns movimentos como abaixar ou levantar a cabe\u00e7a, al\u00e9m de fotofobia, fonofobia, n\u00e1useas e\/ou v\u00f4mitos.<\/p>\n<p>A cefaleia do tipo tensional geralmente se caracteriza por uma dor em peso ou aperto, bilateral de leve a moderada intensidade que n\u00e3o piora com a movimenta\u00e7\u00e3o do corpo nem se acompanha de n\u00e1useas ou v\u00f4mitos, foto ou fonofobia.<\/p>\n<p>Nem sempre os quadros s\u00e3o t\u00e3o diferentes e alguns sintomas podem sobrepor-se.<\/p>\n<p>O tratamento da migr\u00e2nea tem duas colunas.<\/p>\n<p>Na\u00a0 primeira deve-se tratar a crise aguda com analg\u00e9sico, associado a anti-inflamat\u00f3rios ou triptanos isolado ou associado a anti-inflamat\u00f3rio.<\/p>\n<p>Entretanto, no paciente que tem crises muito frequentes, com grande comprometimento da qualidade de vida, \u00e9 importante prescrever o tratamento profil\u00e1tico que impede ou diminui a frequ\u00eancia e a intensidade das crises.<\/p>\n<p>Os medicamentos mais utilizados s\u00e3o os beta-bloqueadores, os antidepressivos tric\u00edclicos, anticonvulsivantes (topiramato e \u00e1cido valpr\u00f3ico), e antagonistas de c\u00e1lcio.<\/p>\n<p>Em rela\u00e7\u00e3o \u00e0 cefaleia do tipo tensional, o tratamento \u00e9 feito com analg\u00e9sicos na crises. Nos casos cr\u00f4nicos se pode fazer a profilaxia com antidepressivos tric\u00edclicos.<\/p>\n<p>\u00c9 importante, como parte do tratamento, esclarecer o paciente e explicar que, embora n\u00e3o haja uma cura definitiva, o tratamento adequado permite o controle da dor e melhora da qualidade de vida.<\/p>\n<p>O arsenal terap\u00eautica para o tratamento da enxaqueca vem se expandindo.<\/p>\n<p>O droperidol, neurol\u00e9ptico derivado da butirofenona, demonstra-se muito eficaz no tratamento abortivo da enxaqueca, contudo efeitos colaterais centrais s\u00e3o comuns.<\/p>\n<p>O uso da toxina botul\u00ednica \u00e9 promissor, como um tratamento seguro, toler\u00e1vel e eficaz para a preven\u00e7\u00e3o da enxaqueca.<\/p>\n<p>Candesartan, inib\u00eddor da enzima conversara de angiotensina II, parece ser eficaz e facilmente tolerado, mas necessita mais estudos cl\u00ednicos. O tratamento hospitalar deve ser considerado no tratamento da cefaleia cr\u00f4nica di\u00e1ria refrat\u00e1ria.<\/p>\n<p>O Ambulat\u00f3rio de Cefaleia atende usu\u00e1rios do SUS encaminhados de 62 munic\u00edpios pertencentes ao Departamento Regional de Sa\u00fade IX do Estado de S\u00e3o Paulo.<\/p>\n<p><a href=\"https:\/\/miltonmarchioli.com.br\/blog\/wp-content\/uploads\/medicamentos-22.jpg\"><img loading=\"lazy\" decoding=\"async\" class=\"alignleft size-full wp-image-10854\" src=\"https:\/\/miltonmarchioli.com.br\/blog\/wp-content\/uploads\/medicamentos-22.jpg\" alt=\"medicamentos 22\" width=\"455\" height=\"400\" srcset=\"https:\/\/miltonmarchioli.com.br\/blog\/wp-content\/uploads\/medicamentos-22.jpg 455w, https:\/\/miltonmarchioli.com.br\/blog\/wp-content\/uploads\/medicamentos-22-300x264.jpg 300w\" sizes=\"auto, (max-width: 455px) 100vw, 455px\" \/><\/a><\/p>\n<p>&nbsp;<\/p>\n","protected":false},"excerpt":{"rendered":"<p>Semin\u00e1rio apresentado pelos alunos do 4\u00ba ano do curso de medicina da Famema discorrendo sobre o tema Cefaleias Prim\u00e1rias &#8211; Ma\u00edra Antunes Sinatura, Mariana Tebar,\u00a0 Rafael Ramos Schiavetti e Sara Regina da Silva Duarte no Ambulat\u00f3rio de Cefaleia- disciplinas Neurologia e Educa\u00e7\u00e3o em Ci\u00eancias da Sa\u00fade. Nesse semin\u00e1rio aborda-se o diagn\u00f3stico e tratamento das cefaleias &hellip; <a href=\"https:\/\/miltonmarchioli.com.br\/blog\/cefaleias-primarias-seminario-curso-de-medicina-da-famema-12\/\" class=\"more-link\">Continue lendo <span class=\"screen-reader-text\">Cefaleias Prim\u00e1rias. Semin\u00e1rio. Curso de Medicina da Famema<\/span> <span class=\"meta-nav\">&rarr;<\/span><\/a><\/p>\n","protected":false},"author":2,"featured_media":0,"comment_status":"open","ping_status":"open","sticky":false,"template":"","format":"standard","meta":{"rop_custom_images_group":[],"rop_custom_messages_group":[],"rop_publish_now":"initial","rop_publish_now_accounts":[],"rop_publish_now_history":[],"rop_publish_now_status":"pending","footnotes":""},"categories":[8,332,4,13,9],"tags":[304],"class_list":["post-5360","post","type-post","status-publish","format-standard","hentry","category-direito-e-saude","category-educacao","category-neurologia","category-opiniao","category-saude-publica","tag-ambulatorio-de-cefaleia-famema-milton-marchioli"],"_links":{"self":[{"href":"https:\/\/miltonmarchioli.com.br\/blog\/wp-json\/wp\/v2\/posts\/5360","targetHints":{"allow":["GET"]}}],"collection":[{"href":"https:\/\/miltonmarchioli.com.br\/blog\/wp-json\/wp\/v2\/posts"}],"about":[{"href":"https:\/\/miltonmarchioli.com.br\/blog\/wp-json\/wp\/v2\/types\/post"}],"author":[{"embeddable":true,"href":"https:\/\/miltonmarchioli.com.br\/blog\/wp-json\/wp\/v2\/users\/2"}],"replies":[{"embeddable":true,"href":"https:\/\/miltonmarchioli.com.br\/blog\/wp-json\/wp\/v2\/comments?post=5360"}],"version-history":[{"count":13,"href":"https:\/\/miltonmarchioli.com.br\/blog\/wp-json\/wp\/v2\/posts\/5360\/revisions"}],"predecessor-version":[{"id":13700,"href":"https:\/\/miltonmarchioli.com.br\/blog\/wp-json\/wp\/v2\/posts\/5360\/revisions\/13700"}],"wp:attachment":[{"href":"https:\/\/miltonmarchioli.com.br\/blog\/wp-json\/wp\/v2\/media?parent=5360"}],"wp:term":[{"taxonomy":"category","embeddable":true,"href":"https:\/\/miltonmarchioli.com.br\/blog\/wp-json\/wp\/v2\/categories?post=5360"},{"taxonomy":"post_tag","embeddable":true,"href":"https:\/\/miltonmarchioli.com.br\/blog\/wp-json\/wp\/v2\/tags?post=5360"}],"curies":[{"name":"wp","href":"https:\/\/api.w.org\/{rel}","templated":true}]}}