{"id":5371,"date":"2013-08-08T12:13:53","date_gmt":"2013-08-08T15:13:53","guid":{"rendered":"http:\/\/miltonmarchioli.com.br\/blog\/?p=5371"},"modified":"2022-01-21T17:43:01","modified_gmt":"2022-01-21T20:43:01","slug":"tomografia-computadorizada-e-ressonancia-magnetica-no-avc-seminario-curso-de-medicina-da-famema","status":"publish","type":"post","link":"https:\/\/miltonmarchioli.com.br\/blog\/tomografia-computadorizada-e-ressonancia-magnetica-no-avc-seminario-curso-de-medicina-da-famema\/","title":{"rendered":"Tomografia Computadorizada e Resson\u00e2ncia Magn\u00e9tica no AVC. Semin\u00e1rio. Curso de Medicina da Famema"},"content":{"rendered":"<p><a href=\"https:\/\/miltonmarchioli.com.br\/blog\/wp-content\/uploads\/RM-DE-CRANIO.jpg\"><img loading=\"lazy\" decoding=\"async\" class=\"alignleft wp-image-10858\" src=\"https:\/\/miltonmarchioli.com.br\/blog\/wp-content\/uploads\/RM-DE-CRANIO-300x283.jpg\" alt=\"RM DE CRANIO\" width=\"237\" height=\"224\" srcset=\"https:\/\/miltonmarchioli.com.br\/blog\/wp-content\/uploads\/RM-DE-CRANIO-300x283.jpg 300w, https:\/\/miltonmarchioli.com.br\/blog\/wp-content\/uploads\/RM-DE-CRANIO.jpg 438w\" sizes=\"auto, (max-width: 237px) 100vw, 237px\" \/><\/a><a href=\"https:\/\/miltonmarchioli.com.br\/blog\/wp-content\/uploads\/Tomografia-Computadorizada-e-Resson\u00e2ncia-Magn\u00e9tica-no-AVE.pptx\">Semin\u00e1rio apresentado pelos acad\u00eamicos do 4\u00ba ano do curso de medicina da Famema &#8211;\u00a0 Lu\u00eds Eduardo Santos, Mariana Cincerre Paulino, Priscila Castro, Raquel Souza de Oliveira e Vin\u00edcius Pil\u00e3o no Ambulat\u00f3rio Neurovascular com o tema AVC &#8211; imagens na Tomografia Computadorizada e Resson\u00e2ncia Magn\u00e9tica &#8211; disciplinas Neurologia e Educa\u00e7\u00e3o em Ci\u00eancias da Sa\u00fade.<\/a><\/p>\n<p>A TC \u00e9 o exame mais utilizado na avalia\u00e7\u00e3o aguda do paciente com suspeita de AVC agudo. \u00c9 mais barato, de grande disponibilidade e com alta sensibilidade para diferenciar o AVC hemorr\u00e1gico do isqu\u00eamico. No AVC isqu\u00eamico agudo, a TC apresenta baixa sensibilidade nas primeiras horas do evento em rela\u00e7\u00e3o \u00e0 RM de enc\u00e9falo para determinar a localiza\u00e7\u00e3o e a extens\u00e3o da \u00e1rea isqu\u00eamica.<\/p>\n<p>As altera\u00e7\u00f5es precoces do AVC isqu\u00eamico na TC de Cranio incluem perda da diferencia\u00e7\u00e3o c\u00f3rtico-subcortical, perda da distin\u00e7\u00e3o entre as estruturas diencef\u00e1licas, capsulares e os n\u00facleos da base (t\u00e1lamo, c\u00e1psula interna, globo p\u00e1lido, put\u00e2men, caudado, c\u00e1psula externa), perda da diferencia\u00e7\u00e3o c\u00f3rtico-subcortical insular (insular ribbon sign) e presen\u00e7a de hiperdensidade da art\u00e9ria cerebral m\u00e9dia. Altera\u00e7\u00f5es subsequentes incluem a hipoatenua\u00e7\u00e3o (baixa atenua\u00e7\u00e3o) da \u00e1rea isqu\u00eamica e efeito de massa (edema citot\u00f3xico).<\/p>\n<p>Outra limita\u00e7\u00e3o da TC de cr\u00e2nio \u00e9 a baixa sensibilidade para les\u00f5es isqu\u00eamicas do tronco encef\u00e1lico.<\/p>\n<p>A RM de enc\u00e9falo tem maior sensibilidade para detectar altera\u00e7\u00f5es isqu\u00eamicas em rela\u00e7\u00e3o \u00e0 TC de cr\u00e2nio. As sequ\u00eancias convencionais (T2 e FLAIR) permitem a detec\u00e7\u00e3o da \u00e1rea infartada a partir de 4 horas do evento, enquanto a sequ\u00eancia de difus\u00e3o dentro de poucos minutos do ictus.<\/p>\n<p>Mesmo les\u00f5es pequenas e sem sintomatologia neurol\u00f3gica correspondente podem ser detectadas por esse m\u00e9todo.<\/p>\n<p>O Ambulat\u00f3rio de Neurovascular recebe encaminhamentos do Departamento Regional de Sa\u00fade IX do Estado de S\u00e3o Paulo.<\/p>\n<p><a href=\"https:\/\/miltonmarchioli.com.br\/blog\/wp-content\/uploads\/TC-E-RM-CRANIO-AVC.jpg\"><img loading=\"lazy\" decoding=\"async\" class=\"aligncenter size-full wp-image-10857\" src=\"https:\/\/miltonmarchioli.com.br\/blog\/wp-content\/uploads\/TC-E-RM-CRANIO-AVC.jpg\" alt=\"TC E RM CRANIO- AVC\" width=\"578\" height=\"310\" srcset=\"https:\/\/miltonmarchioli.com.br\/blog\/wp-content\/uploads\/TC-E-RM-CRANIO-AVC.jpg 578w, https:\/\/miltonmarchioli.com.br\/blog\/wp-content\/uploads\/TC-E-RM-CRANIO-AVC-300x161.jpg 300w\" sizes=\"auto, (max-width: 578px) 100vw, 578px\" \/><\/a><\/p>\n","protected":false},"excerpt":{"rendered":"<p>Semin\u00e1rio apresentado pelos acad\u00eamicos do 4\u00ba ano do curso de medicina da Famema &#8211;\u00a0 Lu\u00eds Eduardo Santos, Mariana Cincerre Paulino, Priscila Castro, Raquel Souza de Oliveira e Vin\u00edcius Pil\u00e3o no Ambulat\u00f3rio Neurovascular com o tema AVC &#8211; imagens na Tomografia Computadorizada e Resson\u00e2ncia Magn\u00e9tica &#8211; disciplinas Neurologia e Educa\u00e7\u00e3o em Ci\u00eancias da Sa\u00fade. A TC &hellip; <a href=\"https:\/\/miltonmarchioli.com.br\/blog\/tomografia-computadorizada-e-ressonancia-magnetica-no-avc-seminario-curso-de-medicina-da-famema\/\" class=\"more-link\">Continue lendo <span class=\"screen-reader-text\">Tomografia Computadorizada e Resson\u00e2ncia Magn\u00e9tica no AVC. Semin\u00e1rio. Curso de Medicina da Famema<\/span> <span class=\"meta-nav\">&rarr;<\/span><\/a><\/p>\n","protected":false},"author":2,"featured_media":0,"comment_status":"open","ping_status":"open","sticky":false,"template":"","format":"standard","meta":{"rop_custom_images_group":[],"rop_custom_messages_group":[],"rop_publish_now":"initial","rop_publish_now_accounts":[],"rop_publish_now_history":[],"rop_publish_now_status":"pending","footnotes":""},"categories":[8,332,4,13,9],"tags":[164],"class_list":["post-5371","post","type-post","status-publish","format-standard","hentry","category-direito-e-saude","category-educacao","category-neurologia","category-opiniao","category-saude-publica","tag-famema-ambulatorio-neurovascular"],"_links":{"self":[{"href":"https:\/\/miltonmarchioli.com.br\/blog\/wp-json\/wp\/v2\/posts\/5371","targetHints":{"allow":["GET"]}}],"collection":[{"href":"https:\/\/miltonmarchioli.com.br\/blog\/wp-json\/wp\/v2\/posts"}],"about":[{"href":"https:\/\/miltonmarchioli.com.br\/blog\/wp-json\/wp\/v2\/types\/post"}],"author":[{"embeddable":true,"href":"https:\/\/miltonmarchioli.com.br\/blog\/wp-json\/wp\/v2\/users\/2"}],"replies":[{"embeddable":true,"href":"https:\/\/miltonmarchioli.com.br\/blog\/wp-json\/wp\/v2\/comments?post=5371"}],"version-history":[{"count":13,"href":"https:\/\/miltonmarchioli.com.br\/blog\/wp-json\/wp\/v2\/posts\/5371\/revisions"}],"predecessor-version":[{"id":13702,"href":"https:\/\/miltonmarchioli.com.br\/blog\/wp-json\/wp\/v2\/posts\/5371\/revisions\/13702"}],"wp:attachment":[{"href":"https:\/\/miltonmarchioli.com.br\/blog\/wp-json\/wp\/v2\/media?parent=5371"}],"wp:term":[{"taxonomy":"category","embeddable":true,"href":"https:\/\/miltonmarchioli.com.br\/blog\/wp-json\/wp\/v2\/categories?post=5371"},{"taxonomy":"post_tag","embeddable":true,"href":"https:\/\/miltonmarchioli.com.br\/blog\/wp-json\/wp\/v2\/tags?post=5371"}],"curies":[{"name":"wp","href":"https:\/\/api.w.org\/{rel}","templated":true}]}}