{"id":5388,"date":"2013-08-09T17:49:05","date_gmt":"2013-08-09T20:49:05","guid":{"rendered":"http:\/\/miltonmarchioli.com.br\/blog\/?p=5388"},"modified":"2022-01-21T17:45:18","modified_gmt":"2022-01-21T20:45:18","slug":"cefaleias-secundarias-seminario-curso-de-medicina-da-famema-2","status":"publish","type":"post","link":"https:\/\/miltonmarchioli.com.br\/blog\/cefaleias-secundarias-seminario-curso-de-medicina-da-famema-2\/","title":{"rendered":"Cefaleias Secund\u00e1rias. Semin\u00e1rio. Curso de Medicina da Famema"},"content":{"rendered":"<p><a href=\"https:\/\/miltonmarchioli.com.br\/blog\/wp-content\/uploads\/cefaleia-costas.png\"><img loading=\"lazy\" decoding=\"async\" class=\"alignleft wp-image-10872\" src=\"https:\/\/miltonmarchioli.com.br\/blog\/wp-content\/uploads\/cefaleia-costas-300x300.png\" alt=\"cefaleia - costas\" width=\"205\" height=\"205\" srcset=\"https:\/\/miltonmarchioli.com.br\/blog\/wp-content\/uploads\/cefaleia-costas-300x300.png 300w, https:\/\/miltonmarchioli.com.br\/blog\/wp-content\/uploads\/cefaleia-costas-150x150.png 150w, https:\/\/miltonmarchioli.com.br\/blog\/wp-content\/uploads\/cefaleia-costas.png 414w\" sizes=\"auto, (max-width: 205px) 100vw, 205px\" \/><\/a><a href=\"https:\/\/miltonmarchioli.com.br\/blog\/wp-content\/uploads\/Cefaleias-Secund\u00e1rias-08-08-13.pptx\">Semin\u00e1rio apresentado pelos acad\u00eamicos de medicina do 4\u00ba ano do curso de medicina da Famema -Ma\u00edra Antunes Sinatura, Mariana Tebar, Rafael Ramos Schiavetti e\u00a0 Sara Regina da Silva Duarte em atividades no Ambulat\u00f3rio de Cefaleia &#8211; Ambulat\u00f3rio Mario Covas &#8211; disciplinas Neurologia e Educa\u00e7\u00e3o em Ci\u00eancias da Sa\u00fade.<\/a><\/p>\n<p>A dor de cabe\u00e7a \u00e9 um sintoma comum em adultos e crian\u00e7as, sendo respons\u00e1vel por elevado n\u00famero de consultas m\u00e9dicas, principalmente neurol\u00f3gicas.<\/p>\n<p>Os pacientes frequentemente associam sua dor \u00e0 possibilidade da exist\u00eancia de uma patologia potencialmente grave, como tumor ou aneurisma intracraniano.<\/p>\n<p>Lembrando que apenas o profissional de sa\u00fade especificamente treinado poder\u00e1 oferecer tratamento adequado para sua dor de cabe\u00e7a.<\/p>\n<p>A Sociedade Internacional de Cefaleias divide as cefaleias em dois grandes grupos.<\/p>\n<p>O primeiro compreende as cefaleias prim\u00e1rias, aquelas que constituem em si mesmas a doen\u00e7a.<\/p>\n<p>O exemplo cl\u00e1ssico \u00e9 a migr\u00e2nea sem aura, anteriormente denominada enxaqueca comum, e que atinge aproximadamente 16% das mulheres.<\/p>\n<p>O segundo grupo \u00e9 formado pelas cefaleias secund\u00e1rias, que fazem parte do cortejo sintomatol\u00f3gico de uma doen\u00e7a qualquer, seja esta prim\u00e1ria do sistema nervoso central ou sist\u00eamica.<\/p>\n<p>Embora as dores de cabe\u00e7a na sua grande maioria sejam prim\u00e1rias, o risco representado por algumas cefaleias secund\u00e1rias justifica a preocupa\u00e7\u00e3o de pacientes e m\u00e9dicos.<\/p>\n<p>Cefaleias secund\u00e1rias devem ser lembradas se:<\/p>\n<ul>\n<li>a dor for de instala\u00e7\u00e3o s\u00fabita, principalmente se acompanhada a v\u00f4mitos, tonturas, altera\u00e7\u00f5es da consci\u00eancia, convuls\u00e3o;<\/li>\n<li>a dor se associa a transtornos neurol\u00f3gicos, como rigidez de nuca, dificuldades para falar, fraqueza ou altera\u00e7\u00f5es de sensibilidade em bra\u00e7o, perna ou face; a dor se associa \u00e0 febre; trata-se da \u201cpior dor j\u00e1 experimentada pelo paciente\u201d;<\/li>\n<li>a dor se iniciou ap\u00f3s os 50 anos;<\/li>\n<li>a dor tem car\u00e1ter progressivo, n\u00e3o respondendo mais a analg\u00e9sicos; houver aparecimento de uma dor de cabe\u00e7a nova e diferente daquela j\u00e1 experimentada pelo paciente;<\/li>\n<li>o paciente encontra-se em tratamento de algum tipo c\u00e2ncer ou de s\u00edndrome de imunodefici\u00eancia adquirida (SIDA);<\/li>\n<li>h\u00e1 hist\u00f3ria de queda ou trauma de cr\u00e2nio recente;<\/li>\n<li>quando houver abuso de analg\u00e9sicos, mesmo naqueles pacientes sabidamente portadores de cefaleia prim\u00e1ria (uso de mais de 15 comprimidos de analg\u00e9sicos por m\u00eas, nos \u00faltimos seis meses). O uso abusivo de analg\u00e9sicos \u00e9 a causa mais comum da transforma\u00e7\u00e3o de dores espor\u00e1dicas (tipo migr\u00e2nea) em cefaleia cr\u00f4nica di\u00e1ria. Esta \u00e9 uma cefaleia secund\u00e1ria de tratamento extremamente dif\u00edcil, que requer a suspens\u00e3o de todo e qualquer medicamento sintom\u00e1tico (analg\u00e9sico, anti-inflamat\u00f3rio) al\u00e9m de orienta\u00e7\u00e3o por profissional com experi\u00eancia em cefaliatria.<\/li>\n<\/ul>\n<p>O Ambulat\u00f3rio de Cefaleia recebe encaminhamentos de usu\u00e1rios do SUS do Departamento Regional de Sa\u00fade IX do\u00a0 Estado de S\u00e3o Paulo.<\/p>\n<p><img loading=\"lazy\" decoding=\"async\" class=\"aligncenter size-full wp-image-11748\" src=\"https:\/\/miltonmarchioli.com.br\/blog\/wp-content\/uploads\/cefaleia-maos-na-cabe\u00e7a.jpg\" alt=\"cefaleia maos na cabe\u00e7a\" width=\"956\" height=\"500\" srcset=\"https:\/\/miltonmarchioli.com.br\/blog\/wp-content\/uploads\/cefaleia-maos-na-cabe\u00e7a.jpg 956w, https:\/\/miltonmarchioli.com.br\/blog\/wp-content\/uploads\/cefaleia-maos-na-cabe\u00e7a-300x157.jpg 300w, https:\/\/miltonmarchioli.com.br\/blog\/wp-content\/uploads\/cefaleia-maos-na-cabe\u00e7a-768x402.jpg 768w\" sizes=\"auto, (max-width: 956px) 100vw, 956px\" \/><\/p>\n","protected":false},"excerpt":{"rendered":"<p>Semin\u00e1rio apresentado pelos acad\u00eamicos de medicina do 4\u00ba ano do curso de medicina da Famema -Ma\u00edra Antunes Sinatura, Mariana Tebar, Rafael Ramos Schiavetti e\u00a0 Sara Regina da Silva Duarte em atividades no Ambulat\u00f3rio de Cefaleia &#8211; Ambulat\u00f3rio Mario Covas &#8211; disciplinas Neurologia e Educa\u00e7\u00e3o em Ci\u00eancias da Sa\u00fade. A dor de cabe\u00e7a \u00e9 um sintoma &hellip; <a href=\"https:\/\/miltonmarchioli.com.br\/blog\/cefaleias-secundarias-seminario-curso-de-medicina-da-famema-2\/\" class=\"more-link\">Continue lendo <span class=\"screen-reader-text\">Cefaleias Secund\u00e1rias. Semin\u00e1rio. Curso de Medicina da Famema<\/span> <span class=\"meta-nav\">&rarr;<\/span><\/a><\/p>\n","protected":false},"author":2,"featured_media":0,"comment_status":"open","ping_status":"open","sticky":false,"template":"","format":"standard","meta":{"rop_custom_images_group":[],"rop_custom_messages_group":[],"rop_publish_now":"initial","rop_publish_now_accounts":[],"rop_publish_now_history":[],"rop_publish_now_status":"pending","footnotes":""},"categories":[8,332,4,13,9],"tags":[657],"class_list":["post-5388","post","type-post","status-publish","format-standard","hentry","category-direito-e-saude","category-educacao","category-neurologia","category-opiniao","category-saude-publica","tag-ambulatorio-de-cefaleia-ambulatorio-mario-covas-famema"],"_links":{"self":[{"href":"https:\/\/miltonmarchioli.com.br\/blog\/wp-json\/wp\/v2\/posts\/5388","targetHints":{"allow":["GET"]}}],"collection":[{"href":"https:\/\/miltonmarchioli.com.br\/blog\/wp-json\/wp\/v2\/posts"}],"about":[{"href":"https:\/\/miltonmarchioli.com.br\/blog\/wp-json\/wp\/v2\/types\/post"}],"author":[{"embeddable":true,"href":"https:\/\/miltonmarchioli.com.br\/blog\/wp-json\/wp\/v2\/users\/2"}],"replies":[{"embeddable":true,"href":"https:\/\/miltonmarchioli.com.br\/blog\/wp-json\/wp\/v2\/comments?post=5388"}],"version-history":[{"count":35,"href":"https:\/\/miltonmarchioli.com.br\/blog\/wp-json\/wp\/v2\/posts\/5388\/revisions"}],"predecessor-version":[{"id":13703,"href":"https:\/\/miltonmarchioli.com.br\/blog\/wp-json\/wp\/v2\/posts\/5388\/revisions\/13703"}],"wp:attachment":[{"href":"https:\/\/miltonmarchioli.com.br\/blog\/wp-json\/wp\/v2\/media?parent=5388"}],"wp:term":[{"taxonomy":"category","embeddable":true,"href":"https:\/\/miltonmarchioli.com.br\/blog\/wp-json\/wp\/v2\/categories?post=5388"},{"taxonomy":"post_tag","embeddable":true,"href":"https:\/\/miltonmarchioli.com.br\/blog\/wp-json\/wp\/v2\/tags?post=5388"}],"curies":[{"name":"wp","href":"https:\/\/api.w.org\/{rel}","templated":true}]}}