{"id":5408,"date":"2013-08-20T17:47:55","date_gmt":"2013-08-20T20:47:55","guid":{"rendered":"http:\/\/miltonmarchioli.com.br\/blog\/?p=5408"},"modified":"2022-01-21T17:47:41","modified_gmt":"2022-01-21T20:47:41","slug":"antiagregantes-e-tromboliticos-no-avc-seminario-curso-de-medicina-da-famema","status":"publish","type":"post","link":"https:\/\/miltonmarchioli.com.br\/blog\/antiagregantes-e-tromboliticos-no-avc-seminario-curso-de-medicina-da-famema\/","title":{"rendered":"Antiagregantes e trombol\u00edticos no AVC. Semin\u00e1rio. Curso de Medicina da Famema"},"content":{"rendered":"<p><a href=\"https:\/\/miltonmarchioli.com.br\/blog\/wp-content\/uploads\/medicamentos-23.jpg\"><img loading=\"lazy\" decoding=\"async\" class=\"alignleft wp-image-10879\" src=\"https:\/\/miltonmarchioli.com.br\/blog\/wp-content\/uploads\/medicamentos-23-300x201.jpg\" alt=\"medicamentos 23\" width=\"284\" height=\"190\" srcset=\"https:\/\/miltonmarchioli.com.br\/blog\/wp-content\/uploads\/medicamentos-23-300x201.jpg 300w, https:\/\/miltonmarchioli.com.br\/blog\/wp-content\/uploads\/medicamentos-23-1024x685.jpg 1024w, https:\/\/miltonmarchioli.com.br\/blog\/wp-content\/uploads\/medicamentos-23.jpg 1600w\" sizes=\"auto, (max-width: 284px) 100vw, 284px\" \/><\/a>As doen\u00e7as c\u00e9rebro-vasculares est\u00e3o no segundo lugar no topo de doen\u00e7as que mais acometem v\u00edtimas com \u00f3bitos no mundo, perdendo a posi\u00e7\u00e3o apenas para as doen\u00e7as cardiovasculares.<\/p>\n<p>As pesquisas indicam que esta posi\u00e7\u00e3o tende a se manter at\u00e9 o ano de 2030.<\/p>\n<p>A Linha do Cuidado do AVC, institu\u00edda pela Portaria n\u00ba 665 do Minist\u00e9rio da Sa\u00fade, de 12 de abril de 2012, prop\u00f5e uma redefini\u00e7\u00e3o de estrat\u00e9gias que deem conta das necessidades espec\u00edficas do cuidado ao AVC diante do cen\u00e1rio epidemiol\u00f3gico explicitado, em face do aumento da expectativa de vida, pelo envelhecimento da popula\u00e7\u00e3o, aumentando os fatores de risco e dimensionando mais ainda o seu desafio no SUS.<\/p>\n<p><a href=\"https:\/\/miltonmarchioli.com.br\/blog\/wp-content\/uploads\/AVCI-19-08-2013.pptx\">No semin\u00e1rio apresentado pelos alunos do 4\u00baano do curso de medicina da Famema &#8211; Ambulat\u00f3rio Neurovascular &#8211; disciplinas Neurologia e Educa\u00e7\u00e3o em Ci\u00eancias da Sa\u00fade &#8211; Joyce Mariane Merlo, Karen Teles Sangaleti, Marcos Zancheta, Nathalia Ten\u00f3rio Fazani e Rodrigo Passarela Muniz\u00a0 debate-se a distin\u00e7\u00e3o de quando se utilizar de antiagregantes plaquet\u00e1rios, anticoagulantes e terapia trombol\u00edtica.<\/a><\/p>\n<p>O Minist\u00e9rio da Sa\u00fade disponibiliza gratuitamente o rt-PA para hospitais que tenham Unidades de AVC.<\/p>\n<p>O Ambulat\u00f3rio de Neurovascular recebe encaminhamentos de 62 munic\u00edpios do Departamento Regional de Sa\u00fade IX do Estado de S\u00e3o Paulo.<\/p>\n<p>Em defesa da Sa\u00fade P\u00fablica com qualidade no SUS !<\/p>\n<p><a href=\"https:\/\/miltonmarchioli.com.br\/blog\/wp-content\/uploads\/avc-associa\u00e7ao.jpg\"><img loading=\"lazy\" decoding=\"async\" class=\"aligncenter size-full wp-image-12140\" src=\"https:\/\/miltonmarchioli.com.br\/blog\/wp-content\/uploads\/avc-associa\u00e7ao.jpg\" alt=\"avc- associa\u00e7ao\" width=\"460\" height=\"277\" srcset=\"https:\/\/miltonmarchioli.com.br\/blog\/wp-content\/uploads\/avc-associa\u00e7ao.jpg 460w, https:\/\/miltonmarchioli.com.br\/blog\/wp-content\/uploads\/avc-associa\u00e7ao-300x181.jpg 300w\" sizes=\"auto, (max-width: 460px) 100vw, 460px\" \/><\/a><\/p>\n","protected":false},"excerpt":{"rendered":"<p>As doen\u00e7as c\u00e9rebro-vasculares est\u00e3o no segundo lugar no topo de doen\u00e7as que mais acometem v\u00edtimas com \u00f3bitos no mundo, perdendo a posi\u00e7\u00e3o apenas para as doen\u00e7as cardiovasculares. As pesquisas indicam que esta posi\u00e7\u00e3o tende a se manter at\u00e9 o ano de 2030. A Linha do Cuidado do AVC, institu\u00edda pela Portaria n\u00ba 665 do Minist\u00e9rio &hellip; <a href=\"https:\/\/miltonmarchioli.com.br\/blog\/antiagregantes-e-tromboliticos-no-avc-seminario-curso-de-medicina-da-famema\/\" class=\"more-link\">Continue lendo <span class=\"screen-reader-text\">Antiagregantes e trombol\u00edticos no AVC. Semin\u00e1rio. Curso de Medicina da Famema<\/span> <span class=\"meta-nav\">&rarr;<\/span><\/a><\/p>\n","protected":false},"author":2,"featured_media":0,"comment_status":"open","ping_status":"open","sticky":false,"template":"","format":"standard","meta":{"rop_custom_images_group":[],"rop_custom_messages_group":[],"rop_publish_now":"initial","rop_publish_now_accounts":[],"rop_publish_now_history":[],"rop_publish_now_status":"pending","footnotes":""},"categories":[8,4,13,9],"tags":[776],"class_list":["post-5408","post","type-post","status-publish","format-standard","hentry","category-direito-e-saude","category-neurologia","category-opiniao","category-saude-publica","tag-ambulatorio-de-neurovascular-famema-milton-marchioli"],"_links":{"self":[{"href":"https:\/\/miltonmarchioli.com.br\/blog\/wp-json\/wp\/v2\/posts\/5408","targetHints":{"allow":["GET"]}}],"collection":[{"href":"https:\/\/miltonmarchioli.com.br\/blog\/wp-json\/wp\/v2\/posts"}],"about":[{"href":"https:\/\/miltonmarchioli.com.br\/blog\/wp-json\/wp\/v2\/types\/post"}],"author":[{"embeddable":true,"href":"https:\/\/miltonmarchioli.com.br\/blog\/wp-json\/wp\/v2\/users\/2"}],"replies":[{"embeddable":true,"href":"https:\/\/miltonmarchioli.com.br\/blog\/wp-json\/wp\/v2\/comments?post=5408"}],"version-history":[{"count":13,"href":"https:\/\/miltonmarchioli.com.br\/blog\/wp-json\/wp\/v2\/posts\/5408\/revisions"}],"predecessor-version":[{"id":13704,"href":"https:\/\/miltonmarchioli.com.br\/blog\/wp-json\/wp\/v2\/posts\/5408\/revisions\/13704"}],"wp:attachment":[{"href":"https:\/\/miltonmarchioli.com.br\/blog\/wp-json\/wp\/v2\/media?parent=5408"}],"wp:term":[{"taxonomy":"category","embeddable":true,"href":"https:\/\/miltonmarchioli.com.br\/blog\/wp-json\/wp\/v2\/categories?post=5408"},{"taxonomy":"post_tag","embeddable":true,"href":"https:\/\/miltonmarchioli.com.br\/blog\/wp-json\/wp\/v2\/tags?post=5408"}],"curies":[{"name":"wp","href":"https:\/\/api.w.org\/{rel}","templated":true}]}}