{"id":541,"date":"2011-07-06T00:42:09","date_gmt":"2011-07-06T00:42:09","guid":{"rendered":"http:\/\/miltonmarchioli.com.br\/blog\/?p=541"},"modified":"2022-01-07T10:56:18","modified_gmt":"2022-01-07T13:56:18","slug":"farmacos-usados-no-tratamento-da-epilepsia-seminario-curso-de-medicina-da-famema","status":"publish","type":"post","link":"https:\/\/miltonmarchioli.com.br\/blog\/farmacos-usados-no-tratamento-da-epilepsia-seminario-curso-de-medicina-da-famema\/","title":{"rendered":"F\u00e1rmacos usados no tratamento da Epilepsia. Semin\u00e1rio. Curso de Medicina da Famema"},"content":{"rendered":"<p><a href=\"https:\/\/miltonmarchioli.com.br\/blog\/wp-content\/uploads\/medicamentos-9.jpg\"><img loading=\"lazy\" decoding=\"async\" class=\"alignleft wp-image-10188\" src=\"https:\/\/miltonmarchioli.com.br\/blog\/wp-content\/uploads\/medicamentos-9-300x200.jpg\" alt=\"medicamentos 9\" width=\"259\" height=\"172\" srcset=\"https:\/\/miltonmarchioli.com.br\/blog\/wp-content\/uploads\/medicamentos-9-300x200.jpg 300w, https:\/\/miltonmarchioli.com.br\/blog\/wp-content\/uploads\/medicamentos-9.jpg 600w\" sizes=\"auto, (max-width: 259px) 100vw, 259px\" \/><\/a>Semin\u00e1rio apresentado pela aluna Nathalia Mendes da Silva- 4\u00ba ano do curso de medicina da Famema- Ambulat\u00f3rio de Cefaleia- disciplinas Neurologia e Educa\u00e7\u00e3o em\u00a0 Ci\u00eancias da Sa\u00fade- \u00a0 abordando <a href=\"https:\/\/miltonmarchioli.com.br\/blog\/wp-content\/uploads\/Tratamento-Epilepsia-NATHALIA-MENDES.ppt\">f\u00e1rmacos usados no tratamento da epilepsia<\/a> .<\/p>\n<p>A compreens\u00e3o dos\u00a0 mecanismos de a\u00e7\u00e3o dos f\u00e1rmacos \u00e9 de vital import\u00e2ncia\u00a0 para o tratamento da Epilepsia Prim\u00e1ria ou Secund\u00e1ria.<\/p>\n<p>Sem o manejo adequado dos f\u00e1rmacos h\u00e1 pouca probabilidade de que haja sucesso no tratamento, principalmente quando houver necessidade de associa\u00e7\u00e3o de drogas.<\/p>\n<p>De maneira geral, o tratamento para a epilepsia visa diminuir a excitabilidade neuronal e os disparos de impulsos el\u00e9tricos no c\u00e9rebro.<\/p>\n<p>Muitos pacientes com medicamentos anticonvulsivantes podem vivem uma vida normal, sem apresentar nenhuma outra crise.<\/p>\n<p>Outros pacientes apresentam redu\u00e7\u00e3o da frequ\u00eancia e da intensidade das crises convulsivas.<\/p>\n<p>Algumas das drogas usadas para o tratamento da epilepsia s\u00e3o:<\/p>\n<p>&#8211; fenobarbital<\/p>\n<p>&#8211; \u00e1cido valpr\u00f3ico<\/p>\n<p>&#8211; lamotrigina<\/p>\n<p>&#8211; topiramato<\/p>\n<p>&#8211; carbamazepina<\/p>\n<p>&#8211; fenito\u00edna<\/p>\n<p align=\"justify\">Para pacientes refrat\u00e1rios \u00e0s drogas, uma alternativa \u00e9 a cirurgia.<\/p>\n<p align=\"justify\">Outra terap\u00eautica consiste na retirada da parte afetada do c\u00e9rebro (desde que essa seja uma parte pequena e que n\u00e3o afete o funcionamento global do c\u00e9rebro) ou na implanta\u00e7\u00e3o de eletrodos que regulam os impulsos el\u00e9tricos corticais.<\/p>\n<p align=\"justify\">A\u00a0 vinpocetina, originalmente empregada para tratar disfun\u00e7\u00f5es c\u00e9rebro vasculares leves vem sendo empregado recentemente.<\/p>\n<p align=\"justify\">Outras terapias adicionais incluem a estimula\u00e7\u00e3o do nervo vago e a dieta cetog\u00eanica.<\/p>\n<p align=\"justify\">Na estimula\u00e7\u00e3o do nervo vago, um implante \u00e9 posto sob a pele do peito do paciente. Impulsos el\u00e9tricos estimulam o nervo vago e esta estimula\u00e7\u00e3o reduz as convuls\u00f5es de 30 a 40%.<\/p>\n<p align=\"justify\">O Ambulat\u00f3rio de Cefaleia &#8211; instalado nas depend\u00eancias do Ambulat\u00f3rio\u00a0M\u00e1rio Covas\u00a0 recebe encaminhamento de todas as cidades que pertencem ao Departamento Regional de Sa\u00fade IX\u00a0 do Estado de S\u00e3o Paulo.<\/p>\n<p>Lutemos por uma Sa\u00fade P\u00fablica com qualidade !<\/p>\n<p><a href=\"https:\/\/miltonmarchioli.com.br\/blog\/wp-content\/uploads\/marcapasso-e-epilepsia-2.jpg\"><img loading=\"lazy\" decoding=\"async\" class=\"alignleft size-full wp-image-10191\" src=\"https:\/\/miltonmarchioli.com.br\/blog\/wp-content\/uploads\/marcapasso-e-epilepsia-2.jpg\" alt=\"marcapasso e epilepsia 2\" width=\"600\" height=\"341\" srcset=\"https:\/\/miltonmarchioli.com.br\/blog\/wp-content\/uploads\/marcapasso-e-epilepsia-2.jpg 600w, https:\/\/miltonmarchioli.com.br\/blog\/wp-content\/uploads\/marcapasso-e-epilepsia-2-300x171.jpg 300w\" sizes=\"auto, (max-width: 600px) 100vw, 600px\" \/><\/a><\/p>\n","protected":false},"excerpt":{"rendered":"<p>Semin\u00e1rio apresentado pela aluna Nathalia Mendes da Silva- 4\u00ba ano do curso de medicina da Famema- Ambulat\u00f3rio de Cefaleia- disciplinas Neurologia e Educa\u00e7\u00e3o em\u00a0 Ci\u00eancias da Sa\u00fade- \u00a0 abordando f\u00e1rmacos usados no tratamento da epilepsia . A compreens\u00e3o dos\u00a0 mecanismos de a\u00e7\u00e3o dos f\u00e1rmacos \u00e9 de vital import\u00e2ncia\u00a0 para o tratamento da Epilepsia Prim\u00e1ria ou &hellip; <a href=\"https:\/\/miltonmarchioli.com.br\/blog\/farmacos-usados-no-tratamento-da-epilepsia-seminario-curso-de-medicina-da-famema\/\" class=\"more-link\">Continue lendo <span class=\"screen-reader-text\">F\u00e1rmacos usados no tratamento da Epilepsia. Semin\u00e1rio. Curso de Medicina da Famema<\/span> <span class=\"meta-nav\">&rarr;<\/span><\/a><\/p>\n","protected":false},"author":2,"featured_media":0,"comment_status":"open","ping_status":"open","sticky":false,"template":"","format":"standard","meta":{"rop_custom_images_group":[],"rop_custom_messages_group":[],"rop_publish_now":"initial","rop_publish_now_accounts":[],"rop_publish_now_history":[],"rop_publish_now_status":"pending","footnotes":""},"categories":[332,4,13,9],"tags":[657],"class_list":["post-541","post","type-post","status-publish","format-standard","hentry","category-educacao","category-neurologia","category-opiniao","category-saude-publica","tag-ambulatorio-de-cefaleia-ambulatorio-mario-covas-famema"],"_links":{"self":[{"href":"https:\/\/miltonmarchioli.com.br\/blog\/wp-json\/wp\/v2\/posts\/541","targetHints":{"allow":["GET"]}}],"collection":[{"href":"https:\/\/miltonmarchioli.com.br\/blog\/wp-json\/wp\/v2\/posts"}],"about":[{"href":"https:\/\/miltonmarchioli.com.br\/blog\/wp-json\/wp\/v2\/types\/post"}],"author":[{"embeddable":true,"href":"https:\/\/miltonmarchioli.com.br\/blog\/wp-json\/wp\/v2\/users\/2"}],"replies":[{"embeddable":true,"href":"https:\/\/miltonmarchioli.com.br\/blog\/wp-json\/wp\/v2\/comments?post=541"}],"version-history":[{"count":19,"href":"https:\/\/miltonmarchioli.com.br\/blog\/wp-json\/wp\/v2\/posts\/541\/revisions"}],"predecessor-version":[{"id":13475,"href":"https:\/\/miltonmarchioli.com.br\/blog\/wp-json\/wp\/v2\/posts\/541\/revisions\/13475"}],"wp:attachment":[{"href":"https:\/\/miltonmarchioli.com.br\/blog\/wp-json\/wp\/v2\/media?parent=541"}],"wp:term":[{"taxonomy":"category","embeddable":true,"href":"https:\/\/miltonmarchioli.com.br\/blog\/wp-json\/wp\/v2\/categories?post=541"},{"taxonomy":"post_tag","embeddable":true,"href":"https:\/\/miltonmarchioli.com.br\/blog\/wp-json\/wp\/v2\/tags?post=541"}],"curies":[{"name":"wp","href":"https:\/\/api.w.org\/{rel}","templated":true}]}}