{"id":5424,"date":"2013-08-23T23:04:34","date_gmt":"2013-08-24T02:04:34","guid":{"rendered":"http:\/\/miltonmarchioli.com.br\/blog\/?p=5424"},"modified":"2022-01-21T17:49:35","modified_gmt":"2022-01-21T20:49:35","slug":"cefaleias-primarias-seminario-curso-de-medicina-da-famema-13","status":"publish","type":"post","link":"https:\/\/miltonmarchioli.com.br\/blog\/cefaleias-primarias-seminario-curso-de-medicina-da-famema-13\/","title":{"rendered":"Cefaleias Prim\u00e1rias. Semin\u00e1rio. Curso de Medicina da Famema"},"content":{"rendered":"<p><a href=\"https:\/\/miltonmarchioli.com.br\/blog\/wp-content\/uploads\/cefaleia-gatinha.jpg\"><img loading=\"lazy\" decoding=\"async\" class=\"alignleft size-medium wp-image-10882\" src=\"https:\/\/miltonmarchioli.com.br\/blog\/wp-content\/uploads\/cefaleia-gatinha-268x300.jpg\" alt=\"cefaleia - gatinha\" width=\"268\" height=\"300\" srcset=\"https:\/\/miltonmarchioli.com.br\/blog\/wp-content\/uploads\/cefaleia-gatinha-268x300.jpg 268w, https:\/\/miltonmarchioli.com.br\/blog\/wp-content\/uploads\/cefaleia-gatinha.jpg 280w\" sizes=\"auto, (max-width: 268px) 100vw, 268px\" \/><\/a><a href=\"https:\/\/miltonmarchioli.com.br\/blog\/wp-content\/uploads\/CEFAL\u00c9IAS-PRIM\u00c1RIAS-22-08-2013.pptx\">Semin\u00e1rio apresentado pelos alunos Rebeca Klarosk\u00a0 e Luiz Augusto Gonzaga Filho no Ambulat\u00f3rio de Cefaleia- Ambulat\u00f3rio Mario Covas em est\u00e1gio dos alunos do 4\u00ba ano do curso de medicina da Famema- disciplinas Neurologia e Educa\u00e7\u00e3o em Ci\u00eancias da Sa\u00fade.<\/a><\/p>\n<p>Cefaleia \u00e9 um sintoma muito frequente e deve ser considerado um sinal de alerta, seja a mesma consequ\u00eancia de problemas graves ou n\u00e3o.<\/p>\n<p>A classifica\u00e7\u00e3o das cefaleias tem utilidade cl\u00ednica, auxiliando no estabelecimento do diagn\u00f3stico, progn\u00f3stico e abordagem terap\u00eautica, e cient\u00edfica, uniformizando a nomenclatura dos diversos tipos de cefaleia estudados em diferentes centros de investiga\u00e7\u00e3o.<\/p>\n<p>As cefaleias prim\u00e1rias s\u00e3o as que ocorrem sem etiologia demonstr\u00e1vel pelos exames cl\u00ednicos ou laboratoriais usuais.<\/p>\n<p>O principal exemplo \u00e9 a migr\u00e2nea (enxaqueca), a cefaleia tipo tens\u00e3o, e a cefaleia em salvas.<\/p>\n<p>Nestes casos, desordens neuroqu\u00edmicas, encef\u00e1licas t\u00eam sido demonstradas, envolvendo desequil\u00edbrio de neurotransmissores, principalmente para a migr\u00e2nea.<\/p>\n<p>Tais desordens seriam herdadas e, sobre tal susceptibilidade end\u00f3gena, atuariam fatores ambientais.<\/p>\n<p>As cefaleias secund\u00e1rias s\u00e3o as provocadas por doen\u00e7as demonstr\u00e1veis pelos exames cl\u00ednicos ou laboratoriais.<\/p>\n<p>Nestes casos, a dor seria consequ\u00eancia de uma agress\u00e3o ao organismo, de ordem geral ou neurol\u00f3gica.<\/p>\n<p>Como exemplo, as cefaleias associadas \u00e0s infec\u00e7\u00f5es sist\u00eamicas, disfun\u00e7\u00f5es end\u00f3crinas, intoxica\u00e7\u00f5es, \u00e0 hemorragia cerebral, \u00e0s meningites, encefalites ou a les\u00f5es expansivas do SNC.<\/p>\n<p>Ap\u00f3s o atendimento de um paciente com cefaleia, o m\u00e9dico deve estar seguro para optar entre o diagn\u00f3stico de cefaleia prim\u00e1ria ou secund\u00e1ria.<\/p>\n<p>Os exames subsidi\u00e1rios dever\u00e3o ser solicitados quando h\u00e1 impossibilidade de certeza diagn\u00f3stica de cefaleia primaria.<\/p>\n<p>O uso abusivo de analg\u00e9sicos sem diagn\u00f3stico pode levar \u00e0 cefaleia cr\u00f4nica por uso abusivo de medicamentos.<\/p>\n<div dir=\"ltr\" data-font-name=\"Times\" data-canvas-width=\"312.70800677776316\">O Ambulat\u00f3rio de Cefaleia funciona nas instala\u00e7\u00f5es do Ambulat\u00f3rio Mario Covas e atende encaminhamentos de usu\u00e1rios SUS de 62 munic\u00edpios do Departamento Regional de Sa\u00fade IX do Estado de S\u00e3o Paulo.<\/div>\n<div dir=\"ltr\" data-font-name=\"Times\" data-canvas-width=\"312.70800677776316\"><img loading=\"lazy\" decoding=\"async\" class=\"aligncenter size-full wp-image-11779\" src=\"https:\/\/miltonmarchioli.com.br\/blog\/wp-content\/uploads\/dor-de-cabe\u00e7a-vermelho-garoto.jpg\" alt=\"dor de cabe\u00e7a - vermelho garoto\" width=\"1260\" height=\"770\" srcset=\"https:\/\/miltonmarchioli.com.br\/blog\/wp-content\/uploads\/dor-de-cabe\u00e7a-vermelho-garoto.jpg 1260w, https:\/\/miltonmarchioli.com.br\/blog\/wp-content\/uploads\/dor-de-cabe\u00e7a-vermelho-garoto-300x183.jpg 300w, https:\/\/miltonmarchioli.com.br\/blog\/wp-content\/uploads\/dor-de-cabe\u00e7a-vermelho-garoto-768x469.jpg 768w, https:\/\/miltonmarchioli.com.br\/blog\/wp-content\/uploads\/dor-de-cabe\u00e7a-vermelho-garoto-1024x626.jpg 1024w\" sizes=\"auto, (max-width: 1260px) 100vw, 1260px\" \/><\/div>\n<div dir=\"ltr\" data-font-name=\"Times\" data-canvas-width=\"312.70800677776316\"><\/div>\n","protected":false},"excerpt":{"rendered":"<p>Semin\u00e1rio apresentado pelos alunos Rebeca Klarosk\u00a0 e Luiz Augusto Gonzaga Filho no Ambulat\u00f3rio de Cefaleia- Ambulat\u00f3rio Mario Covas em est\u00e1gio dos alunos do 4\u00ba ano do curso de medicina da Famema- disciplinas Neurologia e Educa\u00e7\u00e3o em Ci\u00eancias da Sa\u00fade. Cefaleia \u00e9 um sintoma muito frequente e deve ser considerado um sinal de alerta, seja a &hellip; <a href=\"https:\/\/miltonmarchioli.com.br\/blog\/cefaleias-primarias-seminario-curso-de-medicina-da-famema-13\/\" class=\"more-link\">Continue lendo <span class=\"screen-reader-text\">Cefaleias Prim\u00e1rias. Semin\u00e1rio. Curso de Medicina da Famema<\/span> <span class=\"meta-nav\">&rarr;<\/span><\/a><\/p>\n","protected":false},"author":2,"featured_media":0,"comment_status":"open","ping_status":"open","sticky":false,"template":"","format":"standard","meta":{"rop_custom_images_group":[],"rop_custom_messages_group":[],"rop_publish_now":"initial","rop_publish_now_accounts":[],"rop_publish_now_history":[],"rop_publish_now_status":"pending","footnotes":""},"categories":[8,332,4,13,9],"tags":[304],"class_list":["post-5424","post","type-post","status-publish","format-standard","hentry","category-direito-e-saude","category-educacao","category-neurologia","category-opiniao","category-saude-publica","tag-ambulatorio-de-cefaleia-famema-milton-marchioli"],"_links":{"self":[{"href":"https:\/\/miltonmarchioli.com.br\/blog\/wp-json\/wp\/v2\/posts\/5424","targetHints":{"allow":["GET"]}}],"collection":[{"href":"https:\/\/miltonmarchioli.com.br\/blog\/wp-json\/wp\/v2\/posts"}],"about":[{"href":"https:\/\/miltonmarchioli.com.br\/blog\/wp-json\/wp\/v2\/types\/post"}],"author":[{"embeddable":true,"href":"https:\/\/miltonmarchioli.com.br\/blog\/wp-json\/wp\/v2\/users\/2"}],"replies":[{"embeddable":true,"href":"https:\/\/miltonmarchioli.com.br\/blog\/wp-json\/wp\/v2\/comments?post=5424"}],"version-history":[{"count":18,"href":"https:\/\/miltonmarchioli.com.br\/blog\/wp-json\/wp\/v2\/posts\/5424\/revisions"}],"predecessor-version":[{"id":13705,"href":"https:\/\/miltonmarchioli.com.br\/blog\/wp-json\/wp\/v2\/posts\/5424\/revisions\/13705"}],"wp:attachment":[{"href":"https:\/\/miltonmarchioli.com.br\/blog\/wp-json\/wp\/v2\/media?parent=5424"}],"wp:term":[{"taxonomy":"category","embeddable":true,"href":"https:\/\/miltonmarchioli.com.br\/blog\/wp-json\/wp\/v2\/categories?post=5424"},{"taxonomy":"post_tag","embeddable":true,"href":"https:\/\/miltonmarchioli.com.br\/blog\/wp-json\/wp\/v2\/tags?post=5424"}],"curies":[{"name":"wp","href":"https:\/\/api.w.org\/{rel}","templated":true}]}}