{"id":5441,"date":"2013-09-11T21:59:56","date_gmt":"2013-09-12T00:59:56","guid":{"rendered":"http:\/\/miltonmarchioli.com.br\/blog\/?p=5441"},"modified":"2022-01-21T18:07:44","modified_gmt":"2022-01-21T21:07:44","slug":"crise-no-ensino-superior-da-faculdade-de-medicina-de-marilia-famema-em-2013","status":"publish","type":"post","link":"https:\/\/miltonmarchioli.com.br\/blog\/crise-no-ensino-superior-da-faculdade-de-medicina-de-marilia-famema-em-2013\/","title":{"rendered":"Crise no ensino superior da Faculdade de Medicina de Mar\u00edlia &#8211; Famema- em 2013"},"content":{"rendered":"<p><a href=\"https:\/\/miltonmarchioli.com.br\/blog\/wp-content\/uploads\/ASSEMBLEIA-NO-CARMELO-DIA-29-08-2013.jpg\"><img loading=\"lazy\" decoding=\"async\" class=\"alignleft wp-image-5444\" title=\"ASSEMBLEIA NO CARMELO DIA 29-08-2013\" src=\"https:\/\/miltonmarchioli.com.br\/blog\/wp-content\/uploads\/ASSEMBLEIA-NO-CARMELO-DIA-29-08-2013-300x300.jpg\" alt=\"\" width=\"255\" height=\"255\" srcset=\"https:\/\/miltonmarchioli.com.br\/blog\/wp-content\/uploads\/ASSEMBLEIA-NO-CARMELO-DIA-29-08-2013-300x300.jpg 300w, https:\/\/miltonmarchioli.com.br\/blog\/wp-content\/uploads\/ASSEMBLEIA-NO-CARMELO-DIA-29-08-2013-150x150.jpg 150w, https:\/\/miltonmarchioli.com.br\/blog\/wp-content\/uploads\/ASSEMBLEIA-NO-CARMELO-DIA-29-08-2013.jpg 480w\" sizes=\"auto, (max-width: 255px) 100vw, 255px\" \/><\/a>Desde o \u00faltimo dia 26 de agosto de 2013 os servidores\u00a0 da Fumes e Famar entraram em greve na autarquia de ensino Famema.<\/p>\n<p>Motivo- falta de estrutura no ensino, na assist\u00eancia do Hospital das Cl\u00ednicas de Mar\u00edlia, e baixa remunera\u00e7\u00e3o dos servidores e docentes.<\/p>\n<p>24 horas ap\u00f3s, a Associa\u00e7\u00e3o dos Docentes anunciava sua posi\u00e7\u00e3o no movimento. Greve\u00a0 iniciada dia 02\/09\/2013 .<\/p>\n<p>48 horas depois, os alunos tamb\u00e9m decidiram pela greve. Greve iniciada greve em dia 28\/08\/2013.<\/p>\n<p>96 horas depois os residentes do Hospital das Cl\u00ednicas de Mar\u00edlia anunciavam ades\u00e3o\u00a0 ao movimento grevista.\u00a0 Greve iniciada dia 03\/09\/2013.<\/p>\n<p>A maior crise institucional da Famema superando a de 2011.<\/p>\n<p>Crise que se arrasta com os alunos desde 2011.<\/p>\n<p>Em 2011 segundo semestre uma\u00a0 poderosa crise institucional.<\/p>\n<p>Motivo- alunos queriam contrata\u00e7\u00e3o de mais professores, discuss\u00e3o da grade curricular, laborat\u00f3rios abertos com professores em tempo integral, transporte para as Unidades de Sa\u00fade da Fam\u00edlia, onde ocorre a Unidade de Pr\u00e1tica Profissional, e\u00a0 ainda a constru\u00e7\u00e3o de refeit\u00f3rio universit\u00e1rio.<\/p>\n<p>Em 2013 no primeiro semestre uma nova crise institucional.<a href=\"https:\/\/miltonmarchioli.com.br\/blog\/wp-content\/uploads\/FAMEMA-ACORDOU1.jpg\"><img loading=\"lazy\" decoding=\"async\" class=\"alignright size-medium wp-image-5446\" title=\"FAMEMA ACORDOU\" src=\"https:\/\/miltonmarchioli.com.br\/blog\/wp-content\/uploads\/FAMEMA-ACORDOU1-300x200.jpg\" alt=\"\" width=\"300\" height=\"200\" srcset=\"https:\/\/miltonmarchioli.com.br\/blog\/wp-content\/uploads\/FAMEMA-ACORDOU1-300x200.jpg 300w, https:\/\/miltonmarchioli.com.br\/blog\/wp-content\/uploads\/FAMEMA-ACORDOU1.jpg 720w\" sizes=\"auto, (max-width: 300px) 100vw, 300px\" \/><\/a><\/p>\n<p>Motivo ?\u00a0alunos queriam contrata\u00e7\u00e3o de mais professores, discuss\u00e3o da grade curricular, laborat\u00f3rios abertos com professores em tempo integral, transporte para as Unidades de Sa\u00fade da Fam\u00edlia, onde ocorre a Unidade de Pr\u00e1tica Profissional, e\u00a0 ainda a constru\u00e7\u00e3o de refeit\u00f3rio universit\u00e1rio.<\/p>\n<p>Em 2013 no segundo semestre outra crise institucional.<\/p>\n<p>Crise generalizada- servidores da Fumes, Famar, docentes, residentes e alunos reivindicando melhorias na infraestrutura da sa\u00fade p\u00fablica e no ensino.<\/p>\n<p>A mesma pauta ignorada pelo Diretoria Geral da Faculdade de Medicina na gest\u00e3o de\u00a0 2009 a 2012.<\/p>\n<p>Na CPI da Fumes houve a conclus\u00e3o em dezembro de 2012 evidenciando irregularidades administrativas.<\/p>\n<p><a href=\"https:\/\/miltonmarchioli.com.br\/blog\/wp-content\/uploads\/greve-dia-04-09.jpg\"><img loading=\"lazy\" decoding=\"async\" class=\"alignleft size-medium wp-image-5447\" title=\"greve dia 04-09\" src=\"https:\/\/miltonmarchioli.com.br\/blog\/wp-content\/uploads\/greve-dia-04-09-300x225.jpg\" alt=\"\" width=\"300\" height=\"225\" srcset=\"https:\/\/miltonmarchioli.com.br\/blog\/wp-content\/uploads\/greve-dia-04-09-300x225.jpg 300w, https:\/\/miltonmarchioli.com.br\/blog\/wp-content\/uploads\/greve-dia-04-09.jpg 960w\" sizes=\"auto, (max-width: 300px) 100vw, 300px\" \/><\/a>Aprovada por unanimidade pelos vereadores em sess\u00e3o extraordin\u00e1ria.<\/p>\n<p>Na gest\u00e3o 2009-2012 houve 300 vagas disponibilizadas pelo Estado para concurso p\u00fablico que nunca foram preenchidas.<\/p>\n<p>Motivo ?<\/p>\n<p>Arquivo X.<\/p>\n<p>Sendo assim, depois de quatro anos de uma gest\u00e3o administrativa de efic\u00e1cia question\u00e1vel\u00a0 culminou em um desaguadouro de aspira\u00e7\u00f5es e incertezas por servidores da Fumes e Famar, docentes, residentes e alunos.<\/p>\n<p>N\u00e3o podemos esquecer que a Famema tem duas miss\u00f5es intransfer\u00edveis e irrenunci\u00e1veis:<\/p>\n<p>Ensino e Sa\u00fade P\u00fablica.<\/p>\n<p>E para tanto, condi\u00e7\u00f5es de trabalho adequadas, incluindo infraestrutura, plano de cargos, carreira e sal\u00e1rios, remunera\u00e7\u00e3o digna para os servidores da Fumes e Famar, e fim das terceiriza\u00e7\u00f5es n\u00e3o necess\u00e1rias.<\/p>\n<p>\u00c9 certo que o dinheiro sempre foi apertado, mas apontar falta de apoio do governo estadual, e n\u00e3o observar \u00e0 inefici\u00eancia administrativa local como forma de &#8220;lavar as m\u00e3os&#8221; e desviar o foco da greve n\u00e3o parece ser a sa\u00edda mais racional, mas sim emocional.<a href=\"https:\/\/miltonmarchioli.com.br\/blog\/wp-content\/uploads\/greve-dia-04-09-segunda.jpg\"><img loading=\"lazy\" decoding=\"async\" class=\"alignright wp-image-5448\" title=\"greve dia 04-09 segunda\" src=\"https:\/\/miltonmarchioli.com.br\/blog\/wp-content\/uploads\/greve-dia-04-09-segunda-300x225.jpg\" alt=\"\" width=\"275\" height=\"206\" srcset=\"https:\/\/miltonmarchioli.com.br\/blog\/wp-content\/uploads\/greve-dia-04-09-segunda-300x225.jpg 300w, https:\/\/miltonmarchioli.com.br\/blog\/wp-content\/uploads\/greve-dia-04-09-segunda.jpg 960w\" sizes=\"auto, (max-width: 275px) 100vw, 275px\" \/><\/a><\/p>\n<p>A culpa \u00e9 do governo ?<\/p>\n<p>N\u00e3o\u00a0 h\u00e1 culpados na gest\u00e3o atual ?<\/p>\n<p>Simples racioc\u00ednio.<\/p>\n<p>Mas, inver\u00eddico.<\/p>\n<p>A Faculdade Rio Preto foi estadualizada em 1994 e deslanchou.<\/p>\n<p>Uma faculdade de ponta hoje&#8230;<\/p>\n<p>Precisa-se ter uma\u00a0 pauta comum nessa crise institucional de 2013:<\/p>\n<p>Ensino e Sa\u00fade P\u00fablica com qualidade.<\/p>\n<p>A greve teve tamb\u00e9m como fator catalisador as baixas remunera\u00e7\u00f5es dos servidores da Fumes e Famar nos \u00faltimos 20 anos.<\/p>\n<p><a href=\"https:\/\/miltonmarchioli.com.br\/blog\/wp-content\/uploads\/greve-famema-av-tirandentes.jpg\"><img loading=\"lazy\" decoding=\"async\" class=\"alignleft size-medium wp-image-5449\" title=\"greve famema- av tirandentes\" src=\"https:\/\/miltonmarchioli.com.br\/blog\/wp-content\/uploads\/greve-famema-av-tirandentes-300x225.jpg\" alt=\"\" width=\"300\" height=\"225\" srcset=\"https:\/\/miltonmarchioli.com.br\/blog\/wp-content\/uploads\/greve-famema-av-tirandentes-300x225.jpg 300w, https:\/\/miltonmarchioli.com.br\/blog\/wp-content\/uploads\/greve-famema-av-tirandentes.jpg 640w\" sizes=\"auto, (max-width: 300px) 100vw, 300px\" \/><\/a>Segundo dados apontados por peritos cont\u00e1beis, a defici\u00eancia salarial para servidores da Unesp, USP e Unicamp chegam a 35%.<\/p>\n<p>Como nenhuma universidade p\u00fablica sinalizou at\u00e9 hoje que queira encampar a Famema, os servidores da Fumes e Famar vivem de migalhas do governo estadual.<\/p>\n<p>\u00c9 fato que a Famerp est\u00e1 melhor financeiramente que a Famema, mas \u00e9 certo tamb\u00e9m, que os diretores da mesma sempre tentaram vincular a remunera\u00e7\u00e3o dos servidores da Famerp aos valores oferecidos pelas grandes universidades do Estado de S\u00e3o Paulo.<\/p>\n<p>A Famerp se modernizou desde 1994.<\/p>\n<p>A Famema envelheceu, empobreceu e ficou sucateada.<\/p>\n<p>Nessa crise institucional da Famema sem precedentes precisamos de uma pauta \u00fanica:<\/p>\n<p>Encampa\u00e7\u00e3o pela Unesp ou um at\u00e9 mesmo um instituto isolado, mas com padr\u00e3o administrativo com excel\u00eancia na gest\u00e3o.<a href=\"https:\/\/miltonmarchioli.com.br\/blog\/wp-content\/uploads\/greve-na-famema-com-os-alunos-2.jpg\"><img loading=\"lazy\" decoding=\"async\" class=\"alignright size-medium wp-image-5450\" title=\"greve na famema com os alunos 2\" src=\"https:\/\/miltonmarchioli.com.br\/blog\/wp-content\/uploads\/greve-na-famema-com-os-alunos-2-300x225.jpg\" alt=\"\" width=\"300\" height=\"225\" srcset=\"https:\/\/miltonmarchioli.com.br\/blog\/wp-content\/uploads\/greve-na-famema-com-os-alunos-2-300x225.jpg 300w, https:\/\/miltonmarchioli.com.br\/blog\/wp-content\/uploads\/greve-na-famema-com-os-alunos-2.jpg 960w\" sizes=\"auto, (max-width: 300px) 100vw, 300px\" \/><\/a><\/p>\n<p>O padr\u00e3o Unesp de gerenciamento administrativo das faculdades espalhadas pelo interior do Estado de S\u00e3o Paulo.<\/p>\n<p>Paradigma- Faculdade de Medicina de Botucatu.<\/p>\n<p>Uma faculdade dos sonhos:<\/p>\n<p>Ensino, Assist\u00eancia e Pesquisa.<\/p>\n<p>Pesquisa, pouco efetuada em nossa Famema.<\/p>\n<p>Por in\u00fameras raz\u00f5es&#8230;<\/p>\n<p>Desde falta de estrutura at\u00e9 falta de p\u00f3s-gradua\u00e7\u00e3o equipada para tal desafio: o de pesquisar.<\/p>\n<p>Nessa crise institucional inafast\u00e1vel \u00e9 a da reflex\u00e3o do porqu\u00ea estar isto acontecendo&#8230;<\/p>\n<p>Muitas s\u00e3o as respostas.<\/p>\n<p><a href=\"https:\/\/miltonmarchioli.com.br\/blog\/wp-content\/uploads\/SERVIDORES-DA-FAMEMA-NA-CAMARA-MUNICIPAL.jpg\"><img loading=\"lazy\" decoding=\"async\" class=\"alignleft size-medium wp-image-5451\" title=\"SERVIDORES DA FAMEMA NA CAMARA MUNICIPAL\" src=\"https:\/\/miltonmarchioli.com.br\/blog\/wp-content\/uploads\/SERVIDORES-DA-FAMEMA-NA-CAMARA-MUNICIPAL-300x200.jpg\" alt=\"\" width=\"300\" height=\"200\" srcset=\"https:\/\/miltonmarchioli.com.br\/blog\/wp-content\/uploads\/SERVIDORES-DA-FAMEMA-NA-CAMARA-MUNICIPAL-300x200.jpg 300w, https:\/\/miltonmarchioli.com.br\/blog\/wp-content\/uploads\/SERVIDORES-DA-FAMEMA-NA-CAMARA-MUNICIPAL.jpg 960w\" sizes=\"auto, (max-width: 300px) 100vw, 300px\" \/><\/a>Mas apenas uma solu\u00e7\u00e3o para o salto de qualidade institucional.<\/p>\n<p>A luta geral por melhorias j\u00e1!<\/p>\n<p>Os servidores pediram apoio aos vereadores de Mar\u00edlia.<\/p>\n<p>Foram recebidos e prometeram ajudar.<\/p>\n<p>Lutar e n\u00e3o se entregar a migalhas no ensino e na sa\u00fade p\u00fablica.<\/p>\n<p>Servidores da Fumes e Famar, docentes, residentes e alunos querendo ensino e sa\u00fade p\u00fablica com qualidade.<\/p>\n<p>Afinal, a autarquia Famema atende 62 munic\u00edpios do Departamento Regional de Sa\u00fade IX do Estado de S\u00e3o Paulo.<\/p>\n<p>Sem luta n\u00e3o h\u00e1 vit\u00f3rias !<\/p>\n<p>Uma luta justa e perfeita !<\/p>\n<p style=\"text-align: left;\"><a href=\"https:\/\/miltonmarchioli.com.br\/blog\/wp-content\/uploads\/ASSEMBLEIA-DOS-ALUNOS-MONSTRUOSA-1.jpg\"><img loading=\"lazy\" decoding=\"async\" class=\"aligncenter size-full wp-image-12144\" src=\"https:\/\/miltonmarchioli.com.br\/blog\/wp-content\/uploads\/ASSEMBLEIA-DOS-ALUNOS-MONSTRUOSA-1.jpg\" alt=\"ASSEMBLEIA DOS ALUNOS MONSTRUOSA\" width=\"960\" height=\"720\" srcset=\"https:\/\/miltonmarchioli.com.br\/blog\/wp-content\/uploads\/ASSEMBLEIA-DOS-ALUNOS-MONSTRUOSA-1.jpg 960w, https:\/\/miltonmarchioli.com.br\/blog\/wp-content\/uploads\/ASSEMBLEIA-DOS-ALUNOS-MONSTRUOSA-1-300x225.jpg 300w, https:\/\/miltonmarchioli.com.br\/blog\/wp-content\/uploads\/ASSEMBLEIA-DOS-ALUNOS-MONSTRUOSA-1-768x576.jpg 768w\" sizes=\"auto, (max-width: 960px) 100vw, 960px\" \/><\/a>&#8220;N\u00e3o adianta dizer: Estamos fazendo o melhor que podemos.\u00a0Temos que conseguir o que quer que seja necess\u00e1rio&#8221;.<\/p>\n<p style=\"text-align: center;\">Winston Churchill<\/p>\n","protected":false},"excerpt":{"rendered":"<p>Desde o \u00faltimo dia 26 de agosto de 2013 os servidores\u00a0 da Fumes e Famar entraram em greve na autarquia de ensino Famema. Motivo- falta de estrutura no ensino, na assist\u00eancia do Hospital das Cl\u00ednicas de Mar\u00edlia, e baixa remunera\u00e7\u00e3o dos servidores e docentes. 24 horas ap\u00f3s, a Associa\u00e7\u00e3o dos Docentes anunciava sua posi\u00e7\u00e3o no &hellip; <a href=\"https:\/\/miltonmarchioli.com.br\/blog\/crise-no-ensino-superior-da-faculdade-de-medicina-de-marilia-famema-em-2013\/\" class=\"more-link\">Continue lendo <span class=\"screen-reader-text\">Crise no ensino superior da Faculdade de Medicina de Mar\u00edlia &#8211; Famema- em 2013<\/span> <span class=\"meta-nav\">&rarr;<\/span><\/a><\/p>\n","protected":false},"author":2,"featured_media":0,"comment_status":"open","ping_status":"open","sticky":false,"template":"","format":"standard","meta":{"rop_custom_images_group":[],"rop_custom_messages_group":[],"rop_publish_now":"initial","rop_publish_now_accounts":[],"rop_publish_now_history":[],"rop_publish_now_status":"pending","footnotes":""},"categories":[8,11,332,13,9],"tags":[340,101],"class_list":["post-5441","post","type-post","status-publish","format-standard","hentry","category-direito-e-saude","category-economia","category-educacao","category-opiniao","category-saude-publica","tag-crise-institucional-famema-2013","tag-pbl-famema"],"_links":{"self":[{"href":"https:\/\/miltonmarchioli.com.br\/blog\/wp-json\/wp\/v2\/posts\/5441","targetHints":{"allow":["GET"]}}],"collection":[{"href":"https:\/\/miltonmarchioli.com.br\/blog\/wp-json\/wp\/v2\/posts"}],"about":[{"href":"https:\/\/miltonmarchioli.com.br\/blog\/wp-json\/wp\/v2\/types\/post"}],"author":[{"embeddable":true,"href":"https:\/\/miltonmarchioli.com.br\/blog\/wp-json\/wp\/v2\/users\/2"}],"replies":[{"embeddable":true,"href":"https:\/\/miltonmarchioli.com.br\/blog\/wp-json\/wp\/v2\/comments?post=5441"}],"version-history":[{"count":18,"href":"https:\/\/miltonmarchioli.com.br\/blog\/wp-json\/wp\/v2\/posts\/5441\/revisions"}],"predecessor-version":[{"id":13708,"href":"https:\/\/miltonmarchioli.com.br\/blog\/wp-json\/wp\/v2\/posts\/5441\/revisions\/13708"}],"wp:attachment":[{"href":"https:\/\/miltonmarchioli.com.br\/blog\/wp-json\/wp\/v2\/media?parent=5441"}],"wp:term":[{"taxonomy":"category","embeddable":true,"href":"https:\/\/miltonmarchioli.com.br\/blog\/wp-json\/wp\/v2\/categories?post=5441"},{"taxonomy":"post_tag","embeddable":true,"href":"https:\/\/miltonmarchioli.com.br\/blog\/wp-json\/wp\/v2\/tags?post=5441"}],"curies":[{"name":"wp","href":"https:\/\/api.w.org\/{rel}","templated":true}]}}