{"id":5468,"date":"2013-09-21T12:59:42","date_gmt":"2013-09-21T15:59:42","guid":{"rendered":"http:\/\/miltonmarchioli.com.br\/blog\/?p=5468"},"modified":"2022-01-23T11:03:54","modified_gmt":"2022-01-23T14:03:54","slug":"jornada-coletiva-de-humanizacao-debate-sobre-a-lei-do-ato-medico","status":"publish","type":"post","link":"https:\/\/miltonmarchioli.com.br\/blog\/jornada-coletiva-de-humanizacao-debate-sobre-a-lei-do-ato-medico\/","title":{"rendered":"Jornada Coletiva de Humaniza\u00e7\u00e3o. Debate sobre a Lei do Ato M\u00e9dico"},"content":{"rendered":"<p><a href=\"https:\/\/miltonmarchioli.com.br\/blog\/wp-content\/uploads\/FOLDER-SEMANA-COLETIVA-DE-HUMANIZA\u00c7\u00c3O.jpg\"><img loading=\"lazy\" decoding=\"async\" class=\"alignleft wp-image-12148\" src=\"https:\/\/miltonmarchioli.com.br\/blog\/wp-content\/uploads\/FOLDER-SEMANA-COLETIVA-DE-HUMANIZA\u00c7\u00c3O-300x210.jpg\" alt=\"FOLDER- SEMANA COLETIVA DE HUMANIZA\u00c7\u00c3O\" width=\"277\" height=\"194\" srcset=\"https:\/\/miltonmarchioli.com.br\/blog\/wp-content\/uploads\/FOLDER-SEMANA-COLETIVA-DE-HUMANIZA\u00c7\u00c3O-300x210.jpg 300w, https:\/\/miltonmarchioli.com.br\/blog\/wp-content\/uploads\/FOLDER-SEMANA-COLETIVA-DE-HUMANIZA\u00c7\u00c3O.jpg 685w\" sizes=\"auto, (max-width: 277px) 100vw, 277px\" \/><\/a>No dia\u00a0 20 de setembro de 2013 estivemos ao lado do Prof.\u00a0 Dr. Carlos Rodrigues da Silva Filho e do Professor Marcos Conforti Conforti debatendo o tema: &#8220;S.O.S\u00a0 Medicina&#8221; em evento organizado pelo professor Tito Bassan na sala Oct\u00e1vio Lignelli-Biblioteca Municipal de Mar\u00edlia na Jornada Coletiva de Humaniza\u00e7\u00e3o &#8211; Estudos da Sa\u00fade, \u00c9tica, Ci\u00eancias e Artes.<\/p>\n<p>A mesa redonda foi aberta com a palestra do professor Carlos Rodrigues da Silva Filho apontou as fortalezas e fragilidades do &#8220;Programa Mais M\u00e9dicos&#8221; implantado no ano de 2013 no Brasil.<\/p>\n<p>Defendeu com unhas e dentes o famigerado Programa Mais M\u00e9dicos.<\/p>\n<p>N\u00e3o declarou que havia conflito de interesse ao n\u00e3o relatar que \u00e9 membro permanente do Minist\u00e9rio da Sa\u00fade e da Educa\u00e7\u00e3o.<\/p>\n<p>Ap\u00f3s, apontamos a import\u00e2ncia do Ato M\u00e9dico, e Responsabilidade \u00c9tica, Penal e Civil decorrentes do mesmo, e por fim a Lei do Ato M\u00e9dico de 12.842 de 10 de julho de 2013.<\/p>\n<p>E por fim, a finaliza\u00e7\u00e3o da mesa redonda com os apontamentos do Professor Marcos Conforti discorrendo sobre a import\u00e2ncia de outros diagn\u00f3sticos realizados por outros profissionais de sa\u00fade, tanto em n\u00edvel da Sa\u00fade P\u00fablica como na Sa\u00fade Suplementar.<\/p>\n<p>A presen\u00e7a dos alunos na sala Oct\u00e1vio Lignelli foi numerosa, e principalmente constitu\u00edda por alunos do ensino m\u00e9dio.<\/p>\n<p>Sauda\u00e7\u00f5es \u00e0 comiss\u00e3o organizadora e aos docentes da mesa redonda !<\/p>\n<p><strong>Lei 12.842\/2013<\/strong><\/p>\n<p>Art. 1<span style=\"text-decoration: underline;\"><sup>o<\/sup><\/span>\u00a0 O exerc\u00edcio da Medicina \u00e9 regido pelas disposi\u00e7\u00f5es desta Lei.<\/p>\n<p>Art. 2<span style=\"text-decoration: underline;\"><sup>o<\/sup><\/span> \u00a0O objeto da atua\u00e7\u00e3o do m\u00e9dico \u00e9 a sa\u00fade do ser humano e das coletividades humanas, em benef\u00edcio da qual dever\u00e1 agir com o m\u00e1ximo de zelo, com o melhor de sua capacidade profissional e sem discrimina\u00e7\u00e3o de qualquer natureza.<\/p>\n<p>Par\u00e1grafo \u00fanico. \u00a0O m\u00e9dico desenvolver\u00e1 suas a\u00e7\u00f5es profissionais no campo da aten\u00e7\u00e3o \u00e0 sa\u00fade para:<\/p>\n<p>I &#8211; a promo\u00e7\u00e3o, a prote\u00e7\u00e3o e a recupera\u00e7\u00e3o da sa\u00fade;<\/p>\n<p>II &#8211; a preven\u00e7\u00e3o, o diagn\u00f3stico e o tratamento das doen\u00e7as;<\/p>\n<p>III &#8211; a reabilita\u00e7\u00e3o dos enfermos e portadores de defici\u00eancias.<\/p>\n<p>Art. 3<span style=\"text-decoration: underline;\"><sup>o<\/sup><\/span> \u00a0O m\u00e9dico integrante da equipe de sa\u00fade que assiste o indiv\u00edduo ou a coletividade atuar\u00e1 em m\u00fatua colabora\u00e7\u00e3o com os demais profissionais de sa\u00fade que a comp\u00f5em.<\/p>\n<p>Art. 4<span style=\"text-decoration: underline;\"><sup>o<\/sup><\/span> \u00a0S\u00e3o atividades privativas do m\u00e9dico:<\/p>\n<p>I &#8211; (VETADO);<\/p>\n<p>II &#8211; indica\u00e7\u00e3o e execu\u00e7\u00e3o da interven\u00e7\u00e3o cir\u00fargica e prescri\u00e7\u00e3o dos cuidados m\u00e9dicos pr\u00e9 e p\u00f3s-operat\u00f3rios;<\/p>\n<p>III &#8211; indica\u00e7\u00e3o da execu\u00e7\u00e3o e execu\u00e7\u00e3o de procedimentos invasivos, sejam diagn\u00f3sticos, terap\u00eauticos ou est\u00e9ticos, incluindo os acessos vasculares profundos, as bi\u00f3psias e as endoscopias;<\/p>\n<p>IV &#8211; intuba\u00e7\u00e3o traqueal;<\/p>\n<p>V &#8211; coordena\u00e7\u00e3o da estrat\u00e9gia ventilat\u00f3ria inicial para a ventila\u00e7\u00e3o mec\u00e2nica invasiva, bem como das mudan\u00e7as necess\u00e1rias diante das intercorr\u00eancias cl\u00ednicas, e do programa de interrup\u00e7\u00e3o da ventila\u00e7\u00e3o mec\u00e2nica invasiva, incluindo a desintuba\u00e7\u00e3o traqueal;<\/p>\n<p>VI &#8211; execu\u00e7\u00e3o de seda\u00e7\u00e3o profunda, bloqueios anest\u00e9sicos e anestesia geral;<\/p>\n<p>VII &#8211; emiss\u00e3o de laudo dos exames endosc\u00f3picos e de imagem, dos procedimentos diagn\u00f3sticos invasivos e dos exames an\u00e1tomo-patol\u00f3gicos;<\/p>\n<p>VIII &#8211; (VETADO);<\/p>\n<p>IX &#8211; (VETADO);<\/p>\n<p>X &#8211; determina\u00e7\u00e3o do progn\u00f3stico relativo ao diagn\u00f3stico nosol\u00f3gico;<\/p>\n<p>XI &#8211; indica\u00e7\u00e3o de interna\u00e7\u00e3o e alta m\u00e9dica nos servi\u00e7os de aten\u00e7\u00e3o \u00e0 sa\u00fade;<\/p>\n<p>XII &#8211; realiza\u00e7\u00e3o de per\u00edcia m\u00e9dica e exames m\u00e9dico-legais, excetuados os exames laboratoriais de an\u00e1lises cl\u00ednicas, toxicol\u00f3gicas, gen\u00e9ticas e de biologia molecular;<\/p>\n<p>XIII &#8211; atesta\u00e7\u00e3o m\u00e9dica de condi\u00e7\u00f5es de sa\u00fade, doen\u00e7as e poss\u00edveis sequelas;<\/p>\n<p>XIV &#8211; atesta\u00e7\u00e3o do \u00f3bito, exceto em casos de morte natural em localidade em que n\u00e3o haja m\u00e9dico.<\/p>\n<p>\u00a7 1<span style=\"text-decoration: underline;\"><sup>o<\/sup><\/span> \u00a0Diagn\u00f3stico nosol\u00f3gico \u00e9 a determina\u00e7\u00e3o da doen\u00e7a que acomete o ser humano, aqui definida como interrup\u00e7\u00e3o, cessa\u00e7\u00e3o ou dist\u00farbio da fun\u00e7\u00e3o do corpo, sistema ou \u00f3rg\u00e3o, caracterizada por, no m\u00ednimo, 2 (dois) dos seguintes crit\u00e9rios:<\/p>\n<p>I &#8211; agente etiol\u00f3gico reconhecido;<\/p>\n<p>II &#8211; grupo identific\u00e1vel de sinais ou sintomas;<\/p>\n<p>III &#8211; altera\u00e7\u00f5es anat\u00f4micas ou psicopatol\u00f3gicas.<\/p>\n<p>\u00a7 2<span style=\"text-decoration: underline;\"><sup>o<\/sup><\/span> \u00a0(VETADO).<\/p>\n<p>\u00a7 3<span style=\"text-decoration: underline;\"><sup>o<\/sup><\/span> \u00a0As doen\u00e7as, para os efeitos desta Lei, encontram-se referenciadas na vers\u00e3o atualizada da Classifica\u00e7\u00e3o Estat\u00edstica Internacional de Doen\u00e7as e Problemas Relacionados \u00e0 Sa\u00fade.<\/p>\n<p>\u00a7 4<span style=\"text-decoration: underline;\"><sup>o<\/sup><\/span> \u00a0Procedimentos invasivos, para os efeitos desta Lei, s\u00e3o os caracterizados por quaisquer das seguintes situa\u00e7\u00f5es:<\/p>\n<p>I &#8211; (VETADO);<\/p>\n<p>II &#8211; (VETADO);<\/p>\n<p>III &#8211; invas\u00e3o dos orif\u00edcios naturais do corpo, atingindo \u00f3rg\u00e3os internos.<\/p>\n<p>\u00a7 5<span style=\"text-decoration: underline;\"><sup>o<\/sup><\/span> \u00a0Excetuam-se do rol de atividades privativas do m\u00e9dico:<\/p>\n<p>I &#8211; (VETADO);<\/p>\n<p>II &#8211; (VETADO);<\/p>\n<p>III &#8211; aspira\u00e7\u00e3o nasofaringeana ou orotraqueal;<\/p>\n<p>IV &#8211; (VETADO);<\/p>\n<p>V &#8211; realiza\u00e7\u00e3o de curativo com desbridamento at\u00e9 o limite do tecido subcut\u00e2neo, sem a necessidade de tratamento cir\u00fargico;<\/p>\n<p>VI &#8211; atendimento \u00e0 pessoa sob risco de morte iminente;<\/p>\n<p>VII &#8211; realiza\u00e7\u00e3o de exames citopatol\u00f3gicos e seus respectivos laudos;<\/p>\n<p>VIII &#8211; coleta de material biol\u00f3gico para realiza\u00e7\u00e3o de an\u00e1lises cl\u00ednico-laboratoriais;<\/p>\n<p>IX &#8211; procedimentos realizados atrav\u00e9s de orif\u00edcios naturais em estruturas anat\u00f4micas visando \u00e0 recupera\u00e7\u00e3o f\u00edsico-funcional e n\u00e3o comprometendo a estrutura celular e tecidual.<\/p>\n<p>\u00a7 6<span style=\"text-decoration: underline;\"><sup>o<\/sup><\/span> \u00a0O disposto neste artigo n\u00e3o se aplica ao exerc\u00edcio da Odontologia, no \u00e2mbito de sua \u00e1rea de atua\u00e7\u00e3o.<\/p>\n<p>\u00a7 7<span style=\"text-decoration: underline;\"><sup>o<\/sup><\/span> \u00a0O disposto neste artigo ser\u00e1 aplicado de forma que sejam resguardadas as compet\u00eancias pr\u00f3prias das profiss\u00f5es de assistente social, bi\u00f3logo, biom\u00e9dico, enfermeiro, farmac\u00eautico, fisioterapeuta, fonoaudi\u00f3logo, nutricionista, profissional de educa\u00e7\u00e3o f\u00edsica, psic\u00f3logo, terapeuta ocupacional e t\u00e9cnico e tecn\u00f3logo de radiologia.<\/p>\n<p>Art. 5<span style=\"text-decoration: underline;\"><sup>o<\/sup><\/span> \u00a0S\u00e3o privativos de m\u00e9dico:<\/p>\n<p>I &#8211; (VETADO);<\/p>\n<p>II &#8211; per\u00edcia e auditoria m\u00e9dicas; coordena\u00e7\u00e3o e supervis\u00e3o vinculadas, de forma imediata e direta, \u00e0s atividades privativas de m\u00e9dico;<\/p>\n<p>III &#8211; ensino de disciplinas especificamente m\u00e9dicas;<\/p>\n<p>IV &#8211; coordena\u00e7\u00e3o dos cursos de gradua\u00e7\u00e3o em Medicina, dos programas de resid\u00eancia m\u00e9dica e dos cursos de p\u00f3s-gradua\u00e7\u00e3o espec\u00edficos para m\u00e9dicos.<\/p>\n<p>Par\u00e1grafo \u00fanico. \u00a0A dire\u00e7\u00e3o administrativa de servi\u00e7os de sa\u00fade n\u00e3o constitui fun\u00e7\u00e3o privativa de m\u00e9dico.<\/p>\n<p>Art. 6<span style=\"text-decoration: underline;\"><sup>o<\/sup><\/span> \u00a0A denomina\u00e7\u00e3o de \u201cm\u00e9dico\u201d \u00e9 privativa dos graduados em cursos superiores de Medicina, e o exerc\u00edcio da profiss\u00e3o, dos inscritos no Conselho Regional de Medicina com jurisdi\u00e7\u00e3o na respectiva unidade da Federa\u00e7\u00e3o.<\/p>\n<p>Art. 7<span style=\"text-decoration: underline;\"><sup>o<\/sup><\/span> \u00a0Compreende-se entre as compet\u00eancias do Conselho Federal de Medicina editar normas para definir o car\u00e1ter experimental de procedimentos em Medicina, autorizando ou vedando a sua pr\u00e1tica pelos m\u00e9dicos.<\/p>\n<p>Par\u00e1grafo \u00fanico. \u00a0A compet\u00eancia fiscalizadora dos Conselhos Regionais de Medicina abrange a fiscaliza\u00e7\u00e3o e o controle dos procedimentos especificados no caput, bem como a aplica\u00e7\u00e3o das san\u00e7\u00f5es pertinentes em caso de inobserv\u00e2ncia das normas determinadas pelo Conselho Federal.<\/p>\n<p>Art. 8<span style=\"text-decoration: underline;\"><sup>o<\/sup><\/span> \u00a0Esta Lei entra em vigor 60 (sessenta) dias ap\u00f3s a data de sua publica\u00e7\u00e3o.<\/p>\n<p>Bras\u00edlia, 10 de julho de 2013; 192<span style=\"text-decoration: underline;\"><sup>o<\/sup><\/span> da Independ\u00eancia e 125<span style=\"text-decoration: underline;\"><sup>o<\/sup><\/span> da Rep\u00fablica.<\/p>\n<p style=\"text-align: center;\">DILMA ROUSSEFF<br \/>\n<em>Guido Mantega<br \/>\nManoel Dias<br \/>\nAlexandre Rocha Santos Padilha<br \/>\nMiriam Belchior<br \/>\nGilberto Carvalho<\/em><\/p>\n<p><a href=\"https:\/\/miltonmarchioli.com.br\/blog\/wp-content\/uploads\/MARCHIOLI-RODRIGUES-MARCOS-CONFORTI.jpg\"><img loading=\"lazy\" decoding=\"async\" class=\"aligncenter wp-image-5470\" title=\"MARCHIOLI- RODRIGUES- MARCOS CONFORTI\" src=\"https:\/\/miltonmarchioli.com.br\/blog\/wp-content\/uploads\/MARCHIOLI-RODRIGUES-MARCOS-CONFORTI.jpg\" alt=\"\" width=\"619\" height=\"351\" \/><\/a><\/p>\n","protected":false},"excerpt":{"rendered":"<p>No dia\u00a0 20 de setembro de 2013 estivemos ao lado do Prof.\u00a0 Dr. Carlos Rodrigues da Silva Filho e do Professor Marcos Conforti Conforti debatendo o tema: &#8220;S.O.S\u00a0 Medicina&#8221; em evento organizado pelo professor Tito Bassan na sala Oct\u00e1vio Lignelli-Biblioteca Municipal de Mar\u00edlia na Jornada Coletiva de Humaniza\u00e7\u00e3o &#8211; Estudos da Sa\u00fade, \u00c9tica, Ci\u00eancias e &hellip; <a href=\"https:\/\/miltonmarchioli.com.br\/blog\/jornada-coletiva-de-humanizacao-debate-sobre-a-lei-do-ato-medico\/\" class=\"more-link\">Continue lendo <span class=\"screen-reader-text\">Jornada Coletiva de Humaniza\u00e7\u00e3o. Debate sobre a Lei do Ato M\u00e9dico<\/span> <span class=\"meta-nav\">&rarr;<\/span><\/a><\/p>\n","protected":false},"author":2,"featured_media":0,"comment_status":"open","ping_status":"open","sticky":false,"template":"","format":"standard","meta":{"rop_custom_images_group":[],"rop_custom_messages_group":[],"rop_publish_now":"initial","rop_publish_now_accounts":[],"rop_publish_now_history":[],"rop_publish_now_status":"pending","footnotes":""},"categories":[18,8,11,332,13,366,9],"tags":[808,341,1037,1038,1039],"class_list":["post-5468","post","type-post","status-publish","format-standard","hentry","category-direito","category-direito-e-saude","category-economia","category-educacao","category-opiniao","category-politica","category-saude-publica","tag-carlos-rodrigues-da-sllva-filho","tag-jornada-coletiva-de-humanizacao-estudos-da-saude","tag-marcos-conforti-da-fonseca","tag-milton-marhioli","tag-tito-bassan"],"_links":{"self":[{"href":"https:\/\/miltonmarchioli.com.br\/blog\/wp-json\/wp\/v2\/posts\/5468","targetHints":{"allow":["GET"]}}],"collection":[{"href":"https:\/\/miltonmarchioli.com.br\/blog\/wp-json\/wp\/v2\/posts"}],"about":[{"href":"https:\/\/miltonmarchioli.com.br\/blog\/wp-json\/wp\/v2\/types\/post"}],"author":[{"embeddable":true,"href":"https:\/\/miltonmarchioli.com.br\/blog\/wp-json\/wp\/v2\/users\/2"}],"replies":[{"embeddable":true,"href":"https:\/\/miltonmarchioli.com.br\/blog\/wp-json\/wp\/v2\/comments?post=5468"}],"version-history":[{"count":22,"href":"https:\/\/miltonmarchioli.com.br\/blog\/wp-json\/wp\/v2\/posts\/5468\/revisions"}],"predecessor-version":[{"id":13716,"href":"https:\/\/miltonmarchioli.com.br\/blog\/wp-json\/wp\/v2\/posts\/5468\/revisions\/13716"}],"wp:attachment":[{"href":"https:\/\/miltonmarchioli.com.br\/blog\/wp-json\/wp\/v2\/media?parent=5468"}],"wp:term":[{"taxonomy":"category","embeddable":true,"href":"https:\/\/miltonmarchioli.com.br\/blog\/wp-json\/wp\/v2\/categories?post=5468"},{"taxonomy":"post_tag","embeddable":true,"href":"https:\/\/miltonmarchioli.com.br\/blog\/wp-json\/wp\/v2\/tags?post=5468"}],"curies":[{"name":"wp","href":"https:\/\/api.w.org\/{rel}","templated":true}]}}