{"id":550,"date":"2011-07-06T01:19:45","date_gmt":"2011-07-06T01:19:45","guid":{"rendered":"http:\/\/miltonmarchioli.com.br\/blog\/?p=550"},"modified":"2022-01-07T10:57:37","modified_gmt":"2022-01-07T13:57:37","slug":"fisiopatogenia-tratamento-da-crise-e-profilaxia-da-enxaqueca-seminario-curso-de-medicina-da-famema","status":"publish","type":"post","link":"https:\/\/miltonmarchioli.com.br\/blog\/fisiopatogenia-tratamento-da-crise-e-profilaxia-da-enxaqueca-seminario-curso-de-medicina-da-famema\/","title":{"rendered":"Fisiopatogenia, tratamento da crise e profilaxia da enxaqueca. Semin\u00e1rio. Curso de Medicina da Famema"},"content":{"rendered":"<p><a href=\"https:\/\/miltonmarchioli.com.br\/blog\/wp-content\/uploads\/enxaqueca-logo.jpg\"><img loading=\"lazy\" decoding=\"async\" class=\"alignleft wp-image-10193\" src=\"https:\/\/miltonmarchioli.com.br\/blog\/wp-content\/uploads\/enxaqueca-logo-300x225.jpg\" alt=\"enxaqueca - logo\" width=\"255\" height=\"191\" srcset=\"https:\/\/miltonmarchioli.com.br\/blog\/wp-content\/uploads\/enxaqueca-logo-300x225.jpg 300w, https:\/\/miltonmarchioli.com.br\/blog\/wp-content\/uploads\/enxaqueca-logo.jpg 480w\" sizes=\"auto, (max-width: 255px) 100vw, 255px\" \/><\/a>Semin\u00e1rio apresentado nas depend\u00eancias do Ambulat\u00f3rio de Cefaleia- pelos alunos J\u00falio Augusto Trindade Pio e Wilson Ceccarelli Neto- 4\u00ba ano do curso de medicina da Famema- disciplinas Neurologia e Educa\u00e7\u00e3o em Ci\u00eancias da Sa\u00fade.<\/p>\n<p>Abordada a <a href=\"https:\/\/miltonmarchioli.com.br\/blog\/wp-content\/uploads\/Fisiopatogenia-enxaqueca-4o-ano-julio-e-wilson-2011.ppt\">fisiopatogenia da enxaqueca, bem como o tratamento da crise enxaquecosa e da profilaxia <\/a>com os principais f\u00e1rmacos indicados pela medicina baseada em evid\u00eancias.<\/p>\n<p>A fisiopatogenia da enxaqueca tem sido a cada ano mais compreendida, e sendo assim melhor a possibilidade de\u00a0escolha de f\u00e1rmacos adequados para o tratamento da crise enxaquecosa, e da profilaxia da enxaqueca.<\/p>\n<p>A enxaqueca \u00e9 uma doen\u00e7a cr\u00f4nica caracterizada por crises de dor de cabe\u00e7a autolimitada devido a uma disfun\u00e7\u00e3o transit\u00f3ria do c\u00e9rebro.<\/p>\n<p>Os sintomas da enxaqueca s\u00e3o de dor de cabe\u00e7a geralmente do tipo puls\u00e1til, latejante; tipicamente em um lado da cabe\u00e7a, acompanhada de n\u00e1usea, \u00e0s vezes v\u00f4mitos, e sensibilidade \u00e0 luz e sons.<\/p>\n<p>\u00c9 uma das cefaleias mais comuns na popula\u00e7\u00e3o geral, presente de 10 a 20% dos indiv\u00edduos.<\/p>\n<p>\u00c9 uma das cefaleias mais incapacitantes, respons\u00e1vel por uma m\u00e9dia de quatro dias de trabalho perdidos por ano nas pessoas acometidas.<\/p>\n<p>Existem modernos tratamentos\u00a0para enxaqueca que levam a um \u00f3timo controle da doen\u00e7a, bem como r\u00e1pido al\u00edvio das crises de enxaqueca.<\/p>\n<p>A mudan\u00e7a do h\u00e1bito alimentar \u00e9 indispens\u00e1vel, tais como, evitar chocolates, queijo, vinho tinto, uso excessivo de caf\u00e9, bebidas alco\u00f3licas e comidas com glutamato ( japonesa ou chinesa).<\/p>\n<p>O Ambulat\u00f3rio de Cefaleia recebe encaminhamentos do Departamento Regional de Sa\u00fade IX do Estado de S\u00e3o Paulo.<\/p>\n<p>Lutemos por uma Sa\u00fade P\u00fablica de qualidade !<\/p>\n<p><a href=\"https:\/\/miltonmarchioli.com.br\/blog\/wp-content\/uploads\/enxaqueca-martelo.jpg\"><img loading=\"lazy\" decoding=\"async\" class=\"alignleft size-full wp-image-10194\" src=\"https:\/\/miltonmarchioli.com.br\/blog\/wp-content\/uploads\/enxaqueca-martelo.jpg\" alt=\"enxaqueca - martelo\" width=\"770\" height=\"403\" srcset=\"https:\/\/miltonmarchioli.com.br\/blog\/wp-content\/uploads\/enxaqueca-martelo.jpg 770w, https:\/\/miltonmarchioli.com.br\/blog\/wp-content\/uploads\/enxaqueca-martelo-300x157.jpg 300w\" sizes=\"auto, (max-width: 770px) 100vw, 770px\" \/><\/a><\/p>\n","protected":false},"excerpt":{"rendered":"<p>Semin\u00e1rio apresentado nas depend\u00eancias do Ambulat\u00f3rio de Cefaleia- pelos alunos J\u00falio Augusto Trindade Pio e Wilson Ceccarelli Neto- 4\u00ba ano do curso de medicina da Famema- disciplinas Neurologia e Educa\u00e7\u00e3o em Ci\u00eancias da Sa\u00fade. Abordada a fisiopatogenia da enxaqueca, bem como o tratamento da crise enxaquecosa e da profilaxia com os principais f\u00e1rmacos indicados pela &hellip; <a href=\"https:\/\/miltonmarchioli.com.br\/blog\/fisiopatogenia-tratamento-da-crise-e-profilaxia-da-enxaqueca-seminario-curso-de-medicina-da-famema\/\" class=\"more-link\">Continue lendo <span class=\"screen-reader-text\">Fisiopatogenia, tratamento da crise e profilaxia da enxaqueca. Semin\u00e1rio. Curso de Medicina da Famema<\/span> <span class=\"meta-nav\">&rarr;<\/span><\/a><\/p>\n","protected":false},"author":2,"featured_media":0,"comment_status":"open","ping_status":"open","sticky":false,"template":"","format":"standard","meta":{"rop_custom_images_group":[],"rop_custom_messages_group":[],"rop_publish_now":"initial","rop_publish_now_accounts":[],"rop_publish_now_history":[],"rop_publish_now_status":"pending","footnotes":""},"categories":[332,4,13,9],"tags":[657],"class_list":["post-550","post","type-post","status-publish","format-standard","hentry","category-educacao","category-neurologia","category-opiniao","category-saude-publica","tag-ambulatorio-de-cefaleia-ambulatorio-mario-covas-famema"],"_links":{"self":[{"href":"https:\/\/miltonmarchioli.com.br\/blog\/wp-json\/wp\/v2\/posts\/550","targetHints":{"allow":["GET"]}}],"collection":[{"href":"https:\/\/miltonmarchioli.com.br\/blog\/wp-json\/wp\/v2\/posts"}],"about":[{"href":"https:\/\/miltonmarchioli.com.br\/blog\/wp-json\/wp\/v2\/types\/post"}],"author":[{"embeddable":true,"href":"https:\/\/miltonmarchioli.com.br\/blog\/wp-json\/wp\/v2\/users\/2"}],"replies":[{"embeddable":true,"href":"https:\/\/miltonmarchioli.com.br\/blog\/wp-json\/wp\/v2\/comments?post=550"}],"version-history":[{"count":12,"href":"https:\/\/miltonmarchioli.com.br\/blog\/wp-json\/wp\/v2\/posts\/550\/revisions"}],"predecessor-version":[{"id":13476,"href":"https:\/\/miltonmarchioli.com.br\/blog\/wp-json\/wp\/v2\/posts\/550\/revisions\/13476"}],"wp:attachment":[{"href":"https:\/\/miltonmarchioli.com.br\/blog\/wp-json\/wp\/v2\/media?parent=550"}],"wp:term":[{"taxonomy":"category","embeddable":true,"href":"https:\/\/miltonmarchioli.com.br\/blog\/wp-json\/wp\/v2\/categories?post=550"},{"taxonomy":"post_tag","embeddable":true,"href":"https:\/\/miltonmarchioli.com.br\/blog\/wp-json\/wp\/v2\/tags?post=550"}],"curies":[{"name":"wp","href":"https:\/\/api.w.org\/{rel}","templated":true}]}}