{"id":5503,"date":"2013-10-02T14:06:20","date_gmt":"2013-10-02T17:06:20","guid":{"rendered":"http:\/\/miltonmarchioli.com.br\/blog\/?p=5503"},"modified":"2022-01-23T11:12:12","modified_gmt":"2022-01-23T14:12:12","slug":"assembleia-legislativa-do-estado-de-sao-paulo-audiencia-publica-reune-estudantes-e-servidores-da-famema","status":"publish","type":"post","link":"https:\/\/miltonmarchioli.com.br\/blog\/assembleia-legislativa-do-estado-de-sao-paulo-audiencia-publica-reune-estudantes-e-servidores-da-famema\/","title":{"rendered":"Assembleia Legislativa do Estado de S\u00e3o Paulo. Audi\u00eancia P\u00fablica re\u00fane estudantes e servidores da Famema"},"content":{"rendered":"<p><a href=\"https:\/\/miltonmarchioli.com.br\/blog\/wp-content\/uploads\/ALESP-4.jpg\"><img loading=\"lazy\" decoding=\"async\" class=\"alignleft wp-image-5504\" title=\"ALESP 4\" src=\"https:\/\/miltonmarchioli.com.br\/blog\/wp-content\/uploads\/ALESP-4-300x199.jpg\" alt=\"\" width=\"276\" height=\"183\" srcset=\"https:\/\/miltonmarchioli.com.br\/blog\/wp-content\/uploads\/ALESP-4-300x200.jpg 300w, https:\/\/miltonmarchioli.com.br\/blog\/wp-content\/uploads\/ALESP-4-1024x681.jpg 1024w\" sizes=\"auto, (max-width: 276px) 100vw, 276px\" \/><\/a>Foi realizada no dia 30 de setembro, a audi\u00eancia\u00a0 p\u00fablica na ALESP para debater a greve de professores e alunos da Faculdade de Medicina de Mar\u00edlia\u00a0 (Famema).<\/p>\n<p>O evento conduzido por Carlos Giannazi (PSOL) teve a presen\u00e7a de professores e alunos da Faculdade de Medicina de Mar\u00edlia, que est\u00e3o em greve por melhorias no ensino e infraestrutura.<\/p>\n<p>Gabriela Rodrigues, estudante de medicina, leu carta do Comando Geral de Greve.<\/p>\n<p>No texto, al\u00e9m da hist\u00f3ria da faculdade, est\u00e3o expostas as raz\u00f5es da greve, como a falta de reajuste salarial e o baixo repasse para a faculdade de medicina, que, de acordo com a estudante, atende a popula\u00e7\u00e3o de 62 munic\u00edpios do DRS IX do Estado de S\u00e3o Paulo.<\/p>\n<p>Em nome do Comando Estudantil, Sarah Bortolucci falou dos objetivos do curso de Enfermagem e Medicina: aperfei\u00e7oar a pr\u00e1tica m\u00e9dica e &#8220;formar profissionais cr\u00edticos&#8221;. Contou que a situa\u00e7\u00e3o das bibliotecas \u00e9 prec\u00e1ria e que as aulas de anatomia est\u00e3o defasadas, pois falta de infraestrutura e laborat\u00f3rio prec\u00e1rio.\u00a0<a href=\"https:\/\/miltonmarchioli.com.br\/blog\/wp-content\/uploads\/ALESP-5.jpg\"><img loading=\"lazy\" decoding=\"async\" class=\"alignright wp-image-5506\" title=\"ALESP 5\" src=\"https:\/\/miltonmarchioli.com.br\/blog\/wp-content\/uploads\/ALESP-5-300x199.jpg\" alt=\"\" width=\"280\" height=\"186\" srcset=\"https:\/\/miltonmarchioli.com.br\/blog\/wp-content\/uploads\/ALESP-5-300x200.jpg 300w, https:\/\/miltonmarchioli.com.br\/blog\/wp-content\/uploads\/ALESP-5-1024x681.jpg 1024w\" sizes=\"auto, (max-width: 280px) 100vw, 280px\" \/><\/a><\/p>\n<p><a href=\"http:\/\/www.youtube.com\/watch?v=5GqBK1D3W8k\">Representando a Resid\u00eancia Multidisciplinar, Isabela Paschoalotto refor\u00e7ou a fala de Sarah e acrescentou que h\u00e1 setores do da faculdade despreparados para receber o residente.<\/a><\/p>\n<p>Jos\u00e9 de Arimatea e Agnaldo Junior Marinheiro falaram em nome dos funcion\u00e1rios da Famema.<\/p>\n<p>Marinheiro disse que falta material necess\u00e1rio \u00e0 rotina m\u00e9dica e denunciou que os funcion\u00e1rios sofrem repres\u00e1lias quando reclamam dos problemas da faculdade p\u00fablica.<\/p>\n<p>Arimatea falou da insatisfa\u00e7\u00e3o e da precariza\u00e7\u00e3o do corpo de servidores da Fumes e Famar e cobrou do governo estadual solu\u00e7\u00e3o para os problemas na Famema.<\/p>\n<p><a href=\"https:\/\/miltonmarchioli.com.br\/blog\/wp-content\/uploads\/ALESP-3.jpg\"><img loading=\"lazy\" decoding=\"async\" class=\"alignleft size-medium wp-image-5508\" title=\"ALESP 3\" src=\"https:\/\/miltonmarchioli.com.br\/blog\/wp-content\/uploads\/ALESP-3-300x199.jpg\" alt=\"\" width=\"300\" height=\"199\" srcset=\"https:\/\/miltonmarchioli.com.br\/blog\/wp-content\/uploads\/ALESP-3-300x200.jpg 300w, https:\/\/miltonmarchioli.com.br\/blog\/wp-content\/uploads\/ALESP-3-1024x681.jpg 1024w\" sizes=\"auto, (max-width: 300px) 100vw, 300px\" \/><\/a>O docente Rudnei de Oliveira Gomes se indignou com a falta de reajuste salarial, que de acordo com Gomes, n\u00e3o h\u00e1 nos \u00faltimos dez anos.<\/p>\n<p>&#8220;N\u00e3o houve alternativa, sen\u00e3o a paralisa\u00e7\u00e3o&#8221;, lamentou o profissional, que explicou que o sal\u00e1rio do professor da Famema \u00e9 menor que os da Universidade Estadual Paulista J\u00falio de Mesquita (Unesp) e da Universidade Estadual de Campinas (Unicamp), tamb\u00e9m p\u00fablicas. Finalizou pedindo para que o Deputado Giannazi haja como intermediador na rela\u00e7\u00e3o com outros poderes.<\/p>\n<p>Carlos Giannazi finalizou o evento afirmando que vai solicitar a interven\u00e7\u00e3o do Minist\u00e9rio P\u00fablico, al\u00e9m de convidar autoridades para falar sobre o caso.<\/p>\n<p><a href=\"http:\/\/www.youtube.com\/watch?v=5Ydo8i0ZsgA\">Ao final da audi\u00eancia o Deputado Carlos Giannazi falou da crise institucional da Famema em 2013 com a deflagra\u00e7\u00e3o de greve de funcion\u00e1rios, alunos e docentes.<\/a><\/p>\n<p>Fonte: Assembleia Legislativa do Estado de S\u00e3o Paulo<\/p>\n<p>Jornalista- Gabriel Cabral<\/p>\n<p>Fotos: Jos\u00e9 Antonio Teixeira<\/p>\n<p><a href=\"https:\/\/miltonmarchioli.com.br\/blog\/wp-content\/uploads\/ALESP-11.jpg\"><img loading=\"lazy\" decoding=\"async\" class=\"aligncenter wp-image-5509\" title=\"ALESP 1\" src=\"https:\/\/miltonmarchioli.com.br\/blog\/wp-content\/uploads\/ALESP-11-1024x681.jpg\" alt=\"\" width=\"463\" height=\"308\" srcset=\"https:\/\/miltonmarchioli.com.br\/blog\/wp-content\/uploads\/ALESP-11-1024x681.jpg 1024w, https:\/\/miltonmarchioli.com.br\/blog\/wp-content\/uploads\/ALESP-11-300x200.jpg 300w\" sizes=\"auto, (max-width: 463px) 100vw, 463px\" \/><\/a><\/p>\n","protected":false},"excerpt":{"rendered":"<p>Foi realizada no dia 30 de setembro, a audi\u00eancia\u00a0 p\u00fablica na ALESP para debater a greve de professores e alunos da Faculdade de Medicina de Mar\u00edlia\u00a0 (Famema). O evento conduzido por Carlos Giannazi (PSOL) teve a presen\u00e7a de professores e alunos da Faculdade de Medicina de Mar\u00edlia, que est\u00e3o em greve por melhorias no ensino &hellip; <a href=\"https:\/\/miltonmarchioli.com.br\/blog\/assembleia-legislativa-do-estado-de-sao-paulo-audiencia-publica-reune-estudantes-e-servidores-da-famema\/\" class=\"more-link\">Continue lendo <span class=\"screen-reader-text\">Assembleia Legislativa do Estado de S\u00e3o Paulo. Audi\u00eancia P\u00fablica re\u00fane estudantes e servidores da Famema<\/span> <span class=\"meta-nav\">&rarr;<\/span><\/a><\/p>\n","protected":false},"author":2,"featured_media":0,"comment_status":"open","ping_status":"open","sticky":false,"template":"","format":"standard","meta":{"rop_custom_images_group":[],"rop_custom_messages_group":[],"rop_publish_now":"initial","rop_publish_now_accounts":[],"rop_publish_now_history":[],"rop_publish_now_status":"pending","footnotes":""},"categories":[18,8,11,332,9],"tags":[346,340],"class_list":["post-5503","post","type-post","status-publish","format-standard","hentry","category-direito","category-direito-e-saude","category-economia","category-educacao","category-saude-publica","tag-assembleia-legislativa-do-estado-de-sao-paulo","tag-crise-institucional-famema-2013"],"_links":{"self":[{"href":"https:\/\/miltonmarchioli.com.br\/blog\/wp-json\/wp\/v2\/posts\/5503","targetHints":{"allow":["GET"]}}],"collection":[{"href":"https:\/\/miltonmarchioli.com.br\/blog\/wp-json\/wp\/v2\/posts"}],"about":[{"href":"https:\/\/miltonmarchioli.com.br\/blog\/wp-json\/wp\/v2\/types\/post"}],"author":[{"embeddable":true,"href":"https:\/\/miltonmarchioli.com.br\/blog\/wp-json\/wp\/v2\/users\/2"}],"replies":[{"embeddable":true,"href":"https:\/\/miltonmarchioli.com.br\/blog\/wp-json\/wp\/v2\/comments?post=5503"}],"version-history":[{"count":14,"href":"https:\/\/miltonmarchioli.com.br\/blog\/wp-json\/wp\/v2\/posts\/5503\/revisions"}],"predecessor-version":[{"id":13718,"href":"https:\/\/miltonmarchioli.com.br\/blog\/wp-json\/wp\/v2\/posts\/5503\/revisions\/13718"}],"wp:attachment":[{"href":"https:\/\/miltonmarchioli.com.br\/blog\/wp-json\/wp\/v2\/media?parent=5503"}],"wp:term":[{"taxonomy":"category","embeddable":true,"href":"https:\/\/miltonmarchioli.com.br\/blog\/wp-json\/wp\/v2\/categories?post=5503"},{"taxonomy":"post_tag","embeddable":true,"href":"https:\/\/miltonmarchioli.com.br\/blog\/wp-json\/wp\/v2\/tags?post=5503"}],"curies":[{"name":"wp","href":"https:\/\/api.w.org\/{rel}","templated":true}]}}