{"id":5517,"date":"2013-10-04T18:45:05","date_gmt":"2013-10-04T21:45:05","guid":{"rendered":"http:\/\/miltonmarchioli.com.br\/blog\/?p=5517"},"modified":"2022-01-23T11:13:45","modified_gmt":"2022-01-23T14:13:45","slug":"cefaleias-secundarias-seminario-curso-de-medicina-da-famema-3","status":"publish","type":"post","link":"https:\/\/miltonmarchioli.com.br\/blog\/cefaleias-secundarias-seminario-curso-de-medicina-da-famema-3\/","title":{"rendered":"Cefaleias Secund\u00e1rias. Semin\u00e1rio. Curso de Medicina da Famema"},"content":{"rendered":"<p><a href=\"https:\/\/miltonmarchioli.com.br\/blog\/wp-content\/uploads\/cefaleia-coroa.jpg\"><img loading=\"lazy\" decoding=\"async\" class=\"alignleft wp-image-10904\" src=\"https:\/\/miltonmarchioli.com.br\/blog\/wp-content\/uploads\/cefaleia-coroa-300x201.jpg\" alt=\"cefaleia - coroa\" width=\"269\" height=\"180\" \/><\/a><a href=\"https:\/\/miltonmarchioli.com.br\/blog\/wp-content\/uploads\/Cefaleias-secund\u00e1rias-29-08-2013.pptx\">Semin\u00e1rio de Cefaleias Secund\u00e1rias apresentado pelos alunos Priscila Zanin Nano e Lucas Meira Sarlo &#8211; 4\u00baano do curso de medicina da Famema em est\u00e1gio na grade curricular no Ambulat\u00f3rio de Cefaleia- Ambulat\u00f3rio Mario Covas- disciplinas Neurologia e Educa\u00e7\u00e3o em Ci\u00eancias da Sa\u00fade.<\/a><\/p>\n<p>As cefaleias secund\u00e1rias deveriam ser as \u00fanicas a serem atendidas pelo neurologistas, e as prim\u00e1rias pelo Cl\u00ednico Geral.<\/p>\n<p>Por\u00e9m, quando houver sinais ou sintomas de alerta merecem ser encaminhadas ao neurologista:<\/p>\n<p>Cefaleia s\u00fabita, cefaleia in\u00e9dita ou a pior de todas as cefaleias, altera\u00e7\u00f5es no exame neurol\u00f3gico, altera\u00e7\u00f5es sist\u00eamicas,\u00a0 cefaleia progressiva, cefaleia refrat\u00e1ria,\u00a0 associa\u00e7\u00e3o com neoplasia ou HIV, e cefaleia iniciada no idoso.<\/p>\n<p title=\"Herpes-z\u00f3ster\">As cefaleias secund\u00e1rias s\u00e3o aquelas causadas por alguma outra doen\u00e7a, tal como tumores cerebrais, traumatismo craniano, meningites, acidente vascular cerebral,\u00a0 (derrame),\u00a0 hidrocefalia, hespes-zoster e aneurismas rotos.<\/p>\n<p>O ambulat\u00f3rio de Neurologia-Mario Covas da Famema recebe encaminhamentos de usu\u00e1rios do SUS de 62 munic\u00edpios do Departamento Regional de Sa\u00fade IX do Estado de S\u00e3o Paulo.<\/p>\n<p>Em defesa da Sa\u00fade P\u00fablica com qualidade.<\/p>\n<p><a href=\"https:\/\/miltonmarchioli.com.br\/blog\/wp-content\/uploads\/medicamentos-30.jpg\"><img loading=\"lazy\" decoding=\"async\" class=\"alignleft size-full wp-image-10905\" src=\"https:\/\/miltonmarchioli.com.br\/blog\/wp-content\/uploads\/medicamentos-30.jpg\" alt=\"medicamentos 30\" width=\"598\" height=\"400\" srcset=\"https:\/\/miltonmarchioli.com.br\/blog\/wp-content\/uploads\/medicamentos-30.jpg 598w, https:\/\/miltonmarchioli.com.br\/blog\/wp-content\/uploads\/medicamentos-30-300x201.jpg 300w\" sizes=\"auto, (max-width: 598px) 100vw, 598px\" \/><\/a><\/p>\n<p>&nbsp;<\/p>\n","protected":false},"excerpt":{"rendered":"<p>Semin\u00e1rio de Cefaleias Secund\u00e1rias apresentado pelos alunos Priscila Zanin Nano e Lucas Meira Sarlo &#8211; 4\u00baano do curso de medicina da Famema em est\u00e1gio na grade curricular no Ambulat\u00f3rio de Cefaleia- Ambulat\u00f3rio Mario Covas- disciplinas Neurologia e Educa\u00e7\u00e3o em Ci\u00eancias da Sa\u00fade. As cefaleias secund\u00e1rias deveriam ser as \u00fanicas a serem atendidas pelo neurologistas, e &hellip; <a href=\"https:\/\/miltonmarchioli.com.br\/blog\/cefaleias-secundarias-seminario-curso-de-medicina-da-famema-3\/\" class=\"more-link\">Continue lendo <span class=\"screen-reader-text\">Cefaleias Secund\u00e1rias. Semin\u00e1rio. Curso de Medicina da Famema<\/span> <span class=\"meta-nav\">&rarr;<\/span><\/a><\/p>\n","protected":false},"author":2,"featured_media":0,"comment_status":"open","ping_status":"open","sticky":false,"template":"","format":"standard","meta":{"rop_custom_images_group":[],"rop_custom_messages_group":[],"rop_publish_now":"initial","rop_publish_now_accounts":[],"rop_publish_now_history":[],"rop_publish_now_status":"pending","footnotes":""},"categories":[8,332,4,13,9],"tags":[591],"class_list":["post-5517","post","type-post","status-publish","format-standard","hentry","category-direito-e-saude","category-educacao","category-neurologia","category-opiniao","category-saude-publica","tag-ambulatorio-cefaleia-ambulatorio-mario-covas-famema"],"_links":{"self":[{"href":"https:\/\/miltonmarchioli.com.br\/blog\/wp-json\/wp\/v2\/posts\/5517","targetHints":{"allow":["GET"]}}],"collection":[{"href":"https:\/\/miltonmarchioli.com.br\/blog\/wp-json\/wp\/v2\/posts"}],"about":[{"href":"https:\/\/miltonmarchioli.com.br\/blog\/wp-json\/wp\/v2\/types\/post"}],"author":[{"embeddable":true,"href":"https:\/\/miltonmarchioli.com.br\/blog\/wp-json\/wp\/v2\/users\/2"}],"replies":[{"embeddable":true,"href":"https:\/\/miltonmarchioli.com.br\/blog\/wp-json\/wp\/v2\/comments?post=5517"}],"version-history":[{"count":14,"href":"https:\/\/miltonmarchioli.com.br\/blog\/wp-json\/wp\/v2\/posts\/5517\/revisions"}],"predecessor-version":[{"id":13719,"href":"https:\/\/miltonmarchioli.com.br\/blog\/wp-json\/wp\/v2\/posts\/5517\/revisions\/13719"}],"wp:attachment":[{"href":"https:\/\/miltonmarchioli.com.br\/blog\/wp-json\/wp\/v2\/media?parent=5517"}],"wp:term":[{"taxonomy":"category","embeddable":true,"href":"https:\/\/miltonmarchioli.com.br\/blog\/wp-json\/wp\/v2\/categories?post=5517"},{"taxonomy":"post_tag","embeddable":true,"href":"https:\/\/miltonmarchioli.com.br\/blog\/wp-json\/wp\/v2\/tags?post=5517"}],"curies":[{"name":"wp","href":"https:\/\/api.w.org\/{rel}","templated":true}]}}