{"id":5549,"date":"2013-10-12T14:03:32","date_gmt":"2013-10-12T17:03:32","guid":{"rendered":"http:\/\/miltonmarchioli.com.br\/blog\/?p=5549"},"modified":"2022-01-23T11:30:49","modified_gmt":"2022-01-23T14:30:49","slug":"deputado-carlos-giannazi-discursou-na-alesp-sobre-a-crise-institucional-famema-2013","status":"publish","type":"post","link":"https:\/\/miltonmarchioli.com.br\/blog\/deputado-carlos-giannazi-discursou-na-alesp-sobre-a-crise-institucional-famema-2013\/","title":{"rendered":"Deputado Carlos Giannazi discursou na Alesp sobre a crise institucional Famema 2013"},"content":{"rendered":"<p><a href=\"https:\/\/miltonmarchioli.com.br\/blog\/wp-content\/uploads\/carlos-gianazzi-discurso-na-alesp.jpg\"><img loading=\"lazy\" decoding=\"async\" class=\"alignleft wp-image-5553\" title=\"carlos gianazzi - discurso na alesp\" src=\"https:\/\/miltonmarchioli.com.br\/blog\/wp-content\/uploads\/carlos-gianazzi-discurso-na-alesp-300x224.jpg\" alt=\"\" width=\"230\" height=\"172\" srcset=\"https:\/\/miltonmarchioli.com.br\/blog\/wp-content\/uploads\/carlos-gianazzi-discurso-na-alesp-300x224.jpg 300w, https:\/\/miltonmarchioli.com.br\/blog\/wp-content\/uploads\/carlos-gianazzi-discurso-na-alesp.jpg 468w\" sizes=\"auto, (max-width: 230px) 100vw, 230px\" \/><\/a><a href=\"http:\/\/www.youtube.com\/watch?v=EaSSlQFiAM8\">Deputado Carlos Giannazi, PSOL, discursou no dia 10 de outubro na ALESP, ap\u00f3s audi\u00eancia p\u00fablica com os alunos, docentes e residentes da Famema no Audit\u00f3rio Tiradentes em 30\/09\/2013.<\/a><\/p>\n<p>Giannazi fez uma s\u00edntese do movimento paredista, e apontou urg\u00eancia para o atual Governador de S\u00e3o Paulo, Geraldo Alckmin, a encampa\u00e7\u00e3o da Famema pela USP, Unesp e Unicamp.<\/p>\n<p>Giannazi criticou a perman\u00eancia da Famema em ainda estar inserida na Secretaria de Desenvolvimento, Ci\u00eancia e Tecnologia, e apontou por que a Lei Estadual 12.188 de 2006 que previa a encampa\u00e7\u00e3o da Famema, at\u00e9\u00a0 o presente momento n\u00e3o foi cumprida.<\/p>\n<p>Lei complementar aprovada pela Assembleia Legislativa extinguindo a Famema chegou a ser publicada no Di\u00e1rio Oficial em janeiro de 2006. Por\u00e9m, o processo emperrou quando, naquele ano, Alckmin deixou o governo do Estado para concorrer \u00e0 Presid\u00eancia da Rep\u00fablica.<\/p>\n<p>Seus sucessores no governo paulista, Cl\u00e1udio Lembo (DEM) e Jos\u00e9 Serra (PSDB) eram contr\u00e1rios \u00e0 encampa\u00e7\u00e3o da Famema.<\/p>\n<p>Criada em 1966, a Famema foi estadualizada em dezembro de 1994 pelo ent\u00e3o governador Luiz Ant\u00f4nio Fleury Filho.<\/p>\n<p>Com a incorpora\u00e7\u00e3o \u00e0 Unesp, os cursos de medicina e de enfermagem seriam geridos pela universidade e as unidades hospitalares da Famema se tornariam autarquias do governo do Estado, sendo administradas e mantidas pela Secretaria de Estado da Sa\u00fade.<\/p>\n<p>Hoje, apesar de ser autarquia estadual vinculada \u00e0 Secretaria Estadual Ci\u00eancia, Tecnologia e Desenvolvimento Econ\u00f4mico, a Famema \u00e9 um instituto de ensino superior isolado no Estado.<\/p>\n<p>Integram o complexo Famema o Hospital das Cl\u00ednicas, Materno-Infantil, Hospital S\u00e3o Francisco, Hemocentro, Ambulat\u00f3rio de Especialidades M\u00e1rio Covas, NGA (N\u00facleo de Gest\u00e3o Assistencial), al\u00e9m de Unidade Oftalmol\u00f3gica.<\/p>\n<p><a href=\"https:\/\/miltonmarchioli.com.br\/blog\/wp-content\/uploads\/INDICA\u00c7\u00c3O-N\u00ba-3851-DE-2013-Deputado-Carlos-Giannazi.pdf\">Deputado Carlos Giannazi pede o cumprimento da\u00a0 lei 12.188\/ 2006, e ato cont\u00ednuo, incorporar sua estrutura acad\u00eamica a uma Universidade Estadual, estruturando seu quadro de servidores.<\/a><\/p>\n<p><strong>Lei n\u00ba 12.188, de 6 de janeiro de 2006<\/strong><\/p>\n<div>\n<div>\n<div>\n<div>\n<div>\n<p id=\"\">O GOVERNADOR DO ESTADO DE S\u00c3O PAULO:<\/p>\n<\/div>\n<div>\n<p id=\"\">Fa\u00e7o saber que a Assembleia Legislativa decreta e eu promulgo a seguinte lei:<\/p>\n<\/div>\n<div>\n<p id=\"art-1\"><strong><a href=\"http:\/\/www.jusbrasil.com.br\/topicos\/12225789\/art-1-da-lei-12188-06-sao-paulo\">Artigo 1\u00ba<\/a><\/strong> &#8211; Fica o Poder Executivo autorizado a extinguir a Faculdade de Medicina de Mar\u00edlia &#8211; FAMEMA, incorporada ao Sistema Estadual de Ensino Superior pela Lei n\u00ba <a title=\"Lei n\u00ba 8.898, de 27 de setembro de 1994\" href=\"http:\/\/www.jusbrasil.com\/legislacao\/174956\/lei-8898-94-s%C3%A3o-paulo-sp\" rel=\"12695075\">8.898<\/a>, de 27 de setembro de 1994.<\/p>\n<\/div>\n<div>\n<p id=\"art-2\"><strong><a href=\"http:\/\/www.jusbrasil.com.br\/topicos\/12225756\/art-2-da-lei-12188-06-sao-paulo\">Artigo 2\u00ba<\/a><\/strong> &#8211; Os atuais servidores da FAMEMA passar\u00e3o a integrar Quadro Especial em Extin\u00e7\u00e3o, vinculado \u00e0 Secretaria da Ci\u00eancia, Tecnologia e Desenvolvimento Econ\u00f4mico, mantendo-se o regime jur\u00eddico a que estavam submetidos na entidade a ser extinta.<\/p>\n<\/div>\n<div>\n<p id=\"par-1_art-2\"><strong><a href=\"http:\/\/www.jusbrasil.com.br\/topicos\/12225715\/art-2-1-da-lei-12188-06-sao-paulo\">Par\u00e1grafo \u00fanico<\/a><\/strong> &#8211; As fun\u00e7\u00f5es-atividades ocupadas pelos integrantes do Quadro a que se refere o &#8220;caput&#8221; ser\u00e3o extintas na vac\u00e2ncia.<\/p>\n<\/div>\n<div>\n<p id=\"art-3\"><strong><a href=\"http:\/\/www.jusbrasil.com.br\/topicos\/12225653\/art-3-da-lei-12188-06-sao-paulo\">Artigo 3\u00ba<\/a><\/strong> &#8211; Os servidores integrantes do Quadro referido no artigo 2\u00ba poder\u00e3o exercer suas atribui\u00e7\u00f5es atuais mediante afastamento para a entidade aut\u00e1rquica integrante do Sistema Estadual de Ensino Superior a que se refere o artigo 5\u00ba.<\/p>\n<\/div>\n<div>\n<p id=\"art-4\"><strong><a href=\"http:\/\/www.jusbrasil.com.br\/topicos\/12225608\/art-4-da-lei-12188-06-sao-paulo\">Artigo 4\u00ba<\/a><\/strong> &#8211; A Fazenda do Estado assumir\u00e1 as obriga\u00e7\u00f5es e os encargos trabalhistas relativos aos atuais servidores da FAMEMA reconhecidos pelo Poder Judici\u00e1rio.<\/p>\n<\/div>\n<div>\n<p id=\"art-5\"><strong><a href=\"http:\/\/www.jusbrasil.com.br\/topicos\/12225578\/art-5-da-lei-12188-06-sao-paulo\">Artigo 5\u00ba<\/a><\/strong> &#8211; Fica o Poder Executivo autorizado a transferir, para entidade aut\u00e1rquica integrante do Sistema Estadual de Ensino Superior, os bens m\u00f3veis da FAMEMA e as \u00e1reas acad\u00eamicas e de pesquisa sob sua responsabilidade, compreendendo todos os seus cursos.<\/p>\n<\/div>\n<div>\n<p id=\"art-6\"><strong><a href=\"http:\/\/www.jusbrasil.com.br\/topicos\/12225539\/art-6-da-lei-12188-06-sao-paulo\">Artigo 6\u00ba<\/a><\/strong> &#8211; As despesas resultantes da aplica\u00e7\u00e3o desta lei correr\u00e3o \u00e0 conta de verbas consignadas no or\u00e7amento da Secretaria da Ci\u00eancia, Tecnologia e Desenvolvimento Econ\u00f4mico, suplementadas, se necess\u00e1rio.<\/p>\n<\/div>\n<div>\n<p id=\"par-1_art-6\"><strong><a href=\"http:\/\/www.jusbrasil.com.br\/topicos\/12225500\/art-6-1-da-lei-12188-06-sao-paulo\">Par\u00e1grafo \u00fanico<\/a><\/strong> &#8211; Os recursos or\u00e7ament\u00e1rios correspondentes \u00e0s rubricas da FAMEMA ser\u00e3o remanejados para a Secretaria da Ci\u00eancia, Tecnologia e Desenvolvimento Econ\u00f4mico, para pagamento das despesas com pessoal decorrentes do artigo 2\u00ba, sendo a diferen\u00e7a resultante destinada \u00e0 entidade a que se refere o artigo 5\u00ba desta lei.<\/p>\n<\/div>\n<div>\n<p id=\"art-7\"><strong><a href=\"http:\/\/www.jusbrasil.com.br\/topicos\/12225471\/art-7-da-lei-12188-06-sao-paulo\">Artigo 7\u00ba<\/a><\/strong> &#8211; Esta lei entra em vigor na data de sua publica\u00e7\u00e3o.<\/p>\n<\/div>\n<div>\n<p id=\"\" style=\"text-align: center;\">Pal\u00e1cio dos Bandeirantes, aos 06 de janeiro de 2006.<\/p>\n<\/div>\n<div style=\"text-align: center;\">\n<p id=\"\">Geraldo Alckmin<\/p>\n<\/div>\n<div style=\"text-align: center;\">\n<p id=\"\">Luiz Tacca J\u00fanior<\/p>\n<\/div>\n<div style=\"text-align: center;\">\n<p id=\"\">Secret\u00e1rio da Fazenda<\/p>\n<\/div>\n<div style=\"text-align: center;\">\n<p id=\"\">Jo\u00e3o Carlos de Souza Meirelles<\/p>\n<\/div>\n<div style=\"text-align: center;\">\n<p id=\"\">Secret\u00e1rio de Ci\u00eancia, Tecnologia e Desenvolvimento Econ\u00f4mico<\/p>\n<\/div>\n<div>\n<p id=\"\" style=\"text-align: center;\">F\u00e1bio Augusto Martins Lepique<\/p>\n<\/div>\n<div>\n<p id=\"\">Secret\u00e1rio-Adjunto, Respondendo pelo Expediente da Casa Civil Publicada na Assessoria T\u00e9cnico-Legislativa, aos 06 de janeiro de 2006. Publicado em : D.O.E em 07\/01\/2006, Se\u00e7\u00e3o I &#8211; p\u00e1g. 01 Atualizado em: 10\/01\/2006 15:50<\/p>\n<\/div>\n<div>\n<p>Secret\u00e1rio-Adjunto, Respondendo pelo Expediente da Casa Civil Publicada na Assessoria T\u00e9cnico-Legislativa, aos 06 de janeiro de 2006. Publicado em : D.O.E em 07\/01\/2006, Se\u00e7\u00e3o I &#8211; p\u00e1g. 01 Atualizado em: 10\/01\/2006 15:50<\/p>\n<p><a href=\"https:\/\/miltonmarchioli.com.br\/blog\/wp-content\/uploads\/greve-famema-alesp-21.jpg\"><img loading=\"lazy\" decoding=\"async\" class=\"aligncenter wp-image-5570\" title=\"greve famema - alesp 2\" src=\"https:\/\/miltonmarchioli.com.br\/blog\/wp-content\/uploads\/greve-famema-alesp-21.jpg\" alt=\"\" width=\"423\" height=\"316\" srcset=\"https:\/\/miltonmarchioli.com.br\/blog\/wp-content\/uploads\/greve-famema-alesp-21.jpg 960w, https:\/\/miltonmarchioli.com.br\/blog\/wp-content\/uploads\/greve-famema-alesp-21-300x224.jpg 300w\" sizes=\"auto, (max-width: 423px) 100vw, 423px\" \/><\/a><\/p>\n<\/div>\n<\/div>\n<\/div>\n<\/div>\n<\/div>\n","protected":false},"excerpt":{"rendered":"<p>Deputado Carlos Giannazi, PSOL, discursou no dia 10 de outubro na ALESP, ap\u00f3s audi\u00eancia p\u00fablica com os alunos, docentes e residentes da Famema no Audit\u00f3rio Tiradentes em 30\/09\/2013. Giannazi fez uma s\u00edntese do movimento paredista, e apontou urg\u00eancia para o atual Governador de S\u00e3o Paulo, Geraldo Alckmin, a encampa\u00e7\u00e3o da Famema pela USP, Unesp e &hellip; <a href=\"https:\/\/miltonmarchioli.com.br\/blog\/deputado-carlos-giannazi-discursou-na-alesp-sobre-a-crise-institucional-famema-2013\/\" class=\"more-link\">Continue lendo <span class=\"screen-reader-text\">Deputado Carlos Giannazi discursou na Alesp sobre a crise institucional Famema 2013<\/span> <span class=\"meta-nav\">&rarr;<\/span><\/a><\/p>\n","protected":false},"author":2,"featured_media":0,"comment_status":"open","ping_status":"open","sticky":false,"template":"","format":"standard","meta":{"rop_custom_images_group":[],"rop_custom_messages_group":[],"rop_publish_now":"initial","rop_publish_now_accounts":[],"rop_publish_now_history":[],"rop_publish_now_status":"pending","footnotes":""},"categories":[18,8,332,366,9],"tags":[340,813],"class_list":["post-5549","post","type-post","status-publish","format-standard","hentry","category-direito","category-direito-e-saude","category-educacao","category-politica","category-saude-publica","tag-crise-institucional-famema-2013","tag-lei-estadual-12-188"],"_links":{"self":[{"href":"https:\/\/miltonmarchioli.com.br\/blog\/wp-json\/wp\/v2\/posts\/5549","targetHints":{"allow":["GET"]}}],"collection":[{"href":"https:\/\/miltonmarchioli.com.br\/blog\/wp-json\/wp\/v2\/posts"}],"about":[{"href":"https:\/\/miltonmarchioli.com.br\/blog\/wp-json\/wp\/v2\/types\/post"}],"author":[{"embeddable":true,"href":"https:\/\/miltonmarchioli.com.br\/blog\/wp-json\/wp\/v2\/users\/2"}],"replies":[{"embeddable":true,"href":"https:\/\/miltonmarchioli.com.br\/blog\/wp-json\/wp\/v2\/comments?post=5549"}],"version-history":[{"count":25,"href":"https:\/\/miltonmarchioli.com.br\/blog\/wp-json\/wp\/v2\/posts\/5549\/revisions"}],"predecessor-version":[{"id":13723,"href":"https:\/\/miltonmarchioli.com.br\/blog\/wp-json\/wp\/v2\/posts\/5549\/revisions\/13723"}],"wp:attachment":[{"href":"https:\/\/miltonmarchioli.com.br\/blog\/wp-json\/wp\/v2\/media?parent=5549"}],"wp:term":[{"taxonomy":"category","embeddable":true,"href":"https:\/\/miltonmarchioli.com.br\/blog\/wp-json\/wp\/v2\/categories?post=5549"},{"taxonomy":"post_tag","embeddable":true,"href":"https:\/\/miltonmarchioli.com.br\/blog\/wp-json\/wp\/v2\/tags?post=5549"}],"curies":[{"name":"wp","href":"https:\/\/api.w.org\/{rel}","templated":true}]}}