{"id":5578,"date":"2013-10-14T11:49:24","date_gmt":"2013-10-14T14:49:24","guid":{"rendered":"http:\/\/miltonmarchioli.com.br\/blog\/?p=5578"},"modified":"2022-01-23T11:33:40","modified_gmt":"2022-01-23T14:33:40","slug":"estudantes-da-famema-pedem-ao-governador-geraldo-alckmin-encampacao-por-outras-universidades-publicas","status":"publish","type":"post","link":"https:\/\/miltonmarchioli.com.br\/blog\/estudantes-da-famema-pedem-ao-governador-geraldo-alckmin-encampacao-por-outras-universidades-publicas\/","title":{"rendered":"Estudantes da Famema pedem ao Governador Geraldo Alckmin encampa\u00e7\u00e3o por outras universidades p\u00fablicas"},"content":{"rendered":"<p><a href=\"https:\/\/miltonmarchioli.com.br\/blog\/wp-content\/uploads\/GRALDO-ALCKMIN-RIO-PRETO-11-10-20131.jpg\"><img loading=\"lazy\" decoding=\"async\" class=\"alignleft wp-image-5580\" title=\"Alckmin hospital crian\u00c3\u00a7a sjrp\" src=\"https:\/\/miltonmarchioli.com.br\/blog\/wp-content\/uploads\/GRALDO-ALCKMIN-RIO-PRETO-11-10-20131-300x200.jpg\" alt=\"\" width=\"254\" height=\"169\" srcset=\"https:\/\/miltonmarchioli.com.br\/blog\/wp-content\/uploads\/GRALDO-ALCKMIN-RIO-PRETO-11-10-20131-300x200.jpg 300w, https:\/\/miltonmarchioli.com.br\/blog\/wp-content\/uploads\/GRALDO-ALCKMIN-RIO-PRETO-11-10-20131-1024x682.jpg 1024w\" sizes=\"auto, (max-width: 254px) 100vw, 254px\" \/><\/a>Alunos da Famema pedem ao governador do Estado de S\u00e3o Paulo- Geraldo Alckmin- a encampa\u00e7\u00e3o da Famema e a aplica\u00e7\u00e3o da lei 12.188\/2006 que j\u00e1 previa a extin\u00e7\u00e3o da Famema, e encampa\u00e7\u00e3o futura por uma das universidades de S\u00e3o Paulo- USP, UNICAMP e UNESP.<\/p>\n<p>O encontro ocorreu no dia\u00a0 11 de outubro na inaugura\u00e7\u00e3o do Hospital da Crian\u00e7a e Maternidade de S\u00e3o Jos\u00e9 do Rio Preto.<\/p>\n<p>A nova unidade integrar\u00e1 o complexo hospitalar do Hospital de Base de Rio Preto.<\/p>\n<p>O Governo do Estado, por meio da Secretaria da Sa\u00fade, investiu R$ 70 milh\u00f5es no novo hospital, cujas obras ficaram sob responsabilidade da Funfarme (Funda\u00e7\u00e3o Faculdade Regional de Medicina).<\/p>\n<p>O Hospital da Crian\u00e7a e Maternidade de S\u00e3o Jos\u00e9 do Rio Preto ser\u00e1 uma das principais refer\u00eancias em cardiologia pedi\u00e1trica no Estado, principalmente em cirurgia cardiovascular.<\/p>\n<p>Ap\u00f3s a inaugura\u00e7\u00e3o representantes do DACA , Diret\u00f3rio Acad\u00eamico Christiano Altenfelder, da Faculdade de Medicina de Mar\u00edlia, agendaram reuni\u00e3o na Secretaria de Desenvolvimento Econ\u00f4mico, Ci\u00eancia e Tecnologia com o Secret\u00e1rio Rodrigo Garcia para solicitar em car\u00e1ter de urg\u00eancia a encampa\u00e7\u00e3o da Famema, e rediscuss\u00e3o da lei 12.188\/2006 que j\u00e1 previa a extin\u00e7\u00e3o da Famema, e ato cont\u00ednuo encampa\u00e7\u00e3o por uma universidade p\u00fablica &#8211; USP, UNESP ou UNICAMP.<\/p>\n<p><a href=\"http:\/\/www.youtube.com\/watch?v=ipOUXUxNVRY\">O governador reiterou que a Famema permaneceu isolada durante todos esse anos desde a sua estadualiza\u00e7\u00e3o em 1994, pois a diretoria anterior 2005-2008 assim preferiu, nas palavras do governador<\/a>.<\/p>\n<p>Em defesa da encampa\u00e7\u00e3o da Famema !<\/p>\n<p><a href=\"https:\/\/miltonmarchioli.com.br\/blog\/wp-content\/uploads\/GERALDO-ALCKMIN-ESTUDANTES-DACA1.jpg\"><img loading=\"lazy\" decoding=\"async\" class=\"aligncenter wp-image-5584\" title=\"GERALDO ALCKMIN- ESTUDANTES DACA\" src=\"https:\/\/miltonmarchioli.com.br\/blog\/wp-content\/uploads\/GERALDO-ALCKMIN-ESTUDANTES-DACA1-1024x576.jpg\" alt=\"\" width=\"438\" height=\"247\" srcset=\"https:\/\/miltonmarchioli.com.br\/blog\/wp-content\/uploads\/GERALDO-ALCKMIN-ESTUDANTES-DACA1-1024x576.jpg 1024w, https:\/\/miltonmarchioli.com.br\/blog\/wp-content\/uploads\/GERALDO-ALCKMIN-ESTUDANTES-DACA1-300x168.jpg 300w, https:\/\/miltonmarchioli.com.br\/blog\/wp-content\/uploads\/GERALDO-ALCKMIN-ESTUDANTES-DACA1.jpg 1181w\" sizes=\"auto, (max-width: 438px) 100vw, 438px\" \/><\/a><\/p>\n","protected":false},"excerpt":{"rendered":"<p>Alunos da Famema pedem ao governador do Estado de S\u00e3o Paulo- Geraldo Alckmin- a encampa\u00e7\u00e3o da Famema e a aplica\u00e7\u00e3o da lei 12.188\/2006 que j\u00e1 previa a extin\u00e7\u00e3o da Famema, e encampa\u00e7\u00e3o futura por uma das universidades de S\u00e3o Paulo- USP, UNICAMP e UNESP. O encontro ocorreu no dia\u00a0 11 de outubro na inaugura\u00e7\u00e3o do &hellip; <a href=\"https:\/\/miltonmarchioli.com.br\/blog\/estudantes-da-famema-pedem-ao-governador-geraldo-alckmin-encampacao-por-outras-universidades-publicas\/\" class=\"more-link\">Continue lendo <span class=\"screen-reader-text\">Estudantes da Famema pedem ao Governador Geraldo Alckmin encampa\u00e7\u00e3o por outras universidades p\u00fablicas<\/span> <span class=\"meta-nav\">&rarr;<\/span><\/a><\/p>\n","protected":false},"author":2,"featured_media":0,"comment_status":"open","ping_status":"open","sticky":false,"template":"","format":"standard","meta":{"rop_custom_images_group":[],"rop_custom_messages_group":[],"rop_publish_now":"initial","rop_publish_now_accounts":[],"rop_publish_now_history":[],"rop_publish_now_status":"pending","footnotes":""},"categories":[18,8,332,9],"tags":[340,811],"class_list":["post-5578","post","type-post","status-publish","format-standard","hentry","category-direito","category-direito-e-saude","category-educacao","category-saude-publica","tag-crise-institucional-famema-2013","tag-encampacao-da-famema"],"_links":{"self":[{"href":"https:\/\/miltonmarchioli.com.br\/blog\/wp-json\/wp\/v2\/posts\/5578","targetHints":{"allow":["GET"]}}],"collection":[{"href":"https:\/\/miltonmarchioli.com.br\/blog\/wp-json\/wp\/v2\/posts"}],"about":[{"href":"https:\/\/miltonmarchioli.com.br\/blog\/wp-json\/wp\/v2\/types\/post"}],"author":[{"embeddable":true,"href":"https:\/\/miltonmarchioli.com.br\/blog\/wp-json\/wp\/v2\/users\/2"}],"replies":[{"embeddable":true,"href":"https:\/\/miltonmarchioli.com.br\/blog\/wp-json\/wp\/v2\/comments?post=5578"}],"version-history":[{"count":15,"href":"https:\/\/miltonmarchioli.com.br\/blog\/wp-json\/wp\/v2\/posts\/5578\/revisions"}],"predecessor-version":[{"id":13724,"href":"https:\/\/miltonmarchioli.com.br\/blog\/wp-json\/wp\/v2\/posts\/5578\/revisions\/13724"}],"wp:attachment":[{"href":"https:\/\/miltonmarchioli.com.br\/blog\/wp-json\/wp\/v2\/media?parent=5578"}],"wp:term":[{"taxonomy":"category","embeddable":true,"href":"https:\/\/miltonmarchioli.com.br\/blog\/wp-json\/wp\/v2\/categories?post=5578"},{"taxonomy":"post_tag","embeddable":true,"href":"https:\/\/miltonmarchioli.com.br\/blog\/wp-json\/wp\/v2\/tags?post=5578"}],"curies":[{"name":"wp","href":"https:\/\/api.w.org\/{rel}","templated":true}]}}