{"id":5607,"date":"2013-10-30T10:04:42","date_gmt":"2013-10-30T12:04:42","guid":{"rendered":"http:\/\/miltonmarchioli.com.br\/blog\/?p=5607"},"modified":"2022-01-23T11:34:42","modified_gmt":"2022-01-23T14:34:42","slug":"xx-semana-juridica-do-univem-novos-paradigmas-da-responsabilidade-civil","status":"publish","type":"post","link":"https:\/\/miltonmarchioli.com.br\/blog\/xx-semana-juridica-do-univem-novos-paradigmas-da-responsabilidade-civil\/","title":{"rendered":"XXX Semana Jur\u00eddica do Univem. Novos paradigmas da responsabilidade civil"},"content":{"rendered":"<p><a href=\"https:\/\/miltonmarchioli.com.br\/blog\/wp-content\/uploads\/SEMANA-JURIDICA-UNIVEM-20131.jpg\"><img loading=\"lazy\" decoding=\"async\" class=\"alignleft wp-image-5625\" title=\"SEMANA JURIDICA UNIVEM 2013\" src=\"https:\/\/miltonmarchioli.com.br\/blog\/wp-content\/uploads\/SEMANA-JURIDICA-UNIVEM-20131-300x99.jpg\" alt=\"\" width=\"254\" height=\"84\" srcset=\"https:\/\/miltonmarchioli.com.br\/blog\/wp-content\/uploads\/SEMANA-JURIDICA-UNIVEM-20131-300x99.jpg 300w, https:\/\/miltonmarchioli.com.br\/blog\/wp-content\/uploads\/SEMANA-JURIDICA-UNIVEM-20131-1024x338.jpg 1024w, https:\/\/miltonmarchioli.com.br\/blog\/wp-content\/uploads\/SEMANA-JURIDICA-UNIVEM-20131.jpg 1895w\" sizes=\"auto, (max-width: 254px) 100vw, 254px\" \/><\/a>Nesse m\u00eas de outubro de 2013 est\u00e1 acontecendo a\u00a0 XXX Semana Jur\u00eddica do Univem com a participa\u00e7\u00e3o de in\u00fameros professores convidados de outras institui\u00e7\u00f5es de ensino superior na discuss\u00e3o de temas de relev\u00e2ncia jur\u00eddica contempor\u00e2nea.<\/p>\n<p>No dia 29 de outubro, o Univem recebeu a presen\u00e7a do brilhante professor\u00a0 Jo\u00e3o Aguirre para apresenta\u00e7\u00e3o e discuss\u00e3o do tema &#8211; Novos Paradigmas da\u00a0 Responsabilidade Civil.<\/p>\n<p>O audit\u00f3rio Aniz Badra esteve repleto de alunos, advogados e professores do Univem e de outras institui\u00e7\u00f5es de ensino superior de Mar\u00edlia e regi\u00e3o.<a href=\"https:\/\/miltonmarchioli.com.br\/blog\/wp-content\/uploads\/JO\u00c3O-AGUIRRE.jpg\"><img loading=\"lazy\" decoding=\"async\" class=\"alignright size-medium wp-image-12152\" src=\"https:\/\/miltonmarchioli.com.br\/blog\/wp-content\/uploads\/JO\u00c3O-AGUIRRE-300x169.jpg\" alt=\"JO\u00c3O AGUIRRE\" width=\"300\" height=\"169\" srcset=\"https:\/\/miltonmarchioli.com.br\/blog\/wp-content\/uploads\/JO\u00c3O-AGUIRRE-300x169.jpg 300w, https:\/\/miltonmarchioli.com.br\/blog\/wp-content\/uploads\/JO\u00c3O-AGUIRRE-768x432.jpg 768w, https:\/\/miltonmarchioli.com.br\/blog\/wp-content\/uploads\/JO\u00c3O-AGUIRRE-1024x576.jpg 1024w, https:\/\/miltonmarchioli.com.br\/blog\/wp-content\/uploads\/JO\u00c3O-AGUIRRE.jpg 1920w\" sizes=\"auto, (max-width: 300px) 100vw, 300px\" \/><\/a><\/p>\n<p>O professor Aguirre discorreu sobre a evolu\u00e7\u00e3o da Responsabilidade Civil no C\u00f3digo Civil de 1916 e 2002, e ainda a mudan\u00e7a tem\u00e1tica da mesma\u00a0 conferida pela Constitui\u00e7\u00e3o Federal de 1988, evoluindo do conceito patrimonialista para a existencialista, ou seja, a les\u00e3o ao ser humano \u00e9 t\u00e3o importante quando ao patrim\u00f4nio.<\/p>\n<p>Um dos t\u00f3picos debatidos pela plateia \u00e9 como aferir o dano moral na tutela jurisdicional, e Aguirre salientou n\u00e3o ter como ser preciso a tal questionamento, pois\u00a0 \u00e9 muito subjetivo mensur\u00e1-lo, e a introdu\u00e7\u00e3o de conceitos objetivos dentro do atual ordenamento jur\u00eddico, poderia em tese, trazer um paradigma nas condena\u00e7\u00f5es por dano moral.<\/p>\n<p>O curso de direito do Univem tem a coordena\u00e7\u00e3o de Edinilson Donisete Machado\u00a0 e Vivianne Rigoldi.<\/p>\n<p>A cerim\u00f4nia esteve sob a coordena\u00e7\u00e3o do professor Luciano Ramires.<\/p>\n<p>Mesa- Tayon Sofner Berlanga, Adriano Martins,\u00a0 Jo\u00e3o Aguirre, Vivianne Rigoldi e Ricardo Pinha Alonso.<\/p>\n<p>Semana XXX Jur\u00eddica do Univem.<\/p>\n<p>Sucesso absoluto !!!<\/p>\n<p><a href=\"https:\/\/miltonmarchioli.com.br\/blog\/wp-content\/uploads\/MARCHIOLI-E-JO\u00c3O-AGUIRRE.jpg\"><img loading=\"lazy\" decoding=\"async\" class=\"aligncenter size-full wp-image-12153\" src=\"https:\/\/miltonmarchioli.com.br\/blog\/wp-content\/uploads\/MARCHIOLI-E-JO\u00c3O-AGUIRRE.jpg\" alt=\"MARCHIOLI E JO\u00c3O AGUIRRE\" width=\"1920\" height=\"1080\" srcset=\"https:\/\/miltonmarchioli.com.br\/blog\/wp-content\/uploads\/MARCHIOLI-E-JO\u00c3O-AGUIRRE.jpg 1920w, https:\/\/miltonmarchioli.com.br\/blog\/wp-content\/uploads\/MARCHIOLI-E-JO\u00c3O-AGUIRRE-300x169.jpg 300w, https:\/\/miltonmarchioli.com.br\/blog\/wp-content\/uploads\/MARCHIOLI-E-JO\u00c3O-AGUIRRE-768x432.jpg 768w, https:\/\/miltonmarchioli.com.br\/blog\/wp-content\/uploads\/MARCHIOLI-E-JO\u00c3O-AGUIRRE-1024x576.jpg 1024w\" sizes=\"auto, (max-width: 1920px) 100vw, 1920px\" \/><\/a><\/p>\n","protected":false},"excerpt":{"rendered":"<p>Nesse m\u00eas de outubro de 2013 est\u00e1 acontecendo a\u00a0 XXX Semana Jur\u00eddica do Univem com a participa\u00e7\u00e3o de in\u00fameros professores convidados de outras institui\u00e7\u00f5es de ensino superior na discuss\u00e3o de temas de relev\u00e2ncia jur\u00eddica contempor\u00e2nea. No dia 29 de outubro, o Univem recebeu a presen\u00e7a do brilhante professor\u00a0 Jo\u00e3o Aguirre para apresenta\u00e7\u00e3o e discuss\u00e3o do &hellip; <a href=\"https:\/\/miltonmarchioli.com.br\/blog\/xx-semana-juridica-do-univem-novos-paradigmas-da-responsabilidade-civil\/\" class=\"more-link\">Continue lendo <span class=\"screen-reader-text\">XXX Semana Jur\u00eddica do Univem. Novos paradigmas da responsabilidade civil<\/span> <span class=\"meta-nav\">&rarr;<\/span><\/a><\/p>\n","protected":false},"author":2,"featured_media":0,"comment_status":"open","ping_status":"open","sticky":false,"template":"","format":"standard","meta":{"rop_custom_images_group":[],"rop_custom_messages_group":[],"rop_publish_now":"initial","rop_publish_now_accounts":[],"rop_publish_now_history":[],"rop_publish_now_status":"pending","footnotes":""},"categories":[18,332,13],"tags":[352,351],"class_list":["post-5607","post","type-post","status-publish","format-standard","hentry","category-direito","category-educacao","category-opiniao","tag-milton-marchioli-e-joao-aguirre","tag-xxx-semana-juridica-univem"],"_links":{"self":[{"href":"https:\/\/miltonmarchioli.com.br\/blog\/wp-json\/wp\/v2\/posts\/5607","targetHints":{"allow":["GET"]}}],"collection":[{"href":"https:\/\/miltonmarchioli.com.br\/blog\/wp-json\/wp\/v2\/posts"}],"about":[{"href":"https:\/\/miltonmarchioli.com.br\/blog\/wp-json\/wp\/v2\/types\/post"}],"author":[{"embeddable":true,"href":"https:\/\/miltonmarchioli.com.br\/blog\/wp-json\/wp\/v2\/users\/2"}],"replies":[{"embeddable":true,"href":"https:\/\/miltonmarchioli.com.br\/blog\/wp-json\/wp\/v2\/comments?post=5607"}],"version-history":[{"count":16,"href":"https:\/\/miltonmarchioli.com.br\/blog\/wp-json\/wp\/v2\/posts\/5607\/revisions"}],"predecessor-version":[{"id":12154,"href":"https:\/\/miltonmarchioli.com.br\/blog\/wp-json\/wp\/v2\/posts\/5607\/revisions\/12154"}],"wp:attachment":[{"href":"https:\/\/miltonmarchioli.com.br\/blog\/wp-json\/wp\/v2\/media?parent=5607"}],"wp:term":[{"taxonomy":"category","embeddable":true,"href":"https:\/\/miltonmarchioli.com.br\/blog\/wp-json\/wp\/v2\/categories?post=5607"},{"taxonomy":"post_tag","embeddable":true,"href":"https:\/\/miltonmarchioli.com.br\/blog\/wp-json\/wp\/v2\/tags?post=5607"}],"curies":[{"name":"wp","href":"https:\/\/api.w.org\/{rel}","templated":true}]}}