{"id":562,"date":"2011-07-06T02:49:54","date_gmt":"2011-07-06T02:49:54","guid":{"rendered":"http:\/\/miltonmarchioli.com.br\/blog\/?p=562"},"modified":"2022-01-02T11:43:55","modified_gmt":"2022-01-02T14:43:55","slug":"semiologia-neurologica-aplicada-a-um-caso-clinico-seminario-curso-de-medicina-da-famema","status":"publish","type":"post","link":"https:\/\/miltonmarchioli.com.br\/blog\/semiologia-neurologica-aplicada-a-um-caso-clinico-seminario-curso-de-medicina-da-famema\/","title":{"rendered":"Semiologia Neurol\u00f3gica aplicada a um caso cl\u00ednico. Semin\u00e1rio. Curso de Medicina da Famema"},"content":{"rendered":"<p><a href=\"https:\/\/miltonmarchioli.com.br\/blog\/wp-content\/uploads\/semiologia-nuvem-de-palavras.gif\"><img loading=\"lazy\" decoding=\"async\" class=\"alignleft size-medium wp-image-10199\" src=\"https:\/\/miltonmarchioli.com.br\/blog\/wp-content\/uploads\/semiologia-nuvem-de-palavras-300x205.gif\" alt=\"semiologia - nuvem de palavras\" width=\"300\" height=\"205\" \/><\/a><a href=\"https:\/\/miltonmarchioli.com.br\/blog\/wp-content\/uploads\/Semiologia-neurologica-semin\u00e1rio-ciclo-gar\u00e7a-2011.pdf\">Semin\u00e1rio de Semiologia Neurol\u00f3gica \u00a0apresentado ao final do est\u00e1gio da cidade de Gar\u00e7a &#8211; USF Araceli com os alunos do 4\u00ba ano do curso de medicina da Famema &#8211; Amanda de G. Pettersen, Bruna G. Cascaldi e C\u00e1ssio G. P.\u00a0 J\u00fanior.<\/a><\/p>\n<p>Trata-se da aplica\u00e7\u00e3o da semiologia neurol\u00f3gica aplicada a um\u00a0caso cl\u00ednico com imagens das principais vias aferentes e eferentes, semiot\u00e9cnica dos nervos cranianos e do cerebelo.<\/p>\n<p>O caso cl\u00ednico \u00e9 de uma perda s\u00fabita de for\u00e7a muscular, achados semiol\u00f3gicos\u00a0 da S\u00edndrome do Neur\u00f4nio Motor Superior, e ao final da apresenta\u00e7\u00e3o cl\u00ednica, a discuss\u00e3o do uso de trombol\u00edticos ou n\u00e3o para o caso cl\u00ednico em tela.<\/p>\n<p>O trombol\u00edtico Alteplase \u00e9 uma excelente medica\u00e7\u00e3o para evitar a evolu\u00e7\u00e3o do AVC, e poss\u00edveis sequelas.<\/p>\n<p>Deve ser aplicado at\u00e9 4,5 horas do in\u00edcio dos sintomas de AVC.<\/p>\n<p>O acidente vascular cerebral isqu\u00eamico (AVCI) \u00e9 uma das mais importantes causas de mortalidade e morbidade em todo o mundo.<\/p>\n<p>A atual disponibilidade de m\u00e9todos mec\u00e2nicos e farmacol\u00f3gicos para o restabelecimento do fluxo sangu\u00edneo cerebral em uma art\u00e9ria obstru\u00edda tem possibilitado a mudan\u00e7a da historia natural do AVCI.<\/p>\n<p>A tromb\u00f3lise endovenosa com rt-PA \u00e9 atualmente a terap\u00eautica mais estudada e com maior evid\u00eancia de benef\u00edcio em promover recanaliza\u00e7\u00e3o arterial.<\/p>\n<p>Entretanto, uma importante limita\u00e7\u00e3o da tromb\u00f3lise endovenosa \u00e9 a necessidade de seu uso dentro de uma janela temporal de 4,5 horas ap\u00f3s o in\u00edcio dos sintomas, um dos motivos pelos quais outras estrat\u00e9gias foram desenvolvidas.<\/p>\n<p>Tromb\u00f3lise intra-arterial isolada ou combinada \u00e0 endovenosa at\u00e9 6 horas, m\u00e9todos endovasculares como angioplastia e coloca\u00e7\u00e3o de stent s\u00e3o outros m\u00e9todos eficazes j\u00e1 incorporados em Centros de Neurologia avan\u00e7ados.<\/p>\n<p>Em defesa de Sa\u00fade P\u00fablica com qualidade!<\/p>\n<p><a href=\"https:\/\/miltonmarchioli.com.br\/blog\/wp-content\/uploads\/caso-clinico-quadrado.jpg\"><img loading=\"lazy\" decoding=\"async\" class=\"aligncenter size-full wp-image-10198\" src=\"https:\/\/miltonmarchioli.com.br\/blog\/wp-content\/uploads\/caso-clinico-quadrado.jpg\" alt=\"caso clinico - quadrado\" width=\"800\" height=\"500\" srcset=\"https:\/\/miltonmarchioli.com.br\/blog\/wp-content\/uploads\/caso-clinico-quadrado.jpg 800w, https:\/\/miltonmarchioli.com.br\/blog\/wp-content\/uploads\/caso-clinico-quadrado-300x188.jpg 300w\" sizes=\"auto, (max-width: 800px) 100vw, 800px\" \/><\/a><\/p>\n","protected":false},"excerpt":{"rendered":"<p>Semin\u00e1rio de Semiologia Neurol\u00f3gica \u00a0apresentado ao final do est\u00e1gio da cidade de Gar\u00e7a &#8211; USF Araceli com os alunos do 4\u00ba ano do curso de medicina da Famema &#8211; Amanda de G. Pettersen, Bruna G. Cascaldi e C\u00e1ssio G. P.\u00a0 J\u00fanior. Trata-se da aplica\u00e7\u00e3o da semiologia neurol\u00f3gica aplicada a um\u00a0caso cl\u00ednico com imagens das principais &hellip; <a href=\"https:\/\/miltonmarchioli.com.br\/blog\/semiologia-neurologica-aplicada-a-um-caso-clinico-seminario-curso-de-medicina-da-famema\/\" class=\"more-link\">Continue lendo <span class=\"screen-reader-text\">Semiologia Neurol\u00f3gica aplicada a um caso cl\u00ednico. Semin\u00e1rio. Curso de Medicina da Famema<\/span> <span class=\"meta-nav\">&rarr;<\/span><\/a><\/p>\n","protected":false},"author":2,"featured_media":0,"comment_status":"open","ping_status":"open","sticky":false,"template":"","format":"standard","meta":{"rop_custom_images_group":[],"rop_custom_messages_group":[],"rop_publish_now":"initial","rop_publish_now_accounts":[],"rop_publish_now_history":[],"rop_publish_now_status":"pending","footnotes":""},"categories":[332,4,13,9],"tags":[656,193,1183],"class_list":["post-562","post","type-post","status-publish","format-standard","hentry","category-educacao","category-neurologia","category-opiniao","category-saude-publica","tag-ciclo-pedagogico-famema","tag-milton-marchioli","tag-unidade-de-pratica-profissional-4"],"_links":{"self":[{"href":"https:\/\/miltonmarchioli.com.br\/blog\/wp-json\/wp\/v2\/posts\/562","targetHints":{"allow":["GET"]}}],"collection":[{"href":"https:\/\/miltonmarchioli.com.br\/blog\/wp-json\/wp\/v2\/posts"}],"about":[{"href":"https:\/\/miltonmarchioli.com.br\/blog\/wp-json\/wp\/v2\/types\/post"}],"author":[{"embeddable":true,"href":"https:\/\/miltonmarchioli.com.br\/blog\/wp-json\/wp\/v2\/users\/2"}],"replies":[{"embeddable":true,"href":"https:\/\/miltonmarchioli.com.br\/blog\/wp-json\/wp\/v2\/comments?post=562"}],"version-history":[{"count":23,"href":"https:\/\/miltonmarchioli.com.br\/blog\/wp-json\/wp\/v2\/posts\/562\/revisions"}],"predecessor-version":[{"id":13367,"href":"https:\/\/miltonmarchioli.com.br\/blog\/wp-json\/wp\/v2\/posts\/562\/revisions\/13367"}],"wp:attachment":[{"href":"https:\/\/miltonmarchioli.com.br\/blog\/wp-json\/wp\/v2\/media?parent=562"}],"wp:term":[{"taxonomy":"category","embeddable":true,"href":"https:\/\/miltonmarchioli.com.br\/blog\/wp-json\/wp\/v2\/categories?post=562"},{"taxonomy":"post_tag","embeddable":true,"href":"https:\/\/miltonmarchioli.com.br\/blog\/wp-json\/wp\/v2\/tags?post=562"}],"curies":[{"name":"wp","href":"https:\/\/api.w.org\/{rel}","templated":true}]}}