{"id":5627,"date":"2013-10-31T00:41:47","date_gmt":"2013-10-31T02:41:47","guid":{"rendered":"http:\/\/miltonmarchioli.com.br\/blog\/?p=5627"},"modified":"2022-01-23T11:35:22","modified_gmt":"2022-01-23T14:35:22","slug":"xxx-semana-juridica-do-univem-tendencias-da-teoria-do-delito-no-pos-finalismo","status":"publish","type":"post","link":"https:\/\/miltonmarchioli.com.br\/blog\/xxx-semana-juridica-do-univem-tendencias-da-teoria-do-delito-no-pos-finalismo\/","title":{"rendered":"XXX Semana Jur\u00eddica do Univem. Tend\u00eancias da teoria do delito no p\u00f3s-finalismo"},"content":{"rendered":"<p><a href=\"https:\/\/miltonmarchioli.com.br\/blog\/wp-content\/uploads\/SEMANA-JUR\u00cdDICA-UNIVEM-30-10-2013.jpg\"><img loading=\"lazy\" decoding=\"async\" class=\"alignleft size-medium wp-image-12155\" src=\"https:\/\/miltonmarchioli.com.br\/blog\/wp-content\/uploads\/SEMANA-JUR\u00cdDICA-UNIVEM-30-10-2013-300x169.jpg\" alt=\"SEMANA JUR\u00cdDICA UNIVEM 30-10-2013\" width=\"300\" height=\"169\" srcset=\"https:\/\/miltonmarchioli.com.br\/blog\/wp-content\/uploads\/SEMANA-JUR\u00cdDICA-UNIVEM-30-10-2013-300x169.jpg 300w, https:\/\/miltonmarchioli.com.br\/blog\/wp-content\/uploads\/SEMANA-JUR\u00cdDICA-UNIVEM-30-10-2013-768x432.jpg 768w, https:\/\/miltonmarchioli.com.br\/blog\/wp-content\/uploads\/SEMANA-JUR\u00cdDICA-UNIVEM-30-10-2013-1024x576.jpg 1024w, https:\/\/miltonmarchioli.com.br\/blog\/wp-content\/uploads\/SEMANA-JUR\u00cdDICA-UNIVEM-30-10-2013.jpg 1920w\" sizes=\"auto, (max-width: 300px) 100vw, 300px\" \/><\/a>No dia 30 de outubro de 2013, nas depend\u00eancias do audit\u00f3rio Aniz Badra, o Curso de Direito do Univem recebeu a presen\u00e7a do Prof. Dr. Paulo C\u00e9sar\u00a0 Busato, docente da Universidade Federal do Paran\u00e1 para discuss\u00e3o do tema &#8211; Tend\u00eancias da teoria do delito no\u00a0 p\u00f3s-finalismo.<\/p>\n<p>Busato discorreu sobre as teorias do delito, tais como, teoria naturalista ou causal, teoria finalista e a teoria social da a\u00e7\u00e3o.<\/p>\n<p>O professor aponta que todas as teorias apresentam alguma defici\u00eancia em sua conceitua\u00e7\u00e3o, j\u00e1 que a teoria n\u00e3o pode ser conceituada\u00a0 apenas no\u00a0 valor ontol\u00f3gico do autor do fato (ser), mas\u00a0 tamb\u00e9m no valor axiol\u00f3gico conferido no sistema jur\u00eddico penal (dever ser) em um bin\u00f4mio indivis\u00edvel.<a href=\"https:\/\/miltonmarchioli.com.br\/blog\/wp-content\/uploads\/SEANA-JURIDICA-PAULO-BUSATO.jpg\"><img loading=\"lazy\" decoding=\"async\" class=\"alignright wp-image-5630\" title=\"SEANA JURIDICA - PAULO BUSATO\" src=\"https:\/\/miltonmarchioli.com.br\/blog\/wp-content\/uploads\/SEANA-JURIDICA-PAULO-BUSATO-300x191.jpg\" alt=\"\" width=\"300\" height=\"158\" \/><\/a><\/p>\n<p>Ressalta ainda, que a conceitua\u00e7\u00e3o de delito deveria, se poss\u00edvel, avaliando somente as circunst\u00e2ncias do mesmo, procurando criar indicadores objetivos do crime, e minimizando o dolo ou a culpa, os quais s\u00e3o muito valorizados na teoria naturalista e\u00a0 finalista (conte\u00fado formal), e menos na teoria social da a\u00e7\u00e3o (conte\u00fado material).<\/p>\n<p>Ao final da palestra, o professor Busato argumentou que n\u00e3o acredita na ressocializa\u00e7\u00e3o dos criminosos como medida punitiva do delito cometido, mas sim na aplica\u00e7\u00e3o de interven\u00e7\u00e3o m\u00ednima do Direito Penal ao autor, ou seja, na pris\u00e3o aplicada somente em quem praticou crime n\u00e3o tolerado em hip\u00f3tese alguma pela sociedade hodierna.<\/p>\n<p>A cerim\u00f4nia esteve sob a coordena\u00e7\u00e3o do professor Luciano Ramires.<\/p>\n<p>Mesa- Jos\u00e9 Eduardo Louren\u00e7o dos Santos, Paulo\u00a0 C\u00e9sar Busato, Edinilson Donisete Machado, Mario Coraini J\u00fanior e Mario Furnaleto Neto.<\/p>\n<p>XXX Semana Jur\u00eddica do Univem.<\/p>\n<p>Sucesso absoluto !!!<\/p>\n<p><a href=\"https:\/\/miltonmarchioli.com.br\/blog\/wp-content\/uploads\/MARCHIOLI-E-PAULO-BUSATO.jpg\"><img loading=\"lazy\" decoding=\"async\" class=\"aligncenter wp-image-5633\" title=\"MARCHIOLI E PAULO BUSATO\" src=\"https:\/\/miltonmarchioli.com.br\/blog\/wp-content\/uploads\/MARCHIOLI-E-PAULO-BUSATO-1024x576.jpg\" alt=\"\" width=\"545\" height=\"305\" \/><\/a><\/p>\n","protected":false},"excerpt":{"rendered":"<p>No dia 30 de outubro de 2013, nas depend\u00eancias do audit\u00f3rio Aniz Badra, o Curso de Direito do Univem recebeu a presen\u00e7a do Prof. Dr. Paulo C\u00e9sar\u00a0 Busato, docente da Universidade Federal do Paran\u00e1 para discuss\u00e3o do tema &#8211; Tend\u00eancias da teoria do delito no\u00a0 p\u00f3s-finalismo. Busato discorreu sobre as teorias do delito, tais como, &hellip; <a href=\"https:\/\/miltonmarchioli.com.br\/blog\/xxx-semana-juridica-do-univem-tendencias-da-teoria-do-delito-no-pos-finalismo\/\" class=\"more-link\">Continue lendo <span class=\"screen-reader-text\">XXX Semana Jur\u00eddica do Univem. Tend\u00eancias da teoria do delito no p\u00f3s-finalismo<\/span> <span class=\"meta-nav\">&rarr;<\/span><\/a><\/p>\n","protected":false},"author":2,"featured_media":0,"comment_status":"open","ping_status":"open","sticky":false,"template":"","format":"standard","meta":{"rop_custom_images_group":[],"rop_custom_messages_group":[],"rop_publish_now":"initial","rop_publish_now_accounts":[],"rop_publish_now_history":[],"rop_publish_now_status":"pending","footnotes":""},"categories":[18,332,13],"tags":[353,351],"class_list":["post-5627","post","type-post","status-publish","format-standard","hentry","category-direito","category-educacao","category-opiniao","tag-milton-marchioli-e-paulo-busato","tag-xxx-semana-juridica-univem"],"_links":{"self":[{"href":"https:\/\/miltonmarchioli.com.br\/blog\/wp-json\/wp\/v2\/posts\/5627","targetHints":{"allow":["GET"]}}],"collection":[{"href":"https:\/\/miltonmarchioli.com.br\/blog\/wp-json\/wp\/v2\/posts"}],"about":[{"href":"https:\/\/miltonmarchioli.com.br\/blog\/wp-json\/wp\/v2\/types\/post"}],"author":[{"embeddable":true,"href":"https:\/\/miltonmarchioli.com.br\/blog\/wp-json\/wp\/v2\/users\/2"}],"replies":[{"embeddable":true,"href":"https:\/\/miltonmarchioli.com.br\/blog\/wp-json\/wp\/v2\/comments?post=5627"}],"version-history":[{"count":15,"href":"https:\/\/miltonmarchioli.com.br\/blog\/wp-json\/wp\/v2\/posts\/5627\/revisions"}],"predecessor-version":[{"id":12156,"href":"https:\/\/miltonmarchioli.com.br\/blog\/wp-json\/wp\/v2\/posts\/5627\/revisions\/12156"}],"wp:attachment":[{"href":"https:\/\/miltonmarchioli.com.br\/blog\/wp-json\/wp\/v2\/media?parent=5627"}],"wp:term":[{"taxonomy":"category","embeddable":true,"href":"https:\/\/miltonmarchioli.com.br\/blog\/wp-json\/wp\/v2\/categories?post=5627"},{"taxonomy":"post_tag","embeddable":true,"href":"https:\/\/miltonmarchioli.com.br\/blog\/wp-json\/wp\/v2\/tags?post=5627"}],"curies":[{"name":"wp","href":"https:\/\/api.w.org\/{rel}","templated":true}]}}