{"id":5645,"date":"2013-10-31T23:37:50","date_gmt":"2013-11-01T01:37:50","guid":{"rendered":"http:\/\/miltonmarchioli.com.br\/blog\/?p=5645"},"modified":"2016-06-14T19:37:49","modified_gmt":"2016-06-14T22:37:49","slug":"xxx-semana-juridica-do-univem-democracia-digital-e-o-futuro-dos-protestos-massivos","status":"publish","type":"post","link":"https:\/\/miltonmarchioli.com.br\/blog\/xxx-semana-juridica-do-univem-democracia-digital-e-o-futuro-dos-protestos-massivos\/","title":{"rendered":"XXX Semana Jur\u00eddica do Univem. Democracia Digital e o futuro dos protestos massivos"},"content":{"rendered":"<p><a href=\"https:\/\/miltonmarchioli.com.br\/blog\/wp-content\/uploads\/LUIS-FL\u00c1VIO-GOMES.jpg\"><img loading=\"lazy\" decoding=\"async\" class=\"alignleft  wp-image-12157\" src=\"https:\/\/miltonmarchioli.com.br\/blog\/wp-content\/uploads\/LUIS-FL\u00c1VIO-GOMES-300x281.jpg\" alt=\"LUIS FL\u00c1VIO GOMES\" width=\"256\" height=\"240\" srcset=\"https:\/\/miltonmarchioli.com.br\/blog\/wp-content\/uploads\/LUIS-FL\u00c1VIO-GOMES-300x281.jpg 300w, https:\/\/miltonmarchioli.com.br\/blog\/wp-content\/uploads\/LUIS-FL\u00c1VIO-GOMES-768x721.jpg 768w, https:\/\/miltonmarchioli.com.br\/blog\/wp-content\/uploads\/LUIS-FL\u00c1VIO-GOMES.jpg 924w\" sizes=\"auto, (max-width: 256px) 100vw, 256px\" \/><\/a>No dia 31 de outubro\u00a0 nas depend\u00eancias do audit\u00f3rio Aniz Badra o professor Luis Fl\u00e1vio Gomes esteve no encerramento da XXX Semana Jur\u00eddica do Univem.<\/p>\n<p>Abordando o tema &#8211; Democracia Direta Digital e o futuro dos protestos massivos &#8211; com dura\u00e7\u00e3o de mais de 90 minutos, o professor destacou a import\u00e2ncia dos movimentos de junho de 2013 no Brasil.<\/p>\n<p>Para Fl\u00e1vio Gomes, n\u00e3o adianta apenas melhorar as condi\u00e7\u00f5es de sobreviv\u00eancia da sua fam\u00edlia, tais como, carro zero, eletrodom\u00e9sticos, mob\u00edlia nova, alimenta\u00e7\u00e3o adequada, se na an\u00e1lise macropol\u00edtica do Brasil,\u00a0 educa\u00e7\u00e3o, sa\u00fade, e seguran\u00e7a p\u00fablicas est\u00e3o abaixo do n\u00edvel satisfat\u00f3rio.<\/p>\n<p>&#8220;A melhora do Brasil no cen\u00e1rio de economia mundial n\u00e3o foi acompanhada de melhorias na infraestrutura do pais&#8221;, salientou Fl\u00e1vio Gomes.<\/p>\n<p>A sa\u00edda debatida em seu livro &#8221; Por que estamos indignados&#8221; &#8211; editora Saraiva 2013- \u00e9 de que a sociedade\u00a0 n\u00e3o pode ser conformar com o modelo das institui\u00e7\u00f5es implantadas no Brasil contempor\u00e2neo, pois que se assim permanecer, teremos mais 500 anos do\u00a0<em>Brasilquist\u00e3o<\/em> (Brasil que deu errado), e\u00a0 jamais o Brasil que deu certo.<\/p>\n<p>O professor Fl\u00e1vio Gomes encerrou a XXX Semana Jur\u00eddica do Univem nas palestras proferidas no per\u00edodo noturno.<\/p>\n<p>Elogios \u00e0 comiss\u00e3o organizadora do evento &#8211; Docentes\u00a0 Edinilson Donisete Machado e Vivianne Rigoldi pela sele\u00e7\u00e3o dos temas e coordena\u00e7\u00e3o do evento.<\/p>\n<p>No encerramento h\u00e1 de se destacar as presen\u00e7as dos docentes Te\u00f3filo\u00a0 Ar\u00eaa Le\u00e3o J\u00fanior e Andr\u00e9a Antico Soares, nos dias\u00a0 29 e 30 de outubro de 2013.<\/p>\n<p>No dia 31 de outubro presen\u00e7a da Rr\u00f3-Reitora do Univem Raquel Cristina Ferraroni Sanches para encerramento do evento.<\/p>\n<p>Semana Jur\u00eddica do Univem.<\/p>\n<p>Sucesso absoluto !!!<\/p>\n<p><a href=\"https:\/\/miltonmarchioli.com.br\/blog\/wp-content\/uploads\/MARCHIOLI-E-LUIS-FL\u00c1VIO-GOMES.jpg\"><img loading=\"lazy\" decoding=\"async\" class=\"aligncenter size-full wp-image-12158\" src=\"https:\/\/miltonmarchioli.com.br\/blog\/wp-content\/uploads\/MARCHIOLI-E-LUIS-FL\u00c1VIO-GOMES.jpg\" alt=\"MARCHIOLI E LUIS FL\u00c1VIO GOMES\" width=\"1920\" height=\"1080\" srcset=\"https:\/\/miltonmarchioli.com.br\/blog\/wp-content\/uploads\/MARCHIOLI-E-LUIS-FL\u00c1VIO-GOMES.jpg 1920w, https:\/\/miltonmarchioli.com.br\/blog\/wp-content\/uploads\/MARCHIOLI-E-LUIS-FL\u00c1VIO-GOMES-300x169.jpg 300w, https:\/\/miltonmarchioli.com.br\/blog\/wp-content\/uploads\/MARCHIOLI-E-LUIS-FL\u00c1VIO-GOMES-768x432.jpg 768w, https:\/\/miltonmarchioli.com.br\/blog\/wp-content\/uploads\/MARCHIOLI-E-LUIS-FL\u00c1VIO-GOMES-1024x576.jpg 1024w\" sizes=\"auto, (max-width: 1920px) 100vw, 1920px\" \/><\/a><\/p>\n","protected":false},"excerpt":{"rendered":"<p>No dia 31 de outubro\u00a0 nas depend\u00eancias do audit\u00f3rio Aniz Badra o professor Luis Fl\u00e1vio Gomes esteve no encerramento da XXX Semana Jur\u00eddica do Univem. Abordando o tema &#8211; Democracia Direta Digital e o futuro dos protestos massivos &#8211; com dura\u00e7\u00e3o de mais de 90 minutos, o professor destacou a import\u00e2ncia dos movimentos de junho &hellip; <a href=\"https:\/\/miltonmarchioli.com.br\/blog\/xxx-semana-juridica-do-univem-democracia-digital-e-o-futuro-dos-protestos-massivos\/\" class=\"more-link\">Continue lendo <span class=\"screen-reader-text\">XXX Semana Jur\u00eddica do Univem. Democracia Digital e o futuro dos protestos massivos<\/span> <span class=\"meta-nav\">&rarr;<\/span><\/a><\/p>\n","protected":false},"author":2,"featured_media":0,"comment_status":"open","ping_status":"open","sticky":false,"template":"","format":"standard","meta":{"rop_custom_images_group":[],"rop_custom_messages_group":[],"rop_publish_now":"initial","rop_publish_now_accounts":[],"rop_publish_now_history":[],"rop_publish_now_status":"pending","footnotes":""},"categories":[18,8,332,13],"tags":[354,351],"class_list":["post-5645","post","type-post","status-publish","format-standard","hentry","category-direito","category-direito-e-saude","category-educacao","category-opiniao","tag-milton-marchioli-e-luis-flavio-gomes","tag-xxx-semana-juridica-univem"],"_links":{"self":[{"href":"https:\/\/miltonmarchioli.com.br\/blog\/wp-json\/wp\/v2\/posts\/5645","targetHints":{"allow":["GET"]}}],"collection":[{"href":"https:\/\/miltonmarchioli.com.br\/blog\/wp-json\/wp\/v2\/posts"}],"about":[{"href":"https:\/\/miltonmarchioli.com.br\/blog\/wp-json\/wp\/v2\/types\/post"}],"author":[{"embeddable":true,"href":"https:\/\/miltonmarchioli.com.br\/blog\/wp-json\/wp\/v2\/users\/2"}],"replies":[{"embeddable":true,"href":"https:\/\/miltonmarchioli.com.br\/blog\/wp-json\/wp\/v2\/comments?post=5645"}],"version-history":[{"count":9,"href":"https:\/\/miltonmarchioli.com.br\/blog\/wp-json\/wp\/v2\/posts\/5645\/revisions"}],"predecessor-version":[{"id":12159,"href":"https:\/\/miltonmarchioli.com.br\/blog\/wp-json\/wp\/v2\/posts\/5645\/revisions\/12159"}],"wp:attachment":[{"href":"https:\/\/miltonmarchioli.com.br\/blog\/wp-json\/wp\/v2\/media?parent=5645"}],"wp:term":[{"taxonomy":"category","embeddable":true,"href":"https:\/\/miltonmarchioli.com.br\/blog\/wp-json\/wp\/v2\/categories?post=5645"},{"taxonomy":"post_tag","embeddable":true,"href":"https:\/\/miltonmarchioli.com.br\/blog\/wp-json\/wp\/v2\/tags?post=5645"}],"curies":[{"name":"wp","href":"https:\/\/api.w.org\/{rel}","templated":true}]}}