{"id":5680,"date":"2013-11-15T23:06:01","date_gmt":"2013-11-16T01:06:01","guid":{"rendered":"http:\/\/miltonmarchioli.com.br\/blog\/?p=5680"},"modified":"2022-01-23T11:41:04","modified_gmt":"2022-01-23T14:41:04","slug":"cefaleias-primarias-e-secundarias-seminario-curso-de-medicina-da-famema-4","status":"publish","type":"post","link":"https:\/\/miltonmarchioli.com.br\/blog\/cefaleias-primarias-e-secundarias-seminario-curso-de-medicina-da-famema-4\/","title":{"rendered":"Cefaleias Prim\u00e1rias e Secund\u00e1rias. Semin\u00e1rio. Curso de Medicina da Famema"},"content":{"rendered":"<p><img loading=\"lazy\" decoding=\"async\" class=\"alignleft size-full wp-image-11781\" src=\"https:\/\/miltonmarchioli.com.br\/blog\/wp-content\/uploads\/DOR-DE-CABE\u00c7A-FLECHAS.jpg\" alt=\"DOR DE CABE\u00c7A - FLECHAS\" width=\"231\" height=\"231\" srcset=\"https:\/\/miltonmarchioli.com.br\/blog\/wp-content\/uploads\/DOR-DE-CABE\u00c7A-FLECHAS.jpg 231w, https:\/\/miltonmarchioli.com.br\/blog\/wp-content\/uploads\/DOR-DE-CABE\u00c7A-FLECHAS-150x150.jpg 150w\" sizes=\"auto, (max-width: 231px) 100vw, 231px\" \/><a href=\"https:\/\/miltonmarchioli.com.br\/blog\/wp-content\/uploads\/Cefaleias-14-11-2013.pptx\">Semin\u00e1rio apresentado pelos alunos Lucas Nakasone, Luiz Affonso, Mait\u00ea Cardoso, Mariana Sakugawa e Vanessa Lima durante Ambulat\u00f3rio de Cefaleia &#8211; Ambulat\u00f3rio Mario Covas- disciplinas\u00a0 Educa\u00e7\u00e3o em Ci\u00eancias da Sa\u00fade e Neurologia da Faculdade de Medicina de Mar\u00edlia.<\/a><\/p>\n<p>Cefaleias secund\u00e1rias s\u00e3o as provocadas por doen\u00e7as demonstr\u00e1veis pelos exames cl\u00ednicos ou laboratoriais.<\/p>\n<p>Nestes casos, a dor seria consequ\u00eancia de uma agress\u00e3o ao organismo, de ordem geral ou neurol\u00f3gica.<\/p>\n<p>Como exemplo, as cefaleias associadas \u00e0s infec\u00e7\u00f5es sist\u00eamicas, disfun\u00e7\u00f5es end\u00f3crinas, intoxica\u00e7\u00f5es, ainda \u00e0 hemorragia cerebral, \u00e0s meningites, encefalites ou a les\u00f5es expansivas do SNC.<\/p>\n<p>Ap\u00f3s o atendimento de um paciente com cefaleia, o m\u00e9dico deve estar seguro para optar entre o diagn\u00f3stico de cefaleia prim\u00e1ria ou secund\u00e1ria.<\/p>\n<p>Os exames subsidi\u00e1rios dever\u00e3o ser solicitados, quando h\u00e1 impossibilidade de certeza diagn\u00f3stica de cefaleia primaria.<\/p>\n<p>Em defesa da Sa\u00fade Publica com qualidade !<\/p>\n<p>Em defesa do SUS !<\/p>\n<p><img loading=\"lazy\" decoding=\"async\" class=\"aligncenter size-full wp-image-11782\" src=\"https:\/\/miltonmarchioli.com.br\/blog\/wp-content\/uploads\/dor-de-cabe\u00e7a-esqueleto.jpg\" alt=\"dor de cabe\u00e7a- esqueleto\" width=\"460\" height=\"276\" srcset=\"https:\/\/miltonmarchioli.com.br\/blog\/wp-content\/uploads\/dor-de-cabe\u00e7a-esqueleto.jpg 460w, https:\/\/miltonmarchioli.com.br\/blog\/wp-content\/uploads\/dor-de-cabe\u00e7a-esqueleto-300x180.jpg 300w\" sizes=\"auto, (max-width: 460px) 100vw, 460px\" \/><\/p>\n","protected":false},"excerpt":{"rendered":"<p>Semin\u00e1rio apresentado pelos alunos Lucas Nakasone, Luiz Affonso, Mait\u00ea Cardoso, Mariana Sakugawa e Vanessa Lima durante Ambulat\u00f3rio de Cefaleia &#8211; Ambulat\u00f3rio Mario Covas- disciplinas\u00a0 Educa\u00e7\u00e3o em Ci\u00eancias da Sa\u00fade e Neurologia da Faculdade de Medicina de Mar\u00edlia. Cefaleias secund\u00e1rias s\u00e3o as provocadas por doen\u00e7as demonstr\u00e1veis pelos exames cl\u00ednicos ou laboratoriais. Nestes casos, a dor seria &hellip; <a href=\"https:\/\/miltonmarchioli.com.br\/blog\/cefaleias-primarias-e-secundarias-seminario-curso-de-medicina-da-famema-4\/\" class=\"more-link\">Continue lendo <span class=\"screen-reader-text\">Cefaleias Prim\u00e1rias e Secund\u00e1rias. Semin\u00e1rio. Curso de Medicina da Famema<\/span> <span class=\"meta-nav\">&rarr;<\/span><\/a><\/p>\n","protected":false},"author":2,"featured_media":0,"comment_status":"open","ping_status":"open","sticky":false,"template":"","format":"standard","meta":{"rop_custom_images_group":[],"rop_custom_messages_group":[],"rop_publish_now":"initial","rop_publish_now_accounts":[],"rop_publish_now_history":[],"rop_publish_now_status":"pending","footnotes":""},"categories":[8,11,4,13,9],"tags":[591],"class_list":["post-5680","post","type-post","status-publish","format-standard","hentry","category-direito-e-saude","category-economia","category-neurologia","category-opiniao","category-saude-publica","tag-ambulatorio-cefaleia-ambulatorio-mario-covas-famema"],"_links":{"self":[{"href":"https:\/\/miltonmarchioli.com.br\/blog\/wp-json\/wp\/v2\/posts\/5680","targetHints":{"allow":["GET"]}}],"collection":[{"href":"https:\/\/miltonmarchioli.com.br\/blog\/wp-json\/wp\/v2\/posts"}],"about":[{"href":"https:\/\/miltonmarchioli.com.br\/blog\/wp-json\/wp\/v2\/types\/post"}],"author":[{"embeddable":true,"href":"https:\/\/miltonmarchioli.com.br\/blog\/wp-json\/wp\/v2\/users\/2"}],"replies":[{"embeddable":true,"href":"https:\/\/miltonmarchioli.com.br\/blog\/wp-json\/wp\/v2\/comments?post=5680"}],"version-history":[{"count":9,"href":"https:\/\/miltonmarchioli.com.br\/blog\/wp-json\/wp\/v2\/posts\/5680\/revisions"}],"predecessor-version":[{"id":13726,"href":"https:\/\/miltonmarchioli.com.br\/blog\/wp-json\/wp\/v2\/posts\/5680\/revisions\/13726"}],"wp:attachment":[{"href":"https:\/\/miltonmarchioli.com.br\/blog\/wp-json\/wp\/v2\/media?parent=5680"}],"wp:term":[{"taxonomy":"category","embeddable":true,"href":"https:\/\/miltonmarchioli.com.br\/blog\/wp-json\/wp\/v2\/categories?post=5680"},{"taxonomy":"post_tag","embeddable":true,"href":"https:\/\/miltonmarchioli.com.br\/blog\/wp-json\/wp\/v2\/tags?post=5680"}],"curies":[{"name":"wp","href":"https:\/\/api.w.org\/{rel}","templated":true}]}}