{"id":5691,"date":"2013-11-16T16:11:55","date_gmt":"2013-11-16T18:11:55","guid":{"rendered":"http:\/\/miltonmarchioli.com.br\/blog\/?p=5691"},"modified":"2022-01-23T11:44:01","modified_gmt":"2022-01-23T14:44:01","slug":"cefaleias-primarias-seminario-curso-de-medicina-da-famema-15","status":"publish","type":"post","link":"https:\/\/miltonmarchioli.com.br\/blog\/cefaleias-primarias-seminario-curso-de-medicina-da-famema-15\/","title":{"rendered":"Cefaleias Prim\u00e1rias. Semin\u00e1rio. Curso de Medicina da Famema"},"content":{"rendered":"<p><a href=\"https:\/\/miltonmarchioli.com.br\/blog\/wp-content\/uploads\/cefaleia-zumbi.jpg\"><img loading=\"lazy\" decoding=\"async\" class=\"alignleft wp-image-10912\" src=\"https:\/\/miltonmarchioli.com.br\/blog\/wp-content\/uploads\/cefaleia-zumbi.jpg\" alt=\"cefaleia- zumbi\" width=\"187\" height=\"266\" \/><\/a><a href=\"https:\/\/miltonmarchioli.com.br\/blog\/wp-content\/uploads\/Cefal\u00e9ias-15-11-2013.pptx\">Semin\u00e1rio\u00a0 debatendo o tema Cefaleias Prim\u00e1rias apresentado pelos alunos Marcos Zanchetta, Joyce Mariane Merlo, Karen Teles Sangaleti, Nathalia Ten\u00f3rio Fazani e Rodrigo Passarella Muniz durante est\u00e1gio da grade curricular &#8211; 4\u00ba ano &#8211; pela Faculdade de Medicina de Mar\u00edlia(Famema) &#8211; Ambulat\u00f3rio de Cefaleia- disciplinas Neurologia e Educa\u00e7\u00e3o em Ci\u00eancias da Sa\u00fade.<\/a><\/p>\n<p>A queixa de dor de cabe\u00e7a \u00e9 um dos sintomas mais frequentemente referidos nos atendimentos em um consult\u00f3rio ou ambulat\u00f3rio de Neurologia Geral.<\/p>\n<p>\u00c9 uma condi\u00e7\u00e3o muito frequente na popula\u00e7\u00e3o geral.<\/p>\n<p>Tecnicamente denominada de cefaleia pelos neurologistas, estas dores classificam-se em diferentes subtipos:<\/p>\n<p>Cefaleia Prim\u00e1ria \u2013 quando n\u00e3o h\u00e1 nenhum problema estrutural, como tumores, aneurismas, anomalias \u00f3sseas ou anat\u00f4micas, provocando a dor de cabe\u00e7a. Exemplos cl\u00e1ssicos das cefaleias prim\u00e1rias s\u00e3o a cefaleia tensional e a enxaqueca.<\/p>\n<p>Cefaleia Secund\u00e1ria \u2013 s\u00e3o as dores relacionadas a outras causas, como sinusites, dist\u00farbios de articula\u00e7\u00e3o t\u00eamporo-mandibular, tumores, aneurismas, meningites, hidrocefalias, etc.<\/p>\n<p>A cefaleia, sobretudo as prim\u00e1rias (as mais comuns), podem evoluir com piora da frequ\u00eancia e intensidade das crises, e transformar-se em cefaleia cr\u00f4nica di\u00e1ria. Esta condi\u00e7\u00e3o \u00e9 caracterizada por sintomas de dor de cabe\u00e7a quase todo dia, ou, em muitos casos, dores di\u00e1rias, por longos per\u00edodos. Os crit\u00e9rios m\u00e9dicos para caracteriz\u00e1-la s\u00e3o a ocorr\u00eancia de cefaleia pelo menos por 15 dias por um per\u00edodo m\u00ednimo de 3 meses.<\/p>\n<p>A cefaleia cr\u00f4nica di\u00e1ria est\u00e1 comumente relacionada tamb\u00e9m ao uso excessivo de analg\u00e9sicos orais, em virtude da desinforma\u00e7\u00e3o dos pacientes e de sua automedica\u00e7\u00e3o.<\/p>\n<p>O ambulat\u00f3rio de Neurologia atende encaminhamento de usu\u00e1rios do SUS de 62 munic\u00edpios do Departamento Regional de Sa\u00fade \u00a0IX do Estado de S\u00e3o Paulo.<\/p>\n<p><a href=\"https:\/\/miltonmarchioli.com.br\/blog\/wp-content\/uploads\/cefaleia-bruxa.jpg\"><img loading=\"lazy\" decoding=\"async\" class=\"aligncenter size-full wp-image-10913\" src=\"https:\/\/miltonmarchioli.com.br\/blog\/wp-content\/uploads\/cefaleia-bruxa.jpg\" alt=\"cefaleia bruxa\" width=\"900\" height=\"1200\" srcset=\"https:\/\/miltonmarchioli.com.br\/blog\/wp-content\/uploads\/cefaleia-bruxa.jpg 900w, https:\/\/miltonmarchioli.com.br\/blog\/wp-content\/uploads\/cefaleia-bruxa-225x300.jpg 225w, https:\/\/miltonmarchioli.com.br\/blog\/wp-content\/uploads\/cefaleia-bruxa-768x1024.jpg 768w\" sizes=\"auto, (max-width: 900px) 100vw, 900px\" \/><\/a><\/p>\n","protected":false},"excerpt":{"rendered":"<p>Semin\u00e1rio\u00a0 debatendo o tema Cefaleias Prim\u00e1rias apresentado pelos alunos Marcos Zanchetta, Joyce Mariane Merlo, Karen Teles Sangaleti, Nathalia Ten\u00f3rio Fazani e Rodrigo Passarella Muniz durante est\u00e1gio da grade curricular &#8211; 4\u00ba ano &#8211; pela Faculdade de Medicina de Mar\u00edlia(Famema) &#8211; Ambulat\u00f3rio de Cefaleia- disciplinas Neurologia e Educa\u00e7\u00e3o em Ci\u00eancias da Sa\u00fade. A queixa de dor &hellip; <a href=\"https:\/\/miltonmarchioli.com.br\/blog\/cefaleias-primarias-seminario-curso-de-medicina-da-famema-15\/\" class=\"more-link\">Continue lendo <span class=\"screen-reader-text\">Cefaleias Prim\u00e1rias. Semin\u00e1rio. Curso de Medicina da Famema<\/span> <span class=\"meta-nav\">&rarr;<\/span><\/a><\/p>\n","protected":false},"author":2,"featured_media":0,"comment_status":"open","ping_status":"open","sticky":false,"template":"","format":"standard","meta":{"rop_custom_images_group":[],"rop_custom_messages_group":[],"rop_publish_now":"initial","rop_publish_now_accounts":[],"rop_publish_now_history":[],"rop_publish_now_status":"pending","footnotes":""},"categories":[8,332,4,13,9],"tags":[591],"class_list":["post-5691","post","type-post","status-publish","format-standard","hentry","category-direito-e-saude","category-educacao","category-neurologia","category-opiniao","category-saude-publica","tag-ambulatorio-cefaleia-ambulatorio-mario-covas-famema"],"_links":{"self":[{"href":"https:\/\/miltonmarchioli.com.br\/blog\/wp-json\/wp\/v2\/posts\/5691","targetHints":{"allow":["GET"]}}],"collection":[{"href":"https:\/\/miltonmarchioli.com.br\/blog\/wp-json\/wp\/v2\/posts"}],"about":[{"href":"https:\/\/miltonmarchioli.com.br\/blog\/wp-json\/wp\/v2\/types\/post"}],"author":[{"embeddable":true,"href":"https:\/\/miltonmarchioli.com.br\/blog\/wp-json\/wp\/v2\/users\/2"}],"replies":[{"embeddable":true,"href":"https:\/\/miltonmarchioli.com.br\/blog\/wp-json\/wp\/v2\/comments?post=5691"}],"version-history":[{"count":14,"href":"https:\/\/miltonmarchioli.com.br\/blog\/wp-json\/wp\/v2\/posts\/5691\/revisions"}],"predecessor-version":[{"id":13727,"href":"https:\/\/miltonmarchioli.com.br\/blog\/wp-json\/wp\/v2\/posts\/5691\/revisions\/13727"}],"wp:attachment":[{"href":"https:\/\/miltonmarchioli.com.br\/blog\/wp-json\/wp\/v2\/media?parent=5691"}],"wp:term":[{"taxonomy":"category","embeddable":true,"href":"https:\/\/miltonmarchioli.com.br\/blog\/wp-json\/wp\/v2\/categories?post=5691"},{"taxonomy":"post_tag","embeddable":true,"href":"https:\/\/miltonmarchioli.com.br\/blog\/wp-json\/wp\/v2\/tags?post=5691"}],"curies":[{"name":"wp","href":"https:\/\/api.w.org\/{rel}","templated":true}]}}