{"id":5703,"date":"2013-11-18T23:31:08","date_gmt":"2013-11-19T01:31:08","guid":{"rendered":"http:\/\/miltonmarchioli.com.br\/blog\/?p=5703"},"modified":"2022-01-23T11:47:31","modified_gmt":"2022-01-23T14:47:31","slug":"25-anos-da-colacao-de-grau-da-xvii-turma-da-famema","status":"publish","type":"post","link":"https:\/\/miltonmarchioli.com.br\/blog\/25-anos-da-colacao-de-grau-da-xvii-turma-da-famema\/","title":{"rendered":"25 anos da cola\u00e7\u00e3o de grau da XVII Turma da Famema"},"content":{"rendered":"<p><a href=\"https:\/\/miltonmarchioli.com.br\/blog\/wp-content\/uploads\/17-turma-A1.jpg\"><img loading=\"lazy\" decoding=\"async\" class=\"alignleft wp-image-5708\" title=\"17 turma - A\" src=\"https:\/\/miltonmarchioli.com.br\/blog\/wp-content\/uploads\/17-turma-A1-300x179.jpg\" alt=\"\" width=\"278\" height=\"166\" srcset=\"https:\/\/miltonmarchioli.com.br\/blog\/wp-content\/uploads\/17-turma-A1-300x179.jpg 300w, https:\/\/miltonmarchioli.com.br\/blog\/wp-content\/uploads\/17-turma-A1.jpg 677w\" sizes=\"auto, (max-width: 278px) 100vw, 278px\" \/><\/a>H\u00e1 exatamente 25 anos, nas depend\u00eancias do Yara Club de Mar\u00edlia, a XVII Turma da Faculdade de Medicina\u00a0 estava na cerim\u00f4nia de cola\u00e7\u00e3o de grau de seus bachar\u00e9is de medicina.<\/p>\n<p>Muita luta nos seis anos de curso.<\/p>\n<p>Muita emo\u00e7\u00e3o na cola\u00e7\u00e3o de grau.<\/p>\n<p>Tive a honra de ser o orador dessa inesquec\u00edvel turma.<\/p>\n<p>Aulas fant\u00e1sticas de anatomia, histologia, bioqu\u00edmica, estat\u00edstica, microbiologia, parasitologia, farmacologia, imunologia, medicina preventiva e patologia geral e especial nos tr\u00eas primeiros anos.<\/p>\n<p>Ap\u00f3s, est\u00e1gios nas disciplinas de Cirurgia, Ginecologia e Obstetr\u00edcia, Pediatria e Cl\u00ednica M\u00e9dica no quarto ano, e posteriormente mesmas disciplinas no quinto e sexto anos (internato).<\/p>\n<p>As famosas reuni\u00f5es cl\u00ednicas nos Departamento de Cl\u00ednica M\u00e9dica, Departamento de Cirurgia, Departamento de Ginecologia e Obstetr\u00edcia e Departamento de Pediatria.<\/p>\n<p>Muita saudade desse per\u00edodo de 1983 -1988.<\/p>\n<p>Muitas visitas cl\u00ednicas \u00e0s enfermarias, discuss\u00e3o de casos, e o est\u00e1gio de Pronto-Socorro, cansativo, mas de muita valia.<\/p>\n<p>Os tempos hoje s\u00e3o outros&#8230;<\/p>\n<p>Mas, muito me orgulho de ter tido o curso de medicina no modelo tradicional.<\/p>\n<p>Muito bom mesmo.<\/p>\n<p>Muitas faculdades seguem o mesmo modelo tradicional dos anos 80 nos dias de hoje.<\/p>\n<p>Sauda\u00e7\u00f5es a todos os formandos da XVII Turma da Faculdade de Medicina de Mar\u00edlia.<\/p>\n<p>Alunos que deixaram um legado irretoc\u00e1vel na institui\u00e7\u00e3o.<\/p>\n<p>Luta por melhorias na institui\u00e7\u00e3o &#8211; ensino, assist\u00eancia e pesquisa.<\/p>\n<p>Muitos\u00a0 dos formandos de 1988 s\u00e3o docentes em faculdades de medicina.<\/p>\n<p>Muitos s\u00e3o\u00a0 renomados profissionais de sa\u00fade: competentes, estudiosos e\u00a0 \u00e9ticos.<\/p>\n<p>Se o tempo pudesse voltar\u00a0a XVII Turma da Famema seria a minha escolhida de novo para a gradua\u00e7\u00e3o em um curso de medicina.<\/p>\n<p>Alunos especiais.<\/p>\n<p>Hoje m\u00e9dicos competentes.<\/p>\n<p>Pessoas especiais.<\/p>\n<p>Sucesso \u00e0 \u00a0XVII Turma Famema !<\/p>\n<p><a href=\"https:\/\/miltonmarchioli.com.br\/blog\/wp-content\/uploads\/17-TURMA-B1.jpg\"><img loading=\"lazy\" decoding=\"async\" class=\"aligncenter wp-image-5709\" title=\"17 TURMA - B\" src=\"https:\/\/miltonmarchioli.com.br\/blog\/wp-content\/uploads\/17-TURMA-B1.jpg\" alt=\"\" width=\"575\" height=\"416\" srcset=\"https:\/\/miltonmarchioli.com.br\/blog\/wp-content\/uploads\/17-TURMA-B1.jpg 592w, https:\/\/miltonmarchioli.com.br\/blog\/wp-content\/uploads\/17-TURMA-B1-300x217.jpg 300w\" sizes=\"auto, (max-width: 575px) 100vw, 575px\" \/><\/a><\/p>\n","protected":false},"excerpt":{"rendered":"<p>H\u00e1 exatamente 25 anos, nas depend\u00eancias do Yara Club de Mar\u00edlia, a XVII Turma da Faculdade de Medicina\u00a0 estava na cerim\u00f4nia de cola\u00e7\u00e3o de grau de seus bachar\u00e9is de medicina. Muita luta nos seis anos de curso. Muita emo\u00e7\u00e3o na cola\u00e7\u00e3o de grau. Tive a honra de ser o orador dessa inesquec\u00edvel turma. Aulas fant\u00e1sticas &hellip; <a href=\"https:\/\/miltonmarchioli.com.br\/blog\/25-anos-da-colacao-de-grau-da-xvii-turma-da-famema\/\" class=\"more-link\">Continue lendo <span class=\"screen-reader-text\">25 anos da cola\u00e7\u00e3o de grau da XVII Turma da Famema<\/span> <span class=\"meta-nav\">&rarr;<\/span><\/a><\/p>\n","protected":false},"author":2,"featured_media":0,"comment_status":"open","ping_status":"open","sticky":false,"template":"","format":"standard","meta":{"rop_custom_images_group":[],"rop_custom_messages_group":[],"rop_publish_now":"initial","rop_publish_now_accounts":[],"rop_publish_now_history":[],"rop_publish_now_status":"pending","footnotes":""},"categories":[13],"tags":[559,193,815],"class_list":["post-5703","post","type-post","status-publish","format-standard","hentry","category-opiniao","tag-25-anos-de-formatura","tag-milton-marchioli","tag-xvii-turma-famema"],"_links":{"self":[{"href":"https:\/\/miltonmarchioli.com.br\/blog\/wp-json\/wp\/v2\/posts\/5703","targetHints":{"allow":["GET"]}}],"collection":[{"href":"https:\/\/miltonmarchioli.com.br\/blog\/wp-json\/wp\/v2\/posts"}],"about":[{"href":"https:\/\/miltonmarchioli.com.br\/blog\/wp-json\/wp\/v2\/types\/post"}],"author":[{"embeddable":true,"href":"https:\/\/miltonmarchioli.com.br\/blog\/wp-json\/wp\/v2\/users\/2"}],"replies":[{"embeddable":true,"href":"https:\/\/miltonmarchioli.com.br\/blog\/wp-json\/wp\/v2\/comments?post=5703"}],"version-history":[{"count":16,"href":"https:\/\/miltonmarchioli.com.br\/blog\/wp-json\/wp\/v2\/posts\/5703\/revisions"}],"predecessor-version":[{"id":13728,"href":"https:\/\/miltonmarchioli.com.br\/blog\/wp-json\/wp\/v2\/posts\/5703\/revisions\/13728"}],"wp:attachment":[{"href":"https:\/\/miltonmarchioli.com.br\/blog\/wp-json\/wp\/v2\/media?parent=5703"}],"wp:term":[{"taxonomy":"category","embeddable":true,"href":"https:\/\/miltonmarchioli.com.br\/blog\/wp-json\/wp\/v2\/categories?post=5703"},{"taxonomy":"post_tag","embeddable":true,"href":"https:\/\/miltonmarchioli.com.br\/blog\/wp-json\/wp\/v2\/tags?post=5703"}],"curies":[{"name":"wp","href":"https:\/\/api.w.org\/{rel}","templated":true}]}}