{"id":577,"date":"2011-07-28T01:29:14","date_gmt":"2011-07-28T01:29:14","guid":{"rendered":"http:\/\/miltonmarchioli.com.br\/blog\/?p=577"},"modified":"2022-01-02T11:45:29","modified_gmt":"2022-01-02T14:45:29","slug":"acidente-vascular-encefalico-seminario-curso-de-medicina-da-famema","status":"publish","type":"post","link":"https:\/\/miltonmarchioli.com.br\/blog\/acidente-vascular-encefalico-seminario-curso-de-medicina-da-famema\/","title":{"rendered":"Acidente Vascular Encef\u00e1lico. Semin\u00e1rio. Curso de Medicina da Famema"},"content":{"rendered":"<p><a href=\"https:\/\/miltonmarchioli.com.br\/blog\/wp-content\/uploads\/avc-amarelo.jpg\"><img loading=\"lazy\" decoding=\"async\" class=\"alignleft size-full wp-image-10208\" src=\"https:\/\/miltonmarchioli.com.br\/blog\/wp-content\/uploads\/avc-amarelo.jpg\" alt=\"avc- amarelo\" width=\"225\" height=\"225\" srcset=\"https:\/\/miltonmarchioli.com.br\/blog\/wp-content\/uploads\/avc-amarelo.jpg 225w, https:\/\/miltonmarchioli.com.br\/blog\/wp-content\/uploads\/avc-amarelo-150x150.jpg 150w\" sizes=\"auto, (max-width: 225px) 100vw, 225px\" \/><\/a><a href=\"https:\/\/miltonmarchioli.com.br\/blog\/wp-content\/uploads\/Acidente-Vascular-Encef\u00e1lico-Eletivo-Andr\u00e9a-e-Sinval-2011.ppt\">Semin\u00e1rio apresentado pelos\u00a0 alunos\u00a0 do 4\u00ba ano do curso de medicina Andr\u00e9a Mansinho e Sinval\u00a0 Carrijo \u2013 Ambulat\u00f3rio Neurovascular- disciplinas Neurologia e Educa\u00e7\u00e3o em Ci\u00eancias da Sa\u00fade \u2013 Famema sobre o Acidente Vascular Encef\u00e1lico.<\/a><\/p>\n<p>O Acidente Vascular Encef\u00e1lico\u00a0 \u00e9 importante causa de mortalidade, e uma das patologias que mais contribui para as perdas laborais definitivas junto ao INSS\u00a0 (Instituto Nacional do Seguro Social) pelas in\u00fameras sequelas que produz.<\/p>\n<p>A hipertens\u00e3o arterial, o diabetes mellitus, a hipercolesterolemia e o tabagismo s\u00e3o os principais determinantes do AVC.<\/p>\n<p>Sedentarismo e alcoolismo s\u00e3o outras vari\u00e1veis determinantes de AVC.<\/p>\n<p>Somente controle satisfat\u00f3rio dos n\u00edveis press\u00f3ricos, melhor controle da glicemia, redu\u00e7\u00e3o dos n\u00edveis de colesterol e aus\u00eancia do\u00a0 h\u00e1bito de fumar podem reduzir a incid\u00eancia dessa patologia t\u00e3o incapacitante.<\/p>\n<p>O\u00a0AVC\u00a0pode ser evitado ou minimizado com\u00a0 Pol\u00edticas P\u00fablicas de Sa\u00fade eficazes, e o Minist\u00e9rio da Sa\u00fade tem contribu\u00eddo ao implementar na rede b\u00e1sica de sa\u00fade programas para controle da hipertens\u00e3o arterial e diabetes, com incremento no repasse de verbas aos munic\u00edpios engajados na luta contra essas patologias.<\/p>\n<p>O Instituto Nacional do Seguro Social (INSS) \u00e9 obrigado a fornecer perna mec\u00e2nica, bra\u00e7o mec\u00e2nico, cadeiras de rodas, muletas e outros tipos de pr\u00f3teses, \u00f3rteses e demais aparelhos ortop\u00e9dicos para os segurados e dependentes.<\/p>\n<p>Essas pr\u00f3teses e \u00f3rteses est\u00e3o previstas na Lei 8.213\/91, nos artigos 89 e 90, bem como no Decreto 3048\/99\u00a0.<\/p>\n<p>A <em>Lei de Benef\u00edcios da Previd\u00eancia Social<\/em>\u00a0e o <em>Regulamento da Previd\u00eancia Social<\/em> preveem que o benef\u00edcio \u00e9 devido em car\u00e1ter obrigat\u00f3rio, inclusive aos aposentados e para habilit\u00e1-los ou reabilit\u00e1-los n\u00e3o apenas profissionalmente, mas tamb\u00e9m socialmente.<\/p>\n<p>Muitos que ingressam na Justi\u00e7a para obten\u00e7\u00e3o de pr\u00f3teses ou \u00f3rteses, ao inv\u00e9s de solicitarem ao INSS, pedem para o Sistema \u00danico de Sa\u00fade (SUS), cuja rede rede p\u00fablica \u00e9 gerida pelo Munic\u00edpio, Estado e\/ou Uni\u00e3o.<\/p>\n<p>Ressalta-se que al\u00e9m dos benef\u00edcios pagos em dinheiro, o INSS tamb\u00e9m \u00e9 obrigado a prestar alguns tipos de servi\u00e7os para os segurados e seus dependentes.<\/p>\n<p>Um desses servi\u00e7os \u00e9 a habilita\u00e7\u00e3o e a reabilita\u00e7\u00e3o profissional, que consiste numa esp\u00e9cie de (re) inser\u00e7\u00e3o profissional e social dos segurados e seus dependentes, vitimados por alguma les\u00e3o ou sequela.<\/p>\n<p>Dentro dessa linha de servi\u00e7os est\u00e1 o fornecimento de pr\u00f3teses e \u00f3rteses.<\/p>\n<p>A pr\u00f3tese substitui uma parte do corpo por uma pe\u00e7a artificial. Ex.: perna mec\u00e2nica, bra\u00e7o mec\u00e2nico etc.<\/p>\n<p>\u00d3rtese \u00e9 um apoio ou dispositivo externo aplicado ao corpo para modificar os aspectos funcionais ou estruturais do sistema neuro-musculo-esquel\u00e9tico para obten\u00e7\u00e3o de alguma vantagem mec\u00e2nica ou ortop\u00e9dica.<\/p>\n<p>S\u00e3o aparelhos ou dispositivos ortop\u00e9dicos de uso provis\u00f3rio ou n\u00e3o, destinados a alinhar, prevenir ou corrigir deformidades ou melhorar a fun\u00e7\u00e3o das partes m\u00f3veis do corpo. S\u00e3o exemplos de \u00f3rteses: muletas, andadores, cadeiras de rodas, palmilha ortop\u00e9dica, tutores, joelheiras, coletes, munhequeiras etc.<\/p>\n<p>A principal diferen\u00e7a entre uma \u00f3rtese e uma pr\u00f3tese reside no fato da \u00f3rtese n\u00e3o substituir o org\u00e3o ou membro incapacitado.<\/p>\n<p>Lutemos por uma Sa\u00fade P\u00fablica com qualidade!<\/p>\n<p><a href=\"https:\/\/miltonmarchioli.com.br\/blog\/wp-content\/uploads\/avc-samu.png\"><img loading=\"lazy\" decoding=\"async\" class=\"aligncenter size-full wp-image-10209\" src=\"https:\/\/miltonmarchioli.com.br\/blog\/wp-content\/uploads\/avc-samu.png\" alt=\"avc- samu\" width=\"555\" height=\"274\" srcset=\"https:\/\/miltonmarchioli.com.br\/blog\/wp-content\/uploads\/avc-samu.png 555w, https:\/\/miltonmarchioli.com.br\/blog\/wp-content\/uploads\/avc-samu-300x148.png 300w\" sizes=\"auto, (max-width: 555px) 100vw, 555px\" \/><\/a><\/p>\n","protected":false},"excerpt":{"rendered":"<p>Semin\u00e1rio apresentado pelos\u00a0 alunos\u00a0 do 4\u00ba ano do curso de medicina Andr\u00e9a Mansinho e Sinval\u00a0 Carrijo \u2013 Ambulat\u00f3rio Neurovascular- disciplinas Neurologia e Educa\u00e7\u00e3o em Ci\u00eancias da Sa\u00fade \u2013 Famema sobre o Acidente Vascular Encef\u00e1lico. O Acidente Vascular Encef\u00e1lico\u00a0 \u00e9 importante causa de mortalidade, e uma das patologias que mais contribui para as perdas laborais definitivas &hellip; <a href=\"https:\/\/miltonmarchioli.com.br\/blog\/acidente-vascular-encefalico-seminario-curso-de-medicina-da-famema\/\" class=\"more-link\">Continue lendo <span class=\"screen-reader-text\">Acidente Vascular Encef\u00e1lico. Semin\u00e1rio. Curso de Medicina da Famema<\/span> <span class=\"meta-nav\">&rarr;<\/span><\/a><\/p>\n","protected":false},"author":2,"featured_media":0,"comment_status":"open","ping_status":"open","sticky":false,"template":"","format":"standard","meta":{"rop_custom_images_group":[],"rop_custom_messages_group":[],"rop_publish_now":"initial","rop_publish_now_accounts":[],"rop_publish_now_history":[],"rop_publish_now_status":"pending","footnotes":""},"categories":[8,332,4,13,9],"tags":[445,193],"class_list":["post-577","post","type-post","status-publish","format-standard","hentry","category-direito-e-saude","category-educacao","category-neurologia","category-opiniao","category-saude-publica","tag-ambulatorio-neurovascular-famema","tag-milton-marchioli"],"_links":{"self":[{"href":"https:\/\/miltonmarchioli.com.br\/blog\/wp-json\/wp\/v2\/posts\/577","targetHints":{"allow":["GET"]}}],"collection":[{"href":"https:\/\/miltonmarchioli.com.br\/blog\/wp-json\/wp\/v2\/posts"}],"about":[{"href":"https:\/\/miltonmarchioli.com.br\/blog\/wp-json\/wp\/v2\/types\/post"}],"author":[{"embeddable":true,"href":"https:\/\/miltonmarchioli.com.br\/blog\/wp-json\/wp\/v2\/users\/2"}],"replies":[{"embeddable":true,"href":"https:\/\/miltonmarchioli.com.br\/blog\/wp-json\/wp\/v2\/comments?post=577"}],"version-history":[{"count":17,"href":"https:\/\/miltonmarchioli.com.br\/blog\/wp-json\/wp\/v2\/posts\/577\/revisions"}],"predecessor-version":[{"id":13368,"href":"https:\/\/miltonmarchioli.com.br\/blog\/wp-json\/wp\/v2\/posts\/577\/revisions\/13368"}],"wp:attachment":[{"href":"https:\/\/miltonmarchioli.com.br\/blog\/wp-json\/wp\/v2\/media?parent=577"}],"wp:term":[{"taxonomy":"category","embeddable":true,"href":"https:\/\/miltonmarchioli.com.br\/blog\/wp-json\/wp\/v2\/categories?post=577"},{"taxonomy":"post_tag","embeddable":true,"href":"https:\/\/miltonmarchioli.com.br\/blog\/wp-json\/wp\/v2\/tags?post=577"}],"curies":[{"name":"wp","href":"https:\/\/api.w.org\/{rel}","templated":true}]}}