{"id":58,"date":"2011-03-09T02:56:34","date_gmt":"2011-03-09T02:56:34","guid":{"rendered":"http:\/\/miltonmarchioli.com.br\/blog\/?p=58"},"modified":"2022-01-07T11:37:20","modified_gmt":"2022-01-07T14:37:20","slug":"aula-de-cefaleia-tensiional-2010-aluno-mateus-mantovani","status":"publish","type":"post","link":"https:\/\/miltonmarchioli.com.br\/blog\/aula-de-cefaleia-tensiional-2010-aluno-mateus-mantovani\/","title":{"rendered":"Cefal\u00e9ia Tensional. Semin\u00e1rio. Curso de Medicina da Famema"},"content":{"rendered":"<p><a href=\"https:\/\/miltonmarchioli.com.br\/blog\/wp-content\/uploads\/cefaleia-oculos.jpg\"><img loading=\"lazy\" decoding=\"async\" class=\"alignleft wp-image-10034\" src=\"https:\/\/miltonmarchioli.com.br\/blog\/wp-content\/uploads\/cefaleia-oculos.jpg\" alt=\"cefaleia oculos\" width=\"226\" height=\"299\" \/><\/a>Semin\u00e1rio de Cefaleia Tensional apresentado\u00a0pelo acad\u00eamico Mateus Mantovani &#8211; 4\u00ba ano do curso de medicina da Famema &#8211; Ambulat\u00f3rio de Cefaleia &#8211;\u00a0 <a href=\"https:\/\/miltonmarchioli.com.br\/blog\/wp-content\/uploads\/CEFALEIA-TENSIONAL-2010-ALUNO-MATEUS-MANTOVANI.ppt\" target=\"_blank\">Ambulat\u00f3rio Mario Covas<\/a> &#8211; disciplinas de Neurologia e Educa\u00e7\u00e3o em Ci\u00eancias da Sa\u00fade no ano de 2010.<\/p>\n<p>As cefaleias tensionais manifestam-se geralmente de manh\u00e3 ou \u00e0s primeiras horas da tarde e pioram ao longo do dia.<\/p>\n<p>Muitas vezes, sente-se uma dor mantida e moderada sobre os olhos ou a nuca, ou ent\u00e3o uma sensa\u00e7\u00e3o de press\u00e3o forte (como uma fita apertada \u00e0 volta da cabe\u00e7a), que pode acompanhar a dor.<\/p>\n<p>A dor pode abranger toda a cabe\u00e7a e por vezes irradiar para a regi\u00e3o cervical.<\/p>\n<p>Para distinguir as cefaleias tensionais das perturba\u00e7\u00f5es mais graves, o m\u00e9dico tem em conta a dura\u00e7\u00e3o da dor e como o doente a descreve quanto \u00e0 sua localiza\u00e7\u00e3o, o que a provoca e o que a alivia, e se est\u00e1 associada a outros sintomas, como enjoo, fraqueza, perturba\u00e7\u00f5es sensitivas ou inclusive febre.<\/p>\n<p>A dor de cabe\u00e7a de aparecimento recente que acorda a pessoa, e \u00e9 invulgarmente aguda, cont\u00ednua, que aparece a seguir a um traumatismo craniano, ou coincide com outros sintomas como formigueiro, debilidade, falta de coordena\u00e7\u00e3o, altera\u00e7\u00f5es da vis\u00e3o ou desmaios, \u00e9 muito prov\u00e1vel que n\u00e3o seja uma cefaleia tensional.<\/p>\n<p>Nessa situa\u00e7\u00e3o aguda provavelmente a causa seja um processo cl\u00ednico grave que exija uma avalia\u00e7\u00e3o pelo m\u00e9dico o mais cedo poss\u00edvel.<\/p>\n<p>O Ambulat\u00f3rio de Cefaleia recebe encaminhamentos do Departamento Regional de Sa\u00fade\u00a0 IX do Estado de S\u00e3o Paulo.<\/p>\n<p>Lutemos por uma Sa\u00fade P\u00fablica com qualidade !<\/p>\n<p><a href=\"http:\/\/www.miltonmarchioli.com.br\/blog\/wp-content\/uploads\/sus-todos-usam-o-sus.jpg\"><img loading=\"lazy\" decoding=\"async\" class=\"aligncenter size-full wp-image-13347\" src=\"http:\/\/www.miltonmarchioli.com.br\/blog\/wp-content\/uploads\/sus-todos-usam-o-sus.jpg\" alt=\"sus - todos usam o sus\" width=\"640\" height=\"440\" srcset=\"https:\/\/miltonmarchioli.com.br\/blog\/wp-content\/uploads\/sus-todos-usam-o-sus.jpg 640w, https:\/\/miltonmarchioli.com.br\/blog\/wp-content\/uploads\/sus-todos-usam-o-sus-300x206.jpg 300w\" sizes=\"auto, (max-width: 640px) 100vw, 640px\" \/><\/a><\/p>\n<p><a href=\"https:\/\/miltonmarchioli.com.br\/blog\/wp-content\/uploads\/homem-dor-de-cabe\u00e7a-figura1.jpg\">\u00a0<\/a><\/p>\n","protected":false},"excerpt":{"rendered":"<p>Semin\u00e1rio de Cefaleia Tensional apresentado\u00a0pelo acad\u00eamico Mateus Mantovani &#8211; 4\u00ba ano do curso de medicina da Famema &#8211; Ambulat\u00f3rio de Cefaleia &#8211;\u00a0 Ambulat\u00f3rio Mario Covas &#8211; disciplinas de Neurologia e Educa\u00e7\u00e3o em Ci\u00eancias da Sa\u00fade no ano de 2010. As cefaleias tensionais manifestam-se geralmente de manh\u00e3 ou \u00e0s primeiras horas da tarde e pioram ao &hellip; <a href=\"https:\/\/miltonmarchioli.com.br\/blog\/aula-de-cefaleia-tensiional-2010-aluno-mateus-mantovani\/\" class=\"more-link\">Continue lendo <span class=\"screen-reader-text\">Cefal\u00e9ia Tensional. Semin\u00e1rio. Curso de Medicina da Famema<\/span> <span class=\"meta-nav\">&rarr;<\/span><\/a><\/p>\n","protected":false},"author":2,"featured_media":0,"comment_status":"open","ping_status":"open","sticky":false,"template":"","format":"standard","meta":{"rop_custom_images_group":[],"rop_custom_messages_group":[],"rop_publish_now":"initial","rop_publish_now_accounts":[],"rop_publish_now_history":[],"rop_publish_now_status":"pending","footnotes":""},"categories":[332,4,13,9],"tags":[124,202],"class_list":["post-58","post","type-post","status-publish","format-standard","hentry","category-educacao","category-neurologia","category-opiniao","category-saude-publica","tag-ambulatorio-cefaleia-ambulatorio-mario-covas","tag-famema"],"_links":{"self":[{"href":"https:\/\/miltonmarchioli.com.br\/blog\/wp-json\/wp\/v2\/posts\/58","targetHints":{"allow":["GET"]}}],"collection":[{"href":"https:\/\/miltonmarchioli.com.br\/blog\/wp-json\/wp\/v2\/posts"}],"about":[{"href":"https:\/\/miltonmarchioli.com.br\/blog\/wp-json\/wp\/v2\/types\/post"}],"author":[{"embeddable":true,"href":"https:\/\/miltonmarchioli.com.br\/blog\/wp-json\/wp\/v2\/users\/2"}],"replies":[{"embeddable":true,"href":"https:\/\/miltonmarchioli.com.br\/blog\/wp-json\/wp\/v2\/comments?post=58"}],"version-history":[{"count":29,"href":"https:\/\/miltonmarchioli.com.br\/blog\/wp-json\/wp\/v2\/posts\/58\/revisions"}],"predecessor-version":[{"id":13501,"href":"https:\/\/miltonmarchioli.com.br\/blog\/wp-json\/wp\/v2\/posts\/58\/revisions\/13501"}],"wp:attachment":[{"href":"https:\/\/miltonmarchioli.com.br\/blog\/wp-json\/wp\/v2\/media?parent=58"}],"wp:term":[{"taxonomy":"category","embeddable":true,"href":"https:\/\/miltonmarchioli.com.br\/blog\/wp-json\/wp\/v2\/categories?post=58"},{"taxonomy":"post_tag","embeddable":true,"href":"https:\/\/miltonmarchioli.com.br\/blog\/wp-json\/wp\/v2\/tags?post=58"}],"curies":[{"name":"wp","href":"https:\/\/api.w.org\/{rel}","templated":true}]}}