{"id":582,"date":"2011-08-01T13:01:49","date_gmt":"2011-08-01T13:01:49","guid":{"rendered":"http:\/\/miltonmarchioli.com.br\/blog\/?p=582"},"modified":"2022-01-02T11:46:44","modified_gmt":"2022-01-02T14:46:44","slug":"acidente-vascular-encefalico-seminario-curso-de-medicina-da-famema-2","status":"publish","type":"post","link":"https:\/\/miltonmarchioli.com.br\/blog\/acidente-vascular-encefalico-seminario-curso-de-medicina-da-famema-2\/","title":{"rendered":"Acidente Vascular Encef\u00e1lico. Semin\u00e1rio. Curso de Medicina da Famema"},"content":{"rendered":"<p><a href=\"https:\/\/miltonmarchioli.com.br\/blog\/wp-content\/uploads\/avc-verde.jpg\"><img loading=\"lazy\" decoding=\"async\" class=\"alignleft wp-image-10211\" src=\"https:\/\/miltonmarchioli.com.br\/blog\/wp-content\/uploads\/avc-verde-251x300.jpg\" alt=\"avc- verde\" width=\"244\" height=\"292\" srcset=\"https:\/\/miltonmarchioli.com.br\/blog\/wp-content\/uploads\/avc-verde-251x300.jpg 251w, https:\/\/miltonmarchioli.com.br\/blog\/wp-content\/uploads\/avc-verde.jpg 334w\" sizes=\"auto, (max-width: 244px) 100vw, 244px\" \/><\/a><a href=\"https:\/\/miltonmarchioli.com.br\/blog\/wp-content\/uploads\/Semin\u00e1rio-AVC-Giovana-e-Bruna.pdf\">Semin\u00e1rio apresentado pelas alunas\u00a0 Bruna Bueno da Silva e Giovana Anelli Pinotti &#8211; 4\u00ba ano do curso de medicina &#8211; Ambulat\u00f3rio Neurovascular- disciplinas Neurologia e Educa\u00e7\u00e3o em Ci\u00eancias da Sa\u00fade- Famema abordando epidemiologia, quadro cl\u00ednico, semiologia e tratamento cl\u00ednico do Acidente Vascular Encef\u00e1lico.<\/a><\/p>\n<p>O Acidente Vascular Cerebral \u00e9 importante causa de mortalidade, e j\u00e1 tem superado as causas cardiovasculares em mortalidade.<\/p>\n<p>O AVC resulta da restri\u00e7\u00e3o de irriga\u00e7\u00e3o sangu\u00ednea ao c\u00e9rebro, causando les\u00e3o celular e danos nas fun\u00e7\u00f5es neurol\u00f3gicas.<\/p>\n<p>As causas mais comuns s\u00e3o os trombos, o embolismo e a hemorragia.<\/p>\n<p>A defini\u00e7\u00e3o de Acidente Vascular Cerebral (AVC) do Dicion\u00e1rio M\u00e9dico \u00e9 uma manifesta\u00e7\u00e3o, muitas vezes s\u00fabita, de insufici\u00eancia vascular do c\u00e9rebro de origem arterial: espasmo, isquemia, hemorragia, trombose<\/p>\n<p>O AVC \u00e9 uma amea\u00e7a \u00e0 qualidade de vida na velhice n\u00e3o s\u00f3 pela sua elevada incid\u00eancia e mortalidade, mas tamb\u00e9m pela alta morbidade que causa, implantando-se frequentemente em pessoas j\u00e1 com problemas f\u00edsicos e\/ou mentais<\/p>\n<p>Os principais fatores de risco para a manifesta\u00e7\u00e3o de um AVC s\u00e3o: a idade, a patologia card\u00edaca, a diabetes mellitus, aterosclerose, hereditariedade, ra\u00e7a, contraceptivos orais, antecedentes de acidentes isqu\u00e9micos transit\u00f3rios (AIT) ou de acidentes vasculares cerebrais, hipertens\u00e3o arterial, dislipid\u00e9mia, sedentarismo, elevada taxa de colesterol e predisposi\u00e7\u00e3o gen\u00e9tica .<\/p>\n<h2>Tipos de AVC<\/h2>\n<p>A determina\u00e7\u00e3o do tipo de AVC depende do mecanismo que o originou.<\/p>\n<p>Sendo assim, existem dois tipos de AVC, que se apresentam como o AVC isqu\u00eamico e o AVC hemorr\u00e1gico, que por sua vez apresentam alguns subtipos.<\/p>\n<table border=\"1\" cellspacing=\"0\" cellpadding=\"0\">\n<tbody>\n<tr>\n<td valign=\"top\" width=\"288\"><strong>Tipos de AVC<\/strong><\/td>\n<td valign=\"top\" width=\"288\"><strong>Subtipos de AVC<\/strong><\/td>\n<\/tr>\n<tr>\n<td rowspan=\"3\" valign=\"top\" width=\"288\">Isqu\u00eamico<\/td>\n<td valign=\"top\" width=\"288\">Lacunar<\/td>\n<\/tr>\n<tr>\n<td valign=\"top\" width=\"288\">Tromb\u00f3tico<\/td>\n<\/tr>\n<tr>\n<td valign=\"top\" width=\"288\">Emb\u00f3lico<\/td>\n<\/tr>\n<tr>\n<td rowspan=\"2\" valign=\"top\" width=\"288\">Hemorr\u00e1gico<\/td>\n<td valign=\"top\" width=\"288\">Cerebral (Intracerebral)<\/td>\n<\/tr>\n<tr>\n<td valign=\"top\" width=\"288\">Men\u00edngeo (Subaracn\u00f3ide)<\/td>\n<\/tr>\n<\/tbody>\n<\/table>\n<p>&nbsp;<\/p>\n<p>Somente com a introdu\u00e7\u00e3o de terapia trombol\u00edtica em at\u00e9 4,5 horas do in\u00edcio dos sintomas, \u00e9 que se pode mudar a evolu\u00e7\u00e3o natural do AVC, bem como prevenir suas sequelas.<\/p>\n<p>A Unidade de AVC deve estar presente em todos os grandes centros m\u00e9dicos, mas infelizmente no Hospital das Cl\u00ednicas de Mar\u00edlia\u00a0&#8211; Famema ainda n\u00e3o \u00e9 uma realidade presente os nos pr\u00f3ximos anos pelo desinteresse da Diretoria Geral da Famema.<\/p>\n<p>\u00c9 um sonho para todo neurologista trabalhar em uma Unidade de AVC.<\/p>\n<p>Lutemos por\u00a0 Sa\u00fade P\u00fablica com qualidade !<\/p>\n<p>Lutemos por uma Famema melhor !<\/p>\n<p><a href=\"https:\/\/miltonmarchioli.com.br\/blog\/wp-content\/uploads\/rede-brasil-avc.jpg\"><img loading=\"lazy\" decoding=\"async\" class=\"aligncenter size-full wp-image-10212\" src=\"https:\/\/miltonmarchioli.com.br\/blog\/wp-content\/uploads\/rede-brasil-avc.jpg\" alt=\"rede brasil avc\" width=\"960\" height=\"360\" srcset=\"https:\/\/miltonmarchioli.com.br\/blog\/wp-content\/uploads\/rede-brasil-avc.jpg 960w, https:\/\/miltonmarchioli.com.br\/blog\/wp-content\/uploads\/rede-brasil-avc-300x113.jpg 300w\" sizes=\"auto, (max-width: 960px) 100vw, 960px\" \/><\/a><\/p>\n","protected":false},"excerpt":{"rendered":"<p>Semin\u00e1rio apresentado pelas alunas\u00a0 Bruna Bueno da Silva e Giovana Anelli Pinotti &#8211; 4\u00ba ano do curso de medicina &#8211; Ambulat\u00f3rio Neurovascular- disciplinas Neurologia e Educa\u00e7\u00e3o em Ci\u00eancias da Sa\u00fade- Famema abordando epidemiologia, quadro cl\u00ednico, semiologia e tratamento cl\u00ednico do Acidente Vascular Encef\u00e1lico. O Acidente Vascular Cerebral \u00e9 importante causa de mortalidade, e j\u00e1 tem &hellip; <a href=\"https:\/\/miltonmarchioli.com.br\/blog\/acidente-vascular-encefalico-seminario-curso-de-medicina-da-famema-2\/\" class=\"more-link\">Continue lendo <span class=\"screen-reader-text\">Acidente Vascular Encef\u00e1lico. Semin\u00e1rio. Curso de Medicina da Famema<\/span> <span class=\"meta-nav\">&rarr;<\/span><\/a><\/p>\n","protected":false},"author":2,"featured_media":0,"comment_status":"open","ping_status":"open","sticky":false,"template":"","format":"standard","meta":{"rop_custom_images_group":[],"rop_custom_messages_group":[],"rop_publish_now":"initial","rop_publish_now_accounts":[],"rop_publish_now_history":[],"rop_publish_now_status":"pending","footnotes":""},"categories":[332,4,13,9],"tags":[445,193],"class_list":["post-582","post","type-post","status-publish","format-standard","hentry","category-educacao","category-neurologia","category-opiniao","category-saude-publica","tag-ambulatorio-neurovascular-famema","tag-milton-marchioli"],"_links":{"self":[{"href":"https:\/\/miltonmarchioli.com.br\/blog\/wp-json\/wp\/v2\/posts\/582","targetHints":{"allow":["GET"]}}],"collection":[{"href":"https:\/\/miltonmarchioli.com.br\/blog\/wp-json\/wp\/v2\/posts"}],"about":[{"href":"https:\/\/miltonmarchioli.com.br\/blog\/wp-json\/wp\/v2\/types\/post"}],"author":[{"embeddable":true,"href":"https:\/\/miltonmarchioli.com.br\/blog\/wp-json\/wp\/v2\/users\/2"}],"replies":[{"embeddable":true,"href":"https:\/\/miltonmarchioli.com.br\/blog\/wp-json\/wp\/v2\/comments?post=582"}],"version-history":[{"count":17,"href":"https:\/\/miltonmarchioli.com.br\/blog\/wp-json\/wp\/v2\/posts\/582\/revisions"}],"predecessor-version":[{"id":13369,"href":"https:\/\/miltonmarchioli.com.br\/blog\/wp-json\/wp\/v2\/posts\/582\/revisions\/13369"}],"wp:attachment":[{"href":"https:\/\/miltonmarchioli.com.br\/blog\/wp-json\/wp\/v2\/media?parent=582"}],"wp:term":[{"taxonomy":"category","embeddable":true,"href":"https:\/\/miltonmarchioli.com.br\/blog\/wp-json\/wp\/v2\/categories?post=582"},{"taxonomy":"post_tag","embeddable":true,"href":"https:\/\/miltonmarchioli.com.br\/blog\/wp-json\/wp\/v2\/tags?post=582"}],"curies":[{"name":"wp","href":"https:\/\/api.w.org\/{rel}","templated":true}]}}