{"id":593,"date":"2011-08-05T04:12:00","date_gmt":"2011-08-05T04:12:00","guid":{"rendered":"http:\/\/miltonmarchioli.com.br\/blog\/?p=593"},"modified":"2022-01-02T12:14:40","modified_gmt":"2022-01-02T15:14:40","slug":"cclassificacao-internacional-das-cefaleias-2004-seminario-curso-de-medicina-da-famema","status":"publish","type":"post","link":"https:\/\/miltonmarchioli.com.br\/blog\/cclassificacao-internacional-das-cefaleias-2004-seminario-curso-de-medicina-da-famema\/","title":{"rendered":"Classifica\u00e7\u00e3o Internacional das Cefaleias 2004. Semin\u00e1rio. Curso de Medicina da Famema"},"content":{"rendered":"<p><a href=\"https:\/\/miltonmarchioli.com.br\/blog\/wp-content\/uploads\/cefaleia-cranio-vermelho.jpg\"><img loading=\"lazy\" decoding=\"async\" class=\"alignleft wp-image-10215\" src=\"https:\/\/miltonmarchioli.com.br\/blog\/wp-content\/uploads\/cefaleia-cranio-vermelho-225x300.jpg\" alt=\"cefaleia - cranio vermelho\" width=\"224\" height=\"299\" srcset=\"https:\/\/miltonmarchioli.com.br\/blog\/wp-content\/uploads\/cefaleia-cranio-vermelho-225x300.jpg 225w, https:\/\/miltonmarchioli.com.br\/blog\/wp-content\/uploads\/cefaleia-cranio-vermelho.jpg 345w\" sizes=\"auto, (max-width: 224px) 100vw, 224px\" \/><\/a><a href=\"https:\/\/miltonmarchioli.com.br\/blog\/wp-content\/uploads\/Classifica\u00e7\u00e3o-das-Cefal\u00e9ias-CINTHIA-e-CAROL.ppt\">Semin\u00e1rio apresentado pelas alunas C\u00ednthia Delbem Albino e Caroline Alberghini sobre a classifica\u00e7\u00e3o das cefaleias, tendo por base a Classifica\u00e7\u00e3o Internacional de Cefaleias de 2004.<\/a><\/p>\n<p>A cefaleia \u00e9 um sintoma,\u00a0e al\u00e9m disso, o mais importante,\u00a0 pode ser uma doen\u00e7a como Cefaleia Tensional,\u00a0 Migr\u00e2nea ou Enxaqueca, Cefaleia em Salvas, etc.<\/p>\n<p>A classifica\u00e7\u00e3o \u00e9 muito importante para se uniformizar condutas entre pesquisadores, pois sem a mesma, poder-se-ia realizar condutas em tipos de cefaleia diferentes,\u00a0 e isso acabaria confundindo os resultados terap\u00eauticos.<\/p>\n<p>Com o diagn\u00f3stico do tipo de cefaleia prim\u00e1ria e ou secund\u00e1ria pode-se ter o tratamento eficaz.<\/p>\n<p>Lutemos por uma Sa\u00fade P\u00fablica de qualidade !<\/p>\n<p><a href=\"http:\/\/www.miltonmarchioli.com.br\/blog\/wp-content\/uploads\/classfica\u00e7\u00e3o-internacional-da-cefaleia-segunda-edi\u00e7\u00e3o.jpg\"><img loading=\"lazy\" decoding=\"async\" class=\"aligncenter size-full wp-image-13373\" src=\"http:\/\/www.miltonmarchioli.com.br\/blog\/wp-content\/uploads\/classfica\u00e7\u00e3o-internacional-da-cefaleia-segunda-edi\u00e7\u00e3o.jpg\" alt=\"classfica\u00e7\u00e3o internacional da cefaleia- segunda edi\u00e7\u00e3o\" width=\"361\" height=\"499\" srcset=\"https:\/\/miltonmarchioli.com.br\/blog\/wp-content\/uploads\/classfica\u00e7\u00e3o-internacional-da-cefaleia-segunda-edi\u00e7\u00e3o.jpg 361w, https:\/\/miltonmarchioli.com.br\/blog\/wp-content\/uploads\/classfica\u00e7\u00e3o-internacional-da-cefaleia-segunda-edi\u00e7\u00e3o-217x300.jpg 217w\" sizes=\"auto, (max-width: 361px) 100vw, 361px\" \/><\/a><\/p>\n","protected":false},"excerpt":{"rendered":"<p>Semin\u00e1rio apresentado pelas alunas C\u00ednthia Delbem Albino e Caroline Alberghini sobre a classifica\u00e7\u00e3o das cefaleias, tendo por base a Classifica\u00e7\u00e3o Internacional de Cefaleias de 2004. A cefaleia \u00e9 um sintoma,\u00a0e al\u00e9m disso, o mais importante,\u00a0 pode ser uma doen\u00e7a como Cefaleia Tensional,\u00a0 Migr\u00e2nea ou Enxaqueca, Cefaleia em Salvas, etc. A classifica\u00e7\u00e3o \u00e9 muito importante para &hellip; <a href=\"https:\/\/miltonmarchioli.com.br\/blog\/cclassificacao-internacional-das-cefaleias-2004-seminario-curso-de-medicina-da-famema\/\" class=\"more-link\">Continue lendo <span class=\"screen-reader-text\">Classifica\u00e7\u00e3o Internacional das Cefaleias 2004. Semin\u00e1rio. Curso de Medicina da Famema<\/span> <span class=\"meta-nav\">&rarr;<\/span><\/a><\/p>\n","protected":false},"author":2,"featured_media":0,"comment_status":"open","ping_status":"open","sticky":false,"template":"","format":"standard","meta":{"rop_custom_images_group":[],"rop_custom_messages_group":[],"rop_publish_now":"initial","rop_publish_now_accounts":[],"rop_publish_now_history":[],"rop_publish_now_status":"pending","footnotes":""},"categories":[8,332,4,13,9],"tags":[657,193],"class_list":["post-593","post","type-post","status-publish","format-standard","hentry","category-direito-e-saude","category-educacao","category-neurologia","category-opiniao","category-saude-publica","tag-ambulatorio-de-cefaleia-ambulatorio-mario-covas-famema","tag-milton-marchioli"],"_links":{"self":[{"href":"https:\/\/miltonmarchioli.com.br\/blog\/wp-json\/wp\/v2\/posts\/593","targetHints":{"allow":["GET"]}}],"collection":[{"href":"https:\/\/miltonmarchioli.com.br\/blog\/wp-json\/wp\/v2\/posts"}],"about":[{"href":"https:\/\/miltonmarchioli.com.br\/blog\/wp-json\/wp\/v2\/types\/post"}],"author":[{"embeddable":true,"href":"https:\/\/miltonmarchioli.com.br\/blog\/wp-json\/wp\/v2\/users\/2"}],"replies":[{"embeddable":true,"href":"https:\/\/miltonmarchioli.com.br\/blog\/wp-json\/wp\/v2\/comments?post=593"}],"version-history":[{"count":32,"href":"https:\/\/miltonmarchioli.com.br\/blog\/wp-json\/wp\/v2\/posts\/593\/revisions"}],"predecessor-version":[{"id":13377,"href":"https:\/\/miltonmarchioli.com.br\/blog\/wp-json\/wp\/v2\/posts\/593\/revisions\/13377"}],"wp:attachment":[{"href":"https:\/\/miltonmarchioli.com.br\/blog\/wp-json\/wp\/v2\/media?parent=593"}],"wp:term":[{"taxonomy":"category","embeddable":true,"href":"https:\/\/miltonmarchioli.com.br\/blog\/wp-json\/wp\/v2\/categories?post=593"},{"taxonomy":"post_tag","embeddable":true,"href":"https:\/\/miltonmarchioli.com.br\/blog\/wp-json\/wp\/v2\/tags?post=593"}],"curies":[{"name":"wp","href":"https:\/\/api.w.org\/{rel}","templated":true}]}}