{"id":60,"date":"2011-03-09T03:07:14","date_gmt":"2011-03-09T03:07:14","guid":{"rendered":"http:\/\/miltonmarchioli.com.br\/blog\/?p=60"},"modified":"2022-01-07T11:34:33","modified_gmt":"2022-01-07T14:34:33","slug":"cefaleias-primarias-seminario-curso-de-medicina-da-famema-6","status":"publish","type":"post","link":"https:\/\/miltonmarchioli.com.br\/blog\/cefaleias-primarias-seminario-curso-de-medicina-da-famema-6\/","title":{"rendered":"Cefaleias Prim\u00e1rias. Semin\u00e1rio. Curso de Medicina da Famema"},"content":{"rendered":"<p><a href=\"https:\/\/miltonmarchioli.com.br\/blog\/wp-content\/uploads\/cefaleia-camiisa-branca.jpg\"><img loading=\"lazy\" decoding=\"async\" class=\"alignleft wp-image-10036\" src=\"https:\/\/miltonmarchioli.com.br\/blog\/wp-content\/uploads\/cefaleia-camiisa-branca-300x200.jpg\" alt=\"cefaleia - camiisa branca\" width=\"252\" height=\"168\" srcset=\"https:\/\/miltonmarchioli.com.br\/blog\/wp-content\/uploads\/cefaleia-camiisa-branca-300x200.jpg 300w, https:\/\/miltonmarchioli.com.br\/blog\/wp-content\/uploads\/cefaleia-camiisa-branca.jpg 1000w\" sizes=\"auto, (max-width: 252px) 100vw, 252px\" \/><\/a><a href=\"https:\/\/miltonmarchioli.com.br\/blog\/wp-content\/uploads\/CEFALEIAS-PRIM\u00c1RIAS-2010-LEONARDO-MEDEIROS.pptx\">Semin\u00e1rio sobre Cefaleias Prim\u00e1rias apresentada pelo\u00a0Dr. Leonardo Medeiros no Ambulat\u00f3rio de Cefaleia &#8211; Ambulat\u00f3rio Mario Covas &#8211;<\/a> disciplinas Neurologia e Educa\u00e7\u00e3o em Ci\u00eancias da Sa\u00fade no ano de 2010.<\/p>\n<p>A cefaleia \u00e9 um sintoma universal no ser humano.<\/p>\n<p>Estima-se que 90 a 100% das pessoas ter\u00e3o algum tipo de dor de cabe\u00e7a ao longo da vida.<\/p>\n<p>As cefaleias s\u00e3o divididas em prim\u00e1rias e secund\u00e1rias.<\/p>\n<p><strong>As cefaleias prim\u00e1rias<\/strong> mais comuns s\u00e3o: enxaqueca, cefaleia de tens\u00e3o, cefaleia em salvas.<\/p>\n<p>Outras formas menos comuns de cefaleia primaria incluem a hemicrania continua, a cefaleia nova di\u00e1ria e persistente, cefaleia do esfor\u00e7o, cefaleia da tosse, cefaleia por est\u00edmulo frio, hemicrania parox\u00edstica cr\u00f4nica.<\/p>\n<p><strong>Cefaleias secund\u00e1rias<\/strong> s\u00e3o aquelas causadas por alguma outra doen\u00e7a, tal como tumores cerebrais, traumatismo craniano, meningites, acidente vascular cerebral , hidrocefalia,\u00a0e aneurismas.<\/p>\n<p>A OMS (Organiza\u00e7\u00e3o Mundial de Sa\u00fade) apontou a enxaqueca como a quarta doen\u00e7a cr\u00f4nica mais incapacitante no mundo, atr\u00e1s apenas da tetraplegia, psicose e dem\u00eancia.<\/p>\n<p>Calcula-se que nos Estados Unidos, o governo calcula perder US$ 12 milh\u00f5es por ano com funcion\u00e1rios que faltam ao trabalho por causa da patologia.<\/p>\n<p>Quanto \u00e0 preval\u00eancia da enxaqueca, ataca mais as mulheres do que os homens: estudos mostram que de 15% a 18% das mulheres e 6% dos homens apresentam sintomas caracter\u00edsticos da doen\u00e7a.<\/p>\n<p>Na popula\u00e7\u00e3o em geral, a incid\u00eancia atinge 11%.<\/p>\n<p>E, embora o primeiro ataque possa acontecer at\u00e9 na velhice, o mais comum \u00e9 surgir j\u00e1 na adolesc\u00eancia.<\/p>\n<p>A enxaqueca \u00e9 uma cefaleia benigna, isto \u00e9, n\u00e3o est\u00e1 relacionada a tumores ou outras mol\u00e9stias graves.<\/p>\n<p>Na crise, o paciente pode sentir intoler\u00e2ncia \u00e0 luz e barulhos ou cheiros, n\u00e1useas e ou v\u00f4mito e tonturas.<\/p>\n<p>A dor \u00e9 puls\u00e1til ou latejante, ocorrendo de um lado da cabe\u00e7a, ou alternando de um lado para outro durante os epis\u00f3dios. A dura\u00e7\u00e3o vai de 4 a 72 horas e costuma piorar com esfor\u00e7o f\u00edsico e melhorar com repouso e sono.<\/p>\n<p>Algumas pessoas podem sofrer com perturba\u00e7\u00f5es visuais (enxergar pontos luminosos) ou formigamentos em alguma parte do corpo.<\/p>\n<p>A Sociedade Internacional de Cefaleia reconhece mais de 150 modalidades de dor de cabe\u00e7a, e a enxaqueca \u00e9 uma delas.<\/p>\n<p>Trata-se de uma doen\u00e7a\u00a0transmitida por meio de genes, que pode ou n\u00e3o causar crises de dor de cabe\u00e7a, ou seja, o indiv\u00edduo pode ter\u00a0 enxaqueca sem apresentar dor.<\/p>\n<p>Em cerca de 15% dos casos, o quadro de dor \u00e9 precedido por uma aura premonit\u00f3ria que envolve sinais neurol\u00f3gicos ,como as altera\u00e7\u00f5es visuais.<\/p>\n<p>Para caracterizar a enxaqueca e ter certeza do diagn\u00f3stico, \u00e9 necess\u00e1rio apresentar mais de dois dos sintomas: dor unilateral, dor de intensidade m\u00e9dia ou forte, latejamento e piora com a movimenta\u00e7\u00e3o; e um dentre os sinais n\u00e1usea ou v\u00f4mito, fotofobia (sensibilidade \u00e0 luz) e fonofobia (desconforto provocado por sons) e ou osmofobia (intoler\u00e2ncia a cheiros).<\/p>\n<p>O\u00a0diagn\u00f3stico \u00e9 feito em consult\u00f3rio, com levantamento de dados do hist\u00f3rico e exame neurol\u00f3gico normal.<\/p>\n<p>Acredita-se que, em m\u00e9dia, 2\/3 dos portadores que recebem tratamento preventivo se beneficiam com redu\u00e7\u00e3o de 50% no n\u00famero de ataques.<\/p>\n<p>Tratamento em duas colunas: podemos usar\u00a0medicamentos como neuromoduladores, tais como antidepressivos tric\u00edclicos, anticonvulsivantes e antagonistas de c\u00e1lcio.<\/p>\n<p>Por fim, na hora de cuidar da crise propriamente dita, o m\u00e9dico pode utilizar triptanos\u00a0 ou anti-inflamat\u00f3rios combinado com analg\u00e9sicos.<\/p>\n<p>O Ambulat\u00f3rio de\u00a0 Cefaleia recebe encaminhamentos de usu\u00e1rios do SUS\u00a0 do Departamento Regional de Sa\u00fade IX do Estado de S\u00e3o Paulo.<\/p>\n<p>Lutemos por uma Sa\u00fade P\u00fablica de qualidade !<\/p>\n<p><a href=\"http:\/\/www.miltonmarchioli.com.br\/blog\/wp-content\/uploads\/sus-logo-azul-grande-1.png\"><img loading=\"lazy\" decoding=\"async\" class=\"aligncenter size-full wp-image-13350\" src=\"http:\/\/www.miltonmarchioli.com.br\/blog\/wp-content\/uploads\/sus-logo-azul-grande-1.png\" alt=\"sus - logo azul grande\" width=\"1000\" height=\"402\" srcset=\"https:\/\/miltonmarchioli.com.br\/blog\/wp-content\/uploads\/sus-logo-azul-grande-1.png 1000w, https:\/\/miltonmarchioli.com.br\/blog\/wp-content\/uploads\/sus-logo-azul-grande-1-300x121.png 300w, https:\/\/miltonmarchioli.com.br\/blog\/wp-content\/uploads\/sus-logo-azul-grande-1-768x309.png 768w\" sizes=\"auto, (max-width: 1000px) 100vw, 1000px\" \/><\/a><\/p>\n<p>&nbsp;<\/p>\n<p><a href=\"https:\/\/miltonmarchioli.com.br\/blog\/wp-content\/uploads\/cerebro-compridos-dentro-da-cabe\u00e7a-enxaqueca-azul-quadro.jpg\">\u00a0<\/a><\/p>\n","protected":false},"excerpt":{"rendered":"<p>Semin\u00e1rio sobre Cefaleias Prim\u00e1rias apresentada pelo\u00a0Dr. Leonardo Medeiros no Ambulat\u00f3rio de Cefaleia &#8211; Ambulat\u00f3rio Mario Covas &#8211; disciplinas Neurologia e Educa\u00e7\u00e3o em Ci\u00eancias da Sa\u00fade no ano de 2010. A cefaleia \u00e9 um sintoma universal no ser humano. Estima-se que 90 a 100% das pessoas ter\u00e3o algum tipo de dor de cabe\u00e7a ao longo da &hellip; <a href=\"https:\/\/miltonmarchioli.com.br\/blog\/cefaleias-primarias-seminario-curso-de-medicina-da-famema-6\/\" class=\"more-link\">Continue lendo <span class=\"screen-reader-text\">Cefaleias Prim\u00e1rias. Semin\u00e1rio. Curso de Medicina da Famema<\/span> <span class=\"meta-nav\">&rarr;<\/span><\/a><\/p>\n","protected":false},"author":2,"featured_media":0,"comment_status":"open","ping_status":"open","sticky":false,"template":"","format":"standard","meta":{"rop_custom_images_group":[],"rop_custom_messages_group":[],"rop_publish_now":"initial","rop_publish_now_accounts":[],"rop_publish_now_history":[],"rop_publish_now_status":"pending","footnotes":""},"categories":[332,4,13,9],"tags":[124,202],"class_list":["post-60","post","type-post","status-publish","format-standard","hentry","category-educacao","category-neurologia","category-opiniao","category-saude-publica","tag-ambulatorio-cefaleia-ambulatorio-mario-covas","tag-famema"],"_links":{"self":[{"href":"https:\/\/miltonmarchioli.com.br\/blog\/wp-json\/wp\/v2\/posts\/60","targetHints":{"allow":["GET"]}}],"collection":[{"href":"https:\/\/miltonmarchioli.com.br\/blog\/wp-json\/wp\/v2\/posts"}],"about":[{"href":"https:\/\/miltonmarchioli.com.br\/blog\/wp-json\/wp\/v2\/types\/post"}],"author":[{"embeddable":true,"href":"https:\/\/miltonmarchioli.com.br\/blog\/wp-json\/wp\/v2\/users\/2"}],"replies":[{"embeddable":true,"href":"https:\/\/miltonmarchioli.com.br\/blog\/wp-json\/wp\/v2\/comments?post=60"}],"version-history":[{"count":35,"href":"https:\/\/miltonmarchioli.com.br\/blog\/wp-json\/wp\/v2\/posts\/60\/revisions"}],"predecessor-version":[{"id":13499,"href":"https:\/\/miltonmarchioli.com.br\/blog\/wp-json\/wp\/v2\/posts\/60\/revisions\/13499"}],"wp:attachment":[{"href":"https:\/\/miltonmarchioli.com.br\/blog\/wp-json\/wp\/v2\/media?parent=60"}],"wp:term":[{"taxonomy":"category","embeddable":true,"href":"https:\/\/miltonmarchioli.com.br\/blog\/wp-json\/wp\/v2\/categories?post=60"},{"taxonomy":"post_tag","embeddable":true,"href":"https:\/\/miltonmarchioli.com.br\/blog\/wp-json\/wp\/v2\/tags?post=60"}],"curies":[{"name":"wp","href":"https:\/\/api.w.org\/{rel}","templated":true}]}}