{"id":601,"date":"2011-08-06T03:57:32","date_gmt":"2011-08-06T03:57:32","guid":{"rendered":"http:\/\/miltonmarchioli.com.br\/blog\/?p=601"},"modified":"2022-01-02T12:13:14","modified_gmt":"2022-01-02T15:13:14","slug":"fisiopatogenia-da-enxaqueca-seminario-curso-de-medicina-da-famema","status":"publish","type":"post","link":"https:\/\/miltonmarchioli.com.br\/blog\/fisiopatogenia-da-enxaqueca-seminario-curso-de-medicina-da-famema\/","title":{"rendered":"Fisiopatogenia da Enxaqueca. Semin\u00e1rio. Curso de Medicina da Famema"},"content":{"rendered":"<p><a href=\"https:\/\/miltonmarchioli.com.br\/blog\/wp-content\/uploads\/enxqueca-tratamento.jpg\"><img loading=\"lazy\" decoding=\"async\" class=\"alignleft size-full wp-image-10219\" src=\"https:\/\/miltonmarchioli.com.br\/blog\/wp-content\/uploads\/enxqueca-tratamento.jpg\" alt=\"enxqueca tratamento\" width=\"288\" height=\"175\" \/><\/a><a href=\"https:\/\/miltonmarchioli.com.br\/blog\/wp-content\/uploads\/FISIOPATOGENIA-DA-ENXAQUECA-FELIPE-MENDON\u00c7A-LACERDA.ppt\">Semin\u00e1rio apresentado pelo aluno Felipe Mendon\u00e7a Lacerda &#8211; 4\u00ba ano do curso de medicina da Famema sobre fisiopatologia da enxaqueca ocorrido no Ambulat\u00f3rio\u00a0 de Cefaleia &#8211; Ambulat\u00f3rio M\u00e1rio Covas- disciplinas de Neurologia e Educa\u00e7\u00e3o em Ci\u00eancias da Sa\u00fade.<\/a><\/p>\n<p>A fisiopatogenia da Enxaqueca s\u00f3 recentemente passou a ser melhor compreendida pela medicina atual.<\/p>\n<p>Muito valor se deu para a teoria vascular na crise de enxaqueca, mas o que restou demonstrado agora, \u00e9 que a teoria trig\u00eamino-vascular\u00a0\u00e9 a \u00a0mais completa na g\u00eanese da migr\u00e2nea.<\/p>\n<div id=\"ctl00_cphBody_divText\" lang=\"pt\">\n<p>A teoria vascular da enxaqueca \u00e9 agora considerado secund\u00e1rio \u00e0 disfun\u00e7\u00e3o cerebral, e \u00e9 desacreditada por muitos pesquisadores.<\/p>\n<p>Os efeitos da enxaqueca pode persistir por alguns dias ap\u00f3s a dor de cabe\u00e7a.<\/p>\n<p>Muitos doentes relatam um sentimento dolorido na \u00e1rea onde a dor estava localizada, e alguns relatam que o pensamento est\u00e1 mais lento alguns dias depois da crise.<\/p>\n<p>Enxaqueca pode ser sintoma de hipotiroidismo.<\/p>\n<h4><span style=\"color: #008000;\">Teoria despolariza\u00e7\u00e3o<\/span><\/h4>\n<p>Um fen\u00f4meno conhecido como depress\u00e3o alastrante cortical pode causar enxaquecas. Na depress\u00e3o alastrante cortical, a atividade neurol\u00f3gica \u00e9\u00a0 &#8220;disparada&#8221;\u00a0 sobre uma \u00e1rea do c\u00f3rtex do c\u00e9rebro.<\/p>\n<p>Esta situa\u00e7\u00e3o resulta na libera\u00e7\u00e3o de mediadores inflamat\u00f3rios que provoca irrita\u00e7\u00e3o das ra\u00edzes dos nervos cranianos, mais particularmente o nervo trig\u00eameo, que transmite as informa\u00e7\u00f5es sensoriais para a cabe\u00e7a.<\/p>\n<p>Esta vis\u00e3o \u00e9 apoiada por t\u00e9cnicas de neuroimagem, que parecem mostrar que a enxaqueca \u00e9 primariamente um dist\u00farbio do c\u00e9rebro (neurol\u00f3gicas), n\u00e3o dos vasos sangu\u00edneos (vascular).<\/p>\n<p>A despolariza\u00e7\u00e3o se espalhando (varia\u00e7\u00e3o el\u00e9trica) pode come\u00e7ar 24 horas antes do ataque, com in\u00edcio da dor de cabe\u00e7a que ocorrem em torno do momento em que a maior \u00e1rea do c\u00e9rebro \u00e9 despolarizada.<\/p>\n<p>Um estudo franc\u00eas em 2007, usando a t\u00e9cnica por emiss\u00e3o de p\u00f3sitrons (PET) identificou o hipot\u00e1lamo como sendo criticamente envolvido nos est\u00e1gios iniciais.<\/p>\n<h4><span style=\"color: #008000;\">Teoria vascular<\/span><\/h4>\n<p>Enxaquecas pode come\u00e7ar\u00a0 nos vasos quando se contraem e\u00a0 se expandem de forma inadequada. Isto pode come\u00e7ar no lobo occipital como espasmo das art\u00e9rias. Redu\u00e7\u00e3o do fluxo de sangue do lobo occipital desencadeia a aura que alguns indiv\u00edduos t\u00eam. .<\/p>\n<h4><span style=\"color: #008000;\">Teoria da serotonina<\/span><\/h4>\n<p>A serotonina \u00e9 um tipo de neurotransmissor, ou &#8220;comunica\u00e7\u00e3o qu\u00edmica&#8221; que passa mensagens entre as c\u00e9lulas nervosas. O neurotransmissor ajuda a controlar o humor, a sensa\u00e7\u00e3o de dor, comportamento sexual, o sono, bem como a dilata\u00e7\u00e3o e constri\u00e7\u00e3o dos vasos sangu\u00edneos.<\/p>\n<p>Baixos n\u00edveis de serotonina no c\u00e9rebro pode levar a um processo de contra\u00e7\u00e3o e dilata\u00e7\u00e3o dos vasos sangu\u00edneos que provocam uma enxaqueca.<\/p>\n<h4><span style=\"color: #008000;\">TIRAMINA<\/span><\/h4>\n<p>A National Headache Foundation tem uma lista espec\u00edfica de triggers com base na teoria tiramina. No entanto, um artigo de revis\u00e3o de 2003 concluiu que n\u00e3o havia nenhuma evid\u00eancia cient\u00edfica para um efeito de tiramina sobre enxaqueca.<\/p>\n<\/div>\n<div lang=\"pt\">\n<h4><strong><span style=\"color: #008000;\">Outras Teorias<\/span> <\/strong><\/h4>\n<p>Revis\u00e3o de autores descobriram que o \u00e1lcool, a retirada de cafe\u00edna, e refei\u00e7\u00f5es ausentes (hipoglicemia) s\u00e3o os mais importantes precipitantes de enxaqueca diet\u00e9tica, e que alguns pacientes relataram sensibilidade ao vinho tinto.<\/p>\n<p>H\u00e1 evid\u00eancias que apontam &#8220;triggers suspeitos&#8221;\u00a0 como queijo, chocolate, histamina, tiramina, nitratos, e nitritos.<\/p>\n<p>No entanto, os autores da revis\u00e3o tamb\u00e9m notaram que, embora a restri\u00e7\u00e3o da dieta geral n\u00e3o tem demonstrado ser uma terapia eficaz na enxaqueca, \u00e9 ben\u00e9fico para o indiv\u00edduo evitar o que tem sido a causa ensejadora da enxaqueca.<\/p>\n<\/div>\n<p>Lutemos por uma Sa\u00fade P\u00fablica de qualidade !<\/p>\n<p><a href=\"https:\/\/miltonmarchioli.com.br\/blog\/wp-content\/uploads\/enxaqueca-cinza.jpg\"><img loading=\"lazy\" decoding=\"async\" class=\"size-full wp-image-10218\" src=\"https:\/\/miltonmarchioli.com.br\/blog\/wp-content\/uploads\/enxaqueca-cinza.jpg\" alt=\"Migraine. Young attractive woman with an awful migraine\" width=\"620\" height=\"512\" srcset=\"https:\/\/miltonmarchioli.com.br\/blog\/wp-content\/uploads\/enxaqueca-cinza.jpg 620w, https:\/\/miltonmarchioli.com.br\/blog\/wp-content\/uploads\/enxaqueca-cinza-300x248.jpg 300w\" sizes=\"auto, (max-width: 620px) 100vw, 620px\" \/><\/a><\/p>\n","protected":false},"excerpt":{"rendered":"<p>Semin\u00e1rio apresentado pelo aluno Felipe Mendon\u00e7a Lacerda &#8211; 4\u00ba ano do curso de medicina da Famema sobre fisiopatologia da enxaqueca ocorrido no Ambulat\u00f3rio\u00a0 de Cefaleia &#8211; Ambulat\u00f3rio M\u00e1rio Covas- disciplinas de Neurologia e Educa\u00e7\u00e3o em Ci\u00eancias da Sa\u00fade. A fisiopatogenia da Enxaqueca s\u00f3 recentemente passou a ser melhor compreendida pela medicina atual. Muito valor se &hellip; <a href=\"https:\/\/miltonmarchioli.com.br\/blog\/fisiopatogenia-da-enxaqueca-seminario-curso-de-medicina-da-famema\/\" class=\"more-link\">Continue lendo <span class=\"screen-reader-text\">Fisiopatogenia da Enxaqueca. Semin\u00e1rio. Curso de Medicina da Famema<\/span> <span class=\"meta-nav\">&rarr;<\/span><\/a><\/p>\n","protected":false},"author":2,"featured_media":0,"comment_status":"open","ping_status":"open","sticky":false,"template":"","format":"standard","meta":{"rop_custom_images_group":[],"rop_custom_messages_group":[],"rop_publish_now":"initial","rop_publish_now_accounts":[],"rop_publish_now_history":[],"rop_publish_now_status":"pending","footnotes":""},"categories":[8,332,4,13,9],"tags":[657,193],"class_list":["post-601","post","type-post","status-publish","format-standard","hentry","category-direito-e-saude","category-educacao","category-neurologia","category-opiniao","category-saude-publica","tag-ambulatorio-de-cefaleia-ambulatorio-mario-covas-famema","tag-milton-marchioli"],"_links":{"self":[{"href":"https:\/\/miltonmarchioli.com.br\/blog\/wp-json\/wp\/v2\/posts\/601","targetHints":{"allow":["GET"]}}],"collection":[{"href":"https:\/\/miltonmarchioli.com.br\/blog\/wp-json\/wp\/v2\/posts"}],"about":[{"href":"https:\/\/miltonmarchioli.com.br\/blog\/wp-json\/wp\/v2\/types\/post"}],"author":[{"embeddable":true,"href":"https:\/\/miltonmarchioli.com.br\/blog\/wp-json\/wp\/v2\/users\/2"}],"replies":[{"embeddable":true,"href":"https:\/\/miltonmarchioli.com.br\/blog\/wp-json\/wp\/v2\/comments?post=601"}],"version-history":[{"count":19,"href":"https:\/\/miltonmarchioli.com.br\/blog\/wp-json\/wp\/v2\/posts\/601\/revisions"}],"predecessor-version":[{"id":13376,"href":"https:\/\/miltonmarchioli.com.br\/blog\/wp-json\/wp\/v2\/posts\/601\/revisions\/13376"}],"wp:attachment":[{"href":"https:\/\/miltonmarchioli.com.br\/blog\/wp-json\/wp\/v2\/media?parent=601"}],"wp:term":[{"taxonomy":"category","embeddable":true,"href":"https:\/\/miltonmarchioli.com.br\/blog\/wp-json\/wp\/v2\/categories?post=601"},{"taxonomy":"post_tag","embeddable":true,"href":"https:\/\/miltonmarchioli.com.br\/blog\/wp-json\/wp\/v2\/tags?post=601"}],"curies":[{"name":"wp","href":"https:\/\/api.w.org\/{rel}","templated":true}]}}