{"id":611,"date":"2011-08-17T02:50:00","date_gmt":"2011-08-17T02:50:00","guid":{"rendered":"http:\/\/miltonmarchioli.com.br\/blog\/?p=611"},"modified":"2022-01-02T12:15:52","modified_gmt":"2022-01-02T15:15:52","slug":"cefaleia-tensional-2","status":"publish","type":"post","link":"https:\/\/miltonmarchioli.com.br\/blog\/cefaleia-tensional-2\/","title":{"rendered":"Cefaleia Tensional. Semin\u00e1rio. Curso de Medicina da Famema"},"content":{"rendered":"<p><a href=\"https:\/\/miltonmarchioli.com.br\/blog\/wp-content\/uploads\/cefaleia-tensional-cadeado.jpg\"><img loading=\"lazy\" decoding=\"async\" class=\"alignleft wp-image-10223\" src=\"https:\/\/miltonmarchioli.com.br\/blog\/wp-content\/uploads\/cefaleia-tensional-cadeado-300x223.jpg\" alt=\"cefaleia tensional - cadeado\" width=\"275\" height=\"204\" \/><\/a><a href=\"https:\/\/miltonmarchioli.com.br\/blog\/wp-content\/uploads\/Cefaleia-do-tipo-tensional-Cau\u00ea-Ederson-2011.ppt\">Semin\u00e1rio apresentando pelos alunos Cau\u00ea\u00a0 Swenson Soares e Ederson\u00a0Shibuya Kida sobre a fisiopatogenia da Cefaleia Tensional &#8211; Ambulat\u00f3rio Cefaleia &#8211; Ambulat\u00f3rio M\u00e1rio Covas- disciplinas Neurologia e Educa\u00e7\u00e3o em Ci\u00eancias da Sa\u00fade &#8211; 4\u00ba ano do curso de medicina da Famema.<\/a><\/p>\n<p>A fisiopatogenia da cefaleia tensional ainda n\u00e3o \u00e9 completamente esclarecida, mas j\u00e1 \u00e9 certo que n\u00e3o \u00e9 causada por tens\u00e3o muscular como se acreditava no passado.<\/p>\n<p>H\u00e1 outras teorias envolvidas.<\/p>\n<p>H\u00e1 a possibilidade de que os mecanismos centrais da\u00a0 dor, como os n\u00facleos da rafe, e subbst\u00e2ncia periaquedutal n\u00e3o produzam subst\u00e2ncias\u00a0 end\u00f3genas que inibam a passagem dos est\u00edmulos da dor para o t\u00e1lamo, e posteriormente o surgimento da cefaleia.<\/p>\n<p>A cefaleia tensional costuma ser a mais prevalente, e pode ser aguda ou cr\u00f4nica.<\/p>\n<p>Em geral, \u00e9 uma dor em peso ou aperto, bilateral, de intensidade leve ou moderada, que se manifesta na testa, na nuca ou na parte de cima da cabe\u00e7a e pode duras at\u00e9 7 dias.<\/p>\n<p>A dura\u00e7\u00e3o da crise varia bastante, no entanto, em geral n\u00e3o impede que a pessoa exer\u00e7a suas atividades rotineiras.<\/p>\n<p>Os antidepressivos tric\u00edclicos s\u00e3o a melhor escolha no tratamento da cefaleia tensional, e um dos seus mecanismos de a\u00e7\u00e3o \u00e9 aumentar a quantidade de serotonina em vias inibit\u00f3rias da dor.<\/p>\n<p>O uso abusivo de analg\u00e9sicos pode provocar o surgimento de cefaleia secund\u00e1ria pelo uso dos mesmos, e piorar o tratamento da cefaleia tensional.<\/p>\n<p>O Ambulat\u00f3rio de Cefaleia recebe encaminhamentos de usu\u00e1rios do SUS do Departamento Regional de Sa\u00fade IX do Estado de S\u00e3o Paulo.<\/p>\n<p>Em defesa do SUS !<\/p>\n<p><a href=\"https:\/\/miltonmarchioli.com.br\/blog\/wp-content\/uploads\/enxaqueca-lateral-vermelho.png\"><img loading=\"lazy\" decoding=\"async\" class=\"aligncenter size-full wp-image-10222\" src=\"https:\/\/miltonmarchioli.com.br\/blog\/wp-content\/uploads\/enxaqueca-lateral-vermelho.png\" alt=\"enxaqueca- lateral vermelho\" width=\"623\" height=\"266\" srcset=\"https:\/\/miltonmarchioli.com.br\/blog\/wp-content\/uploads\/enxaqueca-lateral-vermelho.png 623w, https:\/\/miltonmarchioli.com.br\/blog\/wp-content\/uploads\/enxaqueca-lateral-vermelho-300x128.png 300w\" sizes=\"auto, (max-width: 623px) 100vw, 623px\" \/><\/a><\/p>\n","protected":false},"excerpt":{"rendered":"<p>Semin\u00e1rio apresentando pelos alunos Cau\u00ea\u00a0 Swenson Soares e Ederson\u00a0Shibuya Kida sobre a fisiopatogenia da Cefaleia Tensional &#8211; Ambulat\u00f3rio Cefaleia &#8211; Ambulat\u00f3rio M\u00e1rio Covas- disciplinas Neurologia e Educa\u00e7\u00e3o em Ci\u00eancias da Sa\u00fade &#8211; 4\u00ba ano do curso de medicina da Famema. A fisiopatogenia da cefaleia tensional ainda n\u00e3o \u00e9 completamente esclarecida, mas j\u00e1 \u00e9 certo que &hellip; <a href=\"https:\/\/miltonmarchioli.com.br\/blog\/cefaleia-tensional-2\/\" class=\"more-link\">Continue lendo <span class=\"screen-reader-text\">Cefaleia Tensional. Semin\u00e1rio. Curso de Medicina da Famema<\/span> <span class=\"meta-nav\">&rarr;<\/span><\/a><\/p>\n","protected":false},"author":2,"featured_media":0,"comment_status":"open","ping_status":"open","sticky":false,"template":"","format":"standard","meta":{"rop_custom_images_group":[],"rop_custom_messages_group":[],"rop_publish_now":"initial","rop_publish_now_accounts":[],"rop_publish_now_history":[],"rop_publish_now_status":"pending","footnotes":""},"categories":[332,4,13,9],"tags":[657,193],"class_list":["post-611","post","type-post","status-publish","format-standard","hentry","category-educacao","category-neurologia","category-opiniao","category-saude-publica","tag-ambulatorio-de-cefaleia-ambulatorio-mario-covas-famema","tag-milton-marchioli"],"_links":{"self":[{"href":"https:\/\/miltonmarchioli.com.br\/blog\/wp-json\/wp\/v2\/posts\/611","targetHints":{"allow":["GET"]}}],"collection":[{"href":"https:\/\/miltonmarchioli.com.br\/blog\/wp-json\/wp\/v2\/posts"}],"about":[{"href":"https:\/\/miltonmarchioli.com.br\/blog\/wp-json\/wp\/v2\/types\/post"}],"author":[{"embeddable":true,"href":"https:\/\/miltonmarchioli.com.br\/blog\/wp-json\/wp\/v2\/users\/2"}],"replies":[{"embeddable":true,"href":"https:\/\/miltonmarchioli.com.br\/blog\/wp-json\/wp\/v2\/comments?post=611"}],"version-history":[{"count":21,"href":"https:\/\/miltonmarchioli.com.br\/blog\/wp-json\/wp\/v2\/posts\/611\/revisions"}],"predecessor-version":[{"id":13378,"href":"https:\/\/miltonmarchioli.com.br\/blog\/wp-json\/wp\/v2\/posts\/611\/revisions\/13378"}],"wp:attachment":[{"href":"https:\/\/miltonmarchioli.com.br\/blog\/wp-json\/wp\/v2\/media?parent=611"}],"wp:term":[{"taxonomy":"category","embeddable":true,"href":"https:\/\/miltonmarchioli.com.br\/blog\/wp-json\/wp\/v2\/categories?post=611"},{"taxonomy":"post_tag","embeddable":true,"href":"https:\/\/miltonmarchioli.com.br\/blog\/wp-json\/wp\/v2\/tags?post=611"}],"curies":[{"name":"wp","href":"https:\/\/api.w.org\/{rel}","templated":true}]}}