{"id":631,"date":"2011-08-19T03:23:01","date_gmt":"2011-08-19T03:23:01","guid":{"rendered":"http:\/\/miltonmarchioli.com.br\/blog\/?p=631"},"modified":"2022-01-03T09:19:20","modified_gmt":"2022-01-03T12:19:20","slug":"casos-de-genetica-clinica-reuniao-de-integracao-clinica-na-famem","status":"publish","type":"post","link":"https:\/\/miltonmarchioli.com.br\/blog\/casos-de-genetica-clinica-reuniao-de-integracao-clinica-na-famem\/","title":{"rendered":"Casos de Gen\u00e9tica Cl\u00ednica &#8211; Reuni\u00e3o de Integra\u00e7\u00e3o Cl\u00ednica na Famema"},"content":{"rendered":"<p><a href=\"https:\/\/miltonmarchioli.com.br\/blog\/wp-content\/uploads\/dna.jpg\"><img loading=\"lazy\" decoding=\"async\" class=\"alignleft wp-image-10232\" src=\"https:\/\/miltonmarchioli.com.br\/blog\/wp-content\/uploads\/dna-300x225.jpg\" alt=\"dna\" width=\"250\" height=\"188\" srcset=\"https:\/\/miltonmarchioli.com.br\/blog\/wp-content\/uploads\/dna-300x225.jpg 300w, https:\/\/miltonmarchioli.com.br\/blog\/wp-content\/uploads\/dna.jpg 500w\" sizes=\"auto, (max-width: 250px) 100vw, 250px\" \/><\/a><a href=\"https:\/\/miltonmarchioli.com.br\/blog\/wp-content\/uploads\/CASOS-DE-GEN\u00c9TICA-CL\u00cdNICA-PROFESSOR-DAHER-SABBAG.ppt\">Casos Cl\u00ednicos apresentados pelo Prof. Dr. Daher Sabbag Filho aos alunos da 4\u00aa s\u00e9rie do curso de medicina da Famema discutindo\u00a0 S\u00edndromes Gen\u00e9ticas, Semiot\u00e9cnica e Semiog\u00eanese de cada caso.<\/a><\/p>\n<p>O semin\u00e1rio apresentou casos de Gen\u00e9tica Cl\u00ednica\u00a0 aos alunos\u00a0do 4\u00ba ano do curso de medicina da Famema.<\/p>\n<p>A\u00a0reuni\u00e3o de integra\u00e7\u00e3o muito bem articulada pelo Professor Daher Sabbag Filho, ainda n\u00e3o \u00e9 uma reuni\u00e3o an\u00e1tomo-cl\u00ednica, mas deveria ser um grande cen\u00e1rio de ensino-aprendizagem.<\/p>\n<p>Mais de 30 alunos presentes ontem no evento.<\/p>\n<p>A coordenadora do curso de medicina deveria implantar a obrigatoriedade desse modelo de reuni\u00e3o na grade curricular do 4\u00ba ano do curso de medicina, e n\u00e3o apenas ser um ato de voluntariedade do Professor Daher Sabbag.<\/p>\n<p>A participa\u00e7\u00e3o do estudante em\u00a0 reuni\u00f5es an\u00e1tomo-cl\u00ednicas, que representam um espa\u00e7o de discuss\u00e3o de um caso cl\u00ednico em que s\u00e3o abordadas as manifesta\u00e7\u00f5es sintomatol\u00f3gicas juntamente com altera\u00e7\u00f5es morfo-funcionais representa uma ferramenta v\u00e1lida para inserir o aluno num espa\u00e7o de contextualiza\u00e7\u00e3o com a futura pr\u00e1tica laboral.<\/p>\n<p>A experi\u00eancia das sess\u00f5es an\u00e1tomo-cl\u00ednicas \u00e9 pr\u00e1tica\u00a0 implementada em todas as universidades europeias, e muitas faculdades p\u00fablicas do Brasil.<\/p>\n<p>Em defesa do ensino superior com qualidade nas universidades !<\/p>\n<p>Em defesa de reuni\u00f5es an\u00e1tomo-cl\u00ednicas nas universidades.<\/p>\n<p><a href=\"https:\/\/miltonmarchioli.com.br\/blog\/wp-content\/uploads\/casos-clinicos-2.jpg\"><img loading=\"lazy\" decoding=\"async\" class=\"aligncenter size-full wp-image-10233\" src=\"https:\/\/miltonmarchioli.com.br\/blog\/wp-content\/uploads\/casos-clinicos-2.jpg\" alt=\"casos clinicos 2\" width=\"614\" height=\"236\" srcset=\"https:\/\/miltonmarchioli.com.br\/blog\/wp-content\/uploads\/casos-clinicos-2.jpg 614w, https:\/\/miltonmarchioli.com.br\/blog\/wp-content\/uploads\/casos-clinicos-2-300x115.jpg 300w\" sizes=\"auto, (max-width: 614px) 100vw, 614px\" \/><\/a><\/p>\n","protected":false},"excerpt":{"rendered":"<p>Casos Cl\u00ednicos apresentados pelo Prof. Dr. Daher Sabbag Filho aos alunos da 4\u00aa s\u00e9rie do curso de medicina da Famema discutindo\u00a0 S\u00edndromes Gen\u00e9ticas, Semiot\u00e9cnica e Semiog\u00eanese de cada caso. O semin\u00e1rio apresentou casos de Gen\u00e9tica Cl\u00ednica\u00a0 aos alunos\u00a0do 4\u00ba ano do curso de medicina da Famema. A\u00a0reuni\u00e3o de integra\u00e7\u00e3o muito bem articulada pelo Professor Daher &hellip; <a href=\"https:\/\/miltonmarchioli.com.br\/blog\/casos-de-genetica-clinica-reuniao-de-integracao-clinica-na-famem\/\" class=\"more-link\">Continue lendo <span class=\"screen-reader-text\">Casos de Gen\u00e9tica Cl\u00ednica &#8211; Reuni\u00e3o de Integra\u00e7\u00e3o Cl\u00ednica na Famema<\/span> <span class=\"meta-nav\">&rarr;<\/span><\/a><\/p>\n","protected":false},"author":2,"featured_media":0,"comment_status":"open","ping_status":"open","sticky":false,"template":"","format":"standard","meta":{"rop_custom_images_group":[],"rop_custom_messages_group":[],"rop_publish_now":"initial","rop_publish_now_accounts":[],"rop_publish_now_history":[],"rop_publish_now_status":"pending","footnotes":""},"categories":[332,67,13,9],"tags":[364,202,666],"class_list":["post-631","post","type-post","status-publish","format-standard","hentry","category-educacao","category-genetica-clinica","category-opiniao","category-saude-publica","tag-daher-sabbag","tag-famema","tag-reuniao-integracao-clinica"],"_links":{"self":[{"href":"https:\/\/miltonmarchioli.com.br\/blog\/wp-json\/wp\/v2\/posts\/631","targetHints":{"allow":["GET"]}}],"collection":[{"href":"https:\/\/miltonmarchioli.com.br\/blog\/wp-json\/wp\/v2\/posts"}],"about":[{"href":"https:\/\/miltonmarchioli.com.br\/blog\/wp-json\/wp\/v2\/types\/post"}],"author":[{"embeddable":true,"href":"https:\/\/miltonmarchioli.com.br\/blog\/wp-json\/wp\/v2\/users\/2"}],"replies":[{"embeddable":true,"href":"https:\/\/miltonmarchioli.com.br\/blog\/wp-json\/wp\/v2\/comments?post=631"}],"version-history":[{"count":22,"href":"https:\/\/miltonmarchioli.com.br\/blog\/wp-json\/wp\/v2\/posts\/631\/revisions"}],"predecessor-version":[{"id":12772,"href":"https:\/\/miltonmarchioli.com.br\/blog\/wp-json\/wp\/v2\/posts\/631\/revisions\/12772"}],"wp:attachment":[{"href":"https:\/\/miltonmarchioli.com.br\/blog\/wp-json\/wp\/v2\/media?parent=631"}],"wp:term":[{"taxonomy":"category","embeddable":true,"href":"https:\/\/miltonmarchioli.com.br\/blog\/wp-json\/wp\/v2\/categories?post=631"},{"taxonomy":"post_tag","embeddable":true,"href":"https:\/\/miltonmarchioli.com.br\/blog\/wp-json\/wp\/v2\/tags?post=631"}],"curies":[{"name":"wp","href":"https:\/\/api.w.org\/{rel}","templated":true}]}}