{"id":637,"date":"2011-08-19T03:37:52","date_gmt":"2011-08-19T03:37:52","guid":{"rendered":"http:\/\/miltonmarchioli.com.br\/blog\/?p=637"},"modified":"2022-01-03T09:45:39","modified_gmt":"2022-01-03T12:45:39","slug":"cefaleias-primarias-e-secundarias-seminario-curso-de-medicina-da-famema","status":"publish","type":"post","link":"https:\/\/miltonmarchioli.com.br\/blog\/cefaleias-primarias-e-secundarias-seminario-curso-de-medicina-da-famema\/","title":{"rendered":"Cefaleias Prim\u00e1rias e Secund\u00e1rias. Semin\u00e1rio. Curso de Medicina da Famema"},"content":{"rendered":"<p><img loading=\"lazy\" decoding=\"async\" class=\"alignleft size-full wp-image-11756\" src=\"https:\/\/miltonmarchioli.com.br\/blog\/wp-content\/uploads\/mulher-dor-de-cabe\u00e7a-azul.jpg\" alt=\"mulher-dor-de-cabe\u00e7a-azul\" width=\"240\" height=\"285\" \/>Semin\u00e1rio apresentado pelas alunas Giovana Pinotti e Bruna Bueno &#8211; Ambulat\u00f3rio Neurologia &#8211;\u00a0 Ambulat\u00f3rio Mario Covas &#8211; disciplinas Neurologia e Educa\u00e7\u00e3o em Ci\u00eancias da Sa\u00fade\u00a0 discutindo <a href=\"https:\/\/miltonmarchioli.com.br\/blog\/wp-content\/uploads\/Cefaleia-GIOAVANA-e-BRUNA.ppt\">cefaleias prim\u00e1rias e secund\u00e1rias<\/a>.<\/p>\n<p>As cefaleias secund\u00e1rias deveriam ser as \u00fanicas atendidas pelo Neurologista, j\u00e1 que as cefaleias prim\u00e1rias, em tese, podem ser atendidas por qualquer m\u00e9dico, independente da especialidade m\u00e9dica.<\/p>\n<p>A cefaleia secund\u00e1ria \u00e9 a dor de cabe\u00e7a que \u00e9 causada por uma outra doen\u00e7a, que tem como manifesta\u00e7\u00e3o cl\u00ednica a dor de cabe\u00e7a.<\/p>\n<p>A cefaleia secund\u00e1ria pode ser devido a uma lista grande de altera\u00e7\u00f5es do organismo e da sua intera\u00e7\u00e3o com o ambiente.<\/p>\n<p>As cefaleias secund\u00e1rias podem ser causadas por:<\/p>\n<ul>\n<li>traumas cranianos e\/ou cervicais;<\/li>\n<li>doen\u00e7as que afetam as art\u00e9rias, veias e a circula\u00e7\u00e3o do c\u00e9rebro (aneurismas, isquemias e sangramentos no c\u00e9rebro);<\/li>\n<li>por doen\u00e7as que aumentam ou diminuem a press\u00e3o de dentro da cabe\u00e7a;<\/li>\n<li>por tumores cerebrais;<\/li>\n<li>pela ingest\u00e3o ou exposi\u00e7\u00e3o a produtos qu\u00edmicos nocivos e t\u00f3xicos (g\u00e1s carb\u00f4nico, \u00e1lcool, drogas, Aji-no-moto), pelo uso excessivo de analg\u00e9sicos, ou pela retirada de subst\u00e2ncias (opioides e cafe\u00edna);<\/li>\n<li>por infec\u00e7\u00f5es;<\/li>\n<li>por altera\u00e7\u00e3o metab\u00f3lica, por desequil\u00edbrio do funcionamento do organismo (altera\u00e7\u00f5es de horm\u00f4nios, press\u00e3o arterial, oxigena\u00e7\u00e3o);<\/li>\n<li>por problemas das estruturas pericranianas, ou seja, qualquer problema de olhos, ouvido, nariz e seios da face, dentes e ATM, pesco\u00e7o, pode causar dor.<\/li>\n<\/ul>\n<p>Tabela de\u00a0 Causas de Cefaleias Secund\u00e1rias<\/p>\n<div>\n<table border=\"0\">\n<tbody>\n<tr>\n<td><strong>Grupo<\/strong><\/td>\n<td><strong>Exemplos<\/strong><\/td>\n<\/tr>\n<tr>\n<td>Traumas cranianos ou do pesco\u00e7o<\/td>\n<td>Acidentes de carro, batidas na cabe\u00e7a<\/td>\n<\/tr>\n<tr>\n<td>Doen\u00e7as das art\u00e9rias, veias ou circula\u00e7\u00e3o cerebral<\/td>\n<td>Aneurismas, isquemias ou sangramentos<\/td>\n<\/tr>\n<tr>\n<td>Aumento ou diminui\u00e7\u00e3o da press\u00e3o intracraniana<\/td>\n<td>Hidrocefalia, Cefaleia p\u00f3s-raquianestesia<\/td>\n<\/tr>\n<tr>\n<td>Tumores cerebrais<\/td>\n<td>Gliomas, meningiomas, met\u00e1stases<\/td>\n<\/tr>\n<tr>\n<td>Produtos qu\u00edmicos<\/td>\n<td>g\u00e1s carb\u00f4nico, \u00e1lcool, drogas, Aji-no-moto), analg\u00e9sicos, retirada de opioides ou cafe\u00edna<\/td>\n<\/tr>\n<tr>\n<td>Infec\u00e7\u00f5es<\/td>\n<td>Cerebrais (meningites), no corpo (gripes, sinusites, pneumonias, infec\u00e7\u00f5es urin\u00e1rias)<\/td>\n<\/tr>\n<tr>\n<td>Desequil\u00edbrios do organismo<\/td>\n<td>Hormonais (tireoide, adrenal, ov\u00e1rios), press\u00e3o arterial, oxigena\u00e7\u00e3o)<\/td>\n<\/tr>\n<tr>\n<td>Doen\u00e7as de estruturas pericranianas<\/td>\n<td>Doen\u00e7as dos olhos, ouvidos, nariz, seios da face, dentes, ATM, pesco\u00e7o<\/td>\n<\/tr>\n<\/tbody>\n<\/table>\n<\/div>\n<p>A Sociedade Internacional de Cefaleias publicou em 1988, pela primeira vez crit\u00e9rios diagn\u00f3sticos para se definir um ou outro tipo de dor de cabe\u00e7a, que recentemente foi atualizada na sua segunda edi\u00e7\u00e3o (2004).<\/p>\n<p>A necessidade de exames de imagem \u00e9 fundamental para se ter o diagn\u00f3stico correto nos pacientes com suspeita de cefaleia secund\u00e1ria, tais como tomografia computorizada de cr\u00e2nio e ou resson\u00e2ncia magn\u00e9tica de cr\u00e2nio.<\/p>\n<p>O Ambulat\u00f3rio de Cefaleia\u00a0 instalado no Ambulat\u00f3rio Geral &#8211; M\u00e1rio Covas \u00e9 credenciado pelo Departamento Regional de Sa\u00fade IX do Estado de S\u00e3o Paulo.<\/p>\n<p>Lutemos por uma Sa\u00fade P\u00fablica com qualidade !<\/p>\n<p><a href=\"https:\/\/miltonmarchioli.com.br\/blog\/wp-content\/uploads\/cefaleia-primaria-e-secundaria.jpg\"><img loading=\"lazy\" decoding=\"async\" class=\"aligncenter size-full wp-image-10235\" src=\"https:\/\/miltonmarchioli.com.br\/blog\/wp-content\/uploads\/cefaleia-primaria-e-secundaria.jpg\" alt=\"cefaleia primaria e secundaria\" width=\"600\" height=\"410\" srcset=\"https:\/\/miltonmarchioli.com.br\/blog\/wp-content\/uploads\/cefaleia-primaria-e-secundaria.jpg 600w, https:\/\/miltonmarchioli.com.br\/blog\/wp-content\/uploads\/cefaleia-primaria-e-secundaria-300x205.jpg 300w\" sizes=\"auto, (max-width: 600px) 100vw, 600px\" \/><\/a><\/p>\n","protected":false},"excerpt":{"rendered":"<p>Semin\u00e1rio apresentado pelas alunas Giovana Pinotti e Bruna Bueno &#8211; Ambulat\u00f3rio Neurologia &#8211;\u00a0 Ambulat\u00f3rio Mario Covas &#8211; disciplinas Neurologia e Educa\u00e7\u00e3o em Ci\u00eancias da Sa\u00fade\u00a0 discutindo cefaleias prim\u00e1rias e secund\u00e1rias. As cefaleias secund\u00e1rias deveriam ser as \u00fanicas atendidas pelo Neurologista, j\u00e1 que as cefaleias prim\u00e1rias, em tese, podem ser atendidas por qualquer m\u00e9dico, independente da &hellip; <a href=\"https:\/\/miltonmarchioli.com.br\/blog\/cefaleias-primarias-e-secundarias-seminario-curso-de-medicina-da-famema\/\" class=\"more-link\">Continue lendo <span class=\"screen-reader-text\">Cefaleias Prim\u00e1rias e Secund\u00e1rias. Semin\u00e1rio. Curso de Medicina da Famema<\/span> <span class=\"meta-nav\">&rarr;<\/span><\/a><\/p>\n","protected":false},"author":2,"featured_media":0,"comment_status":"open","ping_status":"open","sticky":false,"template":"","format":"standard","meta":{"rop_custom_images_group":[],"rop_custom_messages_group":[],"rop_publish_now":"initial","rop_publish_now_accounts":[],"rop_publish_now_history":[],"rop_publish_now_status":"pending","footnotes":""},"categories":[332,4,13,9],"tags":[591,193],"class_list":["post-637","post","type-post","status-publish","format-standard","hentry","category-educacao","category-neurologia","category-opiniao","category-saude-publica","tag-ambulatorio-cefaleia-ambulatorio-mario-covas-famema","tag-milton-marchioli"],"_links":{"self":[{"href":"https:\/\/miltonmarchioli.com.br\/blog\/wp-json\/wp\/v2\/posts\/637","targetHints":{"allow":["GET"]}}],"collection":[{"href":"https:\/\/miltonmarchioli.com.br\/blog\/wp-json\/wp\/v2\/posts"}],"about":[{"href":"https:\/\/miltonmarchioli.com.br\/blog\/wp-json\/wp\/v2\/types\/post"}],"author":[{"embeddable":true,"href":"https:\/\/miltonmarchioli.com.br\/blog\/wp-json\/wp\/v2\/users\/2"}],"replies":[{"embeddable":true,"href":"https:\/\/miltonmarchioli.com.br\/blog\/wp-json\/wp\/v2\/comments?post=637"}],"version-history":[{"count":19,"href":"https:\/\/miltonmarchioli.com.br\/blog\/wp-json\/wp\/v2\/posts\/637\/revisions"}],"predecessor-version":[{"id":641,"href":"https:\/\/miltonmarchioli.com.br\/blog\/wp-json\/wp\/v2\/posts\/637\/revisions\/641"}],"wp:attachment":[{"href":"https:\/\/miltonmarchioli.com.br\/blog\/wp-json\/wp\/v2\/media?parent=637"}],"wp:term":[{"taxonomy":"category","embeddable":true,"href":"https:\/\/miltonmarchioli.com.br\/blog\/wp-json\/wp\/v2\/categories?post=637"},{"taxonomy":"post_tag","embeddable":true,"href":"https:\/\/miltonmarchioli.com.br\/blog\/wp-json\/wp\/v2\/tags?post=637"}],"curies":[{"name":"wp","href":"https:\/\/api.w.org\/{rel}","templated":true}]}}