{"id":6466,"date":"2013-12-20T21:48:05","date_gmt":"2013-12-20T23:48:05","guid":{"rendered":"http:\/\/miltonmarchioli.com.br\/blog\/?p=6466"},"modified":"2022-01-23T11:39:44","modified_gmt":"2022-01-23T14:39:44","slug":"cefaleias-primarias-seminario-curso-de-medicina-da-famema-14","status":"publish","type":"post","link":"https:\/\/miltonmarchioli.com.br\/blog\/cefaleias-primarias-seminario-curso-de-medicina-da-famema-14\/","title":{"rendered":"Cefaleias Prim\u00e1rias. Semin\u00e1rio. Curso de Medicina da Famema"},"content":{"rendered":"<p><img loading=\"lazy\" decoding=\"async\" class=\"alignleft wp-image-11786\" src=\"https:\/\/miltonmarchioli.com.br\/blog\/wp-content\/uploads\/dor-ce-cabe\u00e7a-fundo-vermelho-300x199.jpg\" alt=\"dor ce cabe\u00e7a- fundo vermelho\" width=\"267\" height=\"177\" srcset=\"https:\/\/miltonmarchioli.com.br\/blog\/wp-content\/uploads\/dor-ce-cabe\u00e7a-fundo-vermelho-300x199.jpg 300w, https:\/\/miltonmarchioli.com.br\/blog\/wp-content\/uploads\/dor-ce-cabe\u00e7a-fundo-vermelho.jpg 620w\" sizes=\"auto, (max-width: 267px) 100vw, 267px\" \/><a href=\"https:\/\/miltonmarchioli.com.br\/blog\/wp-content\/uploads\/Semin\u00e1rio-Cefaleias.-28.11.2013.pptx\">Semin\u00e1rio apresentado no dia 28 de novembro de 2013 pelos alunos do 4\u00ba ano do curso de medicina da Famema- Ambulat\u00f3rio de Cefaleia- Ambulat\u00f3rio M\u00e1rio Covas- disciplinas Neurologia e Educa\u00e7\u00e3o em Ci\u00eancias da Sa\u00fade &#8211; Lays de Cassia, Renata Papassoni, Vict\u00f3ria Zanuto Bianchi e Vithor\u00a0 Ely abordando sobre cefaleias prim\u00e1rias.<\/a><\/p>\n<p>Cefaleia \u00e9 uma das queixas mais comuns nos servi\u00e7os de sa\u00fade ambulatoriais e de emerg\u00eancia.<\/p>\n<p>Estima-se que, durante toda a vida, 97% de todas as mulheres e 93% de todos os homens apresentar\u00e3o pelo menos um epis\u00f3dio de dor de cabe\u00e7a.<\/p>\n<p>Cefaleia \u00e9 a terceira causa de atendimento nos ambulat\u00f3rios de cl\u00ednica m\u00e9dica e a primeira causa de procura pelo neurologista.<\/p>\n<p>Quando se avaliam os principais motivos de atendimento no pronto-socorro (PS), a cefaleia est\u00e1 entre os cinco primeiros.<\/p>\n<p>Na seara do tratamento convencional, os m\u00e9dicos conclu\u00edram que rem\u00e9dios como o topiramato e o valproato de s\u00f3dio s\u00e3o os mais indicados com o objetivo de evitar crises futuras.<\/p>\n<p>Figuram, ao lado da toxina botul\u00ednica, como o que h\u00e1 de mais avan\u00e7ado para a enxaqueca cr\u00f4nica.<\/p>\n<p>Desde o ano passado, a toxina botul\u00ednica est\u00e1 liberada para uso nos consult\u00f3rios a fim de combater a enxaqueca cr\u00f4nica.<\/p>\n<p>Acredita-se que a subst\u00e2ncia bloqueia neurotransmissores respons\u00e1veis pelas sensa\u00e7\u00f5es de dor.<\/p>\n<p>S\u00e3o 31 aplica\u00e7\u00f5es na cabe\u00e7a e pesco\u00e7o, feitas a cada tr\u00eas meses at\u00e9 a melhora dos sintomas.<\/p>\n<p>O Ambulat\u00f3rio de Cefaleia recebe encaminhamentos de usu\u00e1rios do Departamento Regional de Sa\u00fade IX do Estado de S\u00e3o Paulo.<\/p>\n<p>Em defesa da Sa\u00fade P\u00fablica com qualidade !<\/p>\n<p><img loading=\"lazy\" decoding=\"async\" class=\"aligncenter size-full wp-image-11787\" src=\"https:\/\/miltonmarchioli.com.br\/blog\/wp-content\/uploads\/ad\u00e3o-expulso-do-paraiso.jpg\" alt=\"ad\u00e3o - expulso do paraiso\" width=\"450\" height=\"203\" srcset=\"https:\/\/miltonmarchioli.com.br\/blog\/wp-content\/uploads\/ad\u00e3o-expulso-do-paraiso.jpg 450w, https:\/\/miltonmarchioli.com.br\/blog\/wp-content\/uploads\/ad\u00e3o-expulso-do-paraiso-300x135.jpg 300w\" sizes=\"auto, (max-width: 450px) 100vw, 450px\" \/><\/p>\n","protected":false},"excerpt":{"rendered":"<p>Semin\u00e1rio apresentado no dia 28 de novembro de 2013 pelos alunos do 4\u00ba ano do curso de medicina da Famema- Ambulat\u00f3rio de Cefaleia- Ambulat\u00f3rio M\u00e1rio Covas- disciplinas Neurologia e Educa\u00e7\u00e3o em Ci\u00eancias da Sa\u00fade &#8211; Lays de Cassia, Renata Papassoni, Vict\u00f3ria Zanuto Bianchi e Vithor\u00a0 Ely abordando sobre cefaleias prim\u00e1rias. Cefaleia \u00e9 uma das queixas &hellip; <a href=\"https:\/\/miltonmarchioli.com.br\/blog\/cefaleias-primarias-seminario-curso-de-medicina-da-famema-14\/\" class=\"more-link\">Continue lendo <span class=\"screen-reader-text\">Cefaleias Prim\u00e1rias. Semin\u00e1rio. Curso de Medicina da Famema<\/span> <span class=\"meta-nav\">&rarr;<\/span><\/a><\/p>\n","protected":false},"author":2,"featured_media":0,"comment_status":"open","ping_status":"open","sticky":false,"template":"","format":"standard","meta":{"rop_custom_images_group":[],"rop_custom_messages_group":[],"rop_publish_now":"initial","rop_publish_now_accounts":[],"rop_publish_now_history":[],"rop_publish_now_status":"pending","footnotes":""},"categories":[332,4,13,9],"tags":[591],"class_list":["post-6466","post","type-post","status-publish","format-standard","hentry","category-educacao","category-neurologia","category-opiniao","category-saude-publica","tag-ambulatorio-cefaleia-ambulatorio-mario-covas-famema"],"_links":{"self":[{"href":"https:\/\/miltonmarchioli.com.br\/blog\/wp-json\/wp\/v2\/posts\/6466","targetHints":{"allow":["GET"]}}],"collection":[{"href":"https:\/\/miltonmarchioli.com.br\/blog\/wp-json\/wp\/v2\/posts"}],"about":[{"href":"https:\/\/miltonmarchioli.com.br\/blog\/wp-json\/wp\/v2\/types\/post"}],"author":[{"embeddable":true,"href":"https:\/\/miltonmarchioli.com.br\/blog\/wp-json\/wp\/v2\/users\/2"}],"replies":[{"embeddable":true,"href":"https:\/\/miltonmarchioli.com.br\/blog\/wp-json\/wp\/v2\/comments?post=6466"}],"version-history":[{"count":13,"href":"https:\/\/miltonmarchioli.com.br\/blog\/wp-json\/wp\/v2\/posts\/6466\/revisions"}],"predecessor-version":[{"id":13725,"href":"https:\/\/miltonmarchioli.com.br\/blog\/wp-json\/wp\/v2\/posts\/6466\/revisions\/13725"}],"wp:attachment":[{"href":"https:\/\/miltonmarchioli.com.br\/blog\/wp-json\/wp\/v2\/media?parent=6466"}],"wp:term":[{"taxonomy":"category","embeddable":true,"href":"https:\/\/miltonmarchioli.com.br\/blog\/wp-json\/wp\/v2\/categories?post=6466"},{"taxonomy":"post_tag","embeddable":true,"href":"https:\/\/miltonmarchioli.com.br\/blog\/wp-json\/wp\/v2\/tags?post=6466"}],"curies":[{"name":"wp","href":"https:\/\/api.w.org\/{rel}","templated":true}]}}