{"id":65,"date":"2011-03-09T03:13:44","date_gmt":"2011-03-09T03:13:44","guid":{"rendered":"http:\/\/miltonmarchioli.com.br\/blog\/?p=65"},"modified":"2022-01-07T11:33:37","modified_gmt":"2022-01-07T14:33:37","slug":"pilepsia-seminario-curso-de-medicina-da-famema","status":"publish","type":"post","link":"https:\/\/miltonmarchioli.com.br\/blog\/pilepsia-seminario-curso-de-medicina-da-famema\/","title":{"rendered":"Epilepsia. Semin\u00e1rio. Curso de Medicina da Famema"},"content":{"rendered":"<p><a href=\"https:\/\/miltonmarchioli.com.br\/blog\/wp-content\/uploads\/EPILEPSIA-PRETO.jpg\"><img loading=\"lazy\" decoding=\"async\" class=\"alignleft wp-image-10039\" src=\"https:\/\/miltonmarchioli.com.br\/blog\/wp-content\/uploads\/EPILEPSIA-PRETO-192x300.jpg\" alt=\"EPILEPSIA - PRETO\" width=\"219\" height=\"342\" \/><\/a>Semin\u00e1rio apresentado pelos acad\u00eamicos Camila A.P. de Oliveira e Bruno H.M. Pizoletto na <a href=\"https:\/\/miltonmarchioli.com.br\/blog\/wp-content\/uploads\/Epilepsia-ALUNOS-CAMILA-E-BRUNO.ppt\" target=\"_blank\">SOCINEURO <\/a>para capacita\u00e7\u00e3o de alunos\u00a0 da Famema postulantes a ingresso na SOCIDOR.<\/p>\n<p>A epilepsia \u00e9 um dist\u00farbio cerebral que envolve convuls\u00f5es espont\u00e2neas e repetidas.<\/p>\n<p>As convuls\u00f5es (&#8220;ataques&#8221;) s\u00e3o epis\u00f3dios de perturba\u00e7\u00e3o da fun\u00e7\u00e3o cerebral que causa altera\u00e7\u00f5es na aten\u00e7\u00e3o e no comportamento.<\/p>\n<p>S\u00e3o causadas por sinais el\u00e9tricos anormalmente excitados no c\u00e9rebro.<\/p>\n<p>Algumas vezes a convuls\u00e3o est\u00e1 relacionada a uma condi\u00e7\u00e3o tempor\u00e1ria, como exposi\u00e7\u00e3o\u00a0\u00e0s drogas, abstin\u00eancia de algumas drogas, febre alta ou n\u00edveis anormais de s\u00f3dio ou glicose no sangue.<\/p>\n<p>Se as convuls\u00f5es n\u00e3o se repetirem uma vez que tenha sido corrigido a causa cl\u00ednica subjacente, a pessoa n\u00e3o\u00a0tem epilepsia necessariamente.<\/p>\n<p>Em outros casos, danos cerebrais permanentes ou altera\u00e7\u00f5es no tecido cerebral podem tornar o c\u00e9rebro anormalmente excit\u00e1vel.<\/p>\n<p>Nesses casos, as convuls\u00f5es acontecem sem uma causa imediata.<\/p>\n<p>Isso \u00e9 epilepsia.<\/p>\n<p>A epilepsia pode afetar pessoas de qualquer idade.<\/p>\n<p>A epilepsia pode ser idiop\u00e1tica, o que significa que a causa n\u00e3o pode ser identificada. Essas convuls\u00f5es geralmente come\u00e7am entre os 5 e 20 anos, mas podem acontecer em qualquer idade. As pessoas com essa doen\u00e7a n\u00e3o t\u00eam outros problemas neurol\u00f3gicos, mas \u00e0s vezes t\u00eam um hist\u00f3rico familiar de convuls\u00f5es ou epilepsia.<\/p>\n<p>Quando n\u00e3o \u00e9 idiop\u00e1tica, a epilepsia \u00e9 chamada de secund\u00e1ria:<\/p>\n<ul>\n<li>AVC ou ataque isqu\u00eamico transit\u00f3rio (AIT)<\/li>\n<li>Doen\u00e7as que provocam a deteriora\u00e7\u00e3o do c\u00e9rebro<\/li>\n<li>Dem\u00eancia, como a doen\u00e7a de Alzheimer<\/li>\n<li>Les\u00e3o cerebral traum\u00e1tica<\/li>\n<li>Infec\u00e7\u00f5es (incluindo abscesso cerebral, meningite, encefalite, neuros\u00edfilis e AIDS)<\/li>\n<li>Les\u00f5es presentes antes do nascimento (defeitos cerebrais cong\u00eanitos)<\/li>\n<li>Les\u00f5es pr\u00f3ximas ao momento do nascimento (nesse caso, as convuls\u00f5es come\u00e7am na primeira inf\u00e2ncia)<\/li>\n<li>Insufici\u00eancia renal ou insufici\u00eancia hep\u00e1tica<\/li>\n<li>Doen\u00e7as metab\u00f3licas que as crian\u00e7as podem ter desde o nascimento (como fenilceton\u00faria)<\/li>\n<li>Tumores ou outras les\u00f5es estruturais do\u00a0c\u00e9rebro (como hematomas ou vasos sangu\u00edneos anormais)<\/li>\n<\/ul>\n<p>O Ambulat\u00f3rio de Cefaleia recebe encaminhamentos de usu\u00e1rios do SUS pelo Departamento Regional de Sa\u00fade IX do Estado de S\u00e3o Paulo.<\/p>\n<p>Lutemos por uma Sa\u00fade P\u00fablica com qualidade !<\/p>\n<p>Em defesa do SUS !<\/p>\n<p><a href=\"https:\/\/miltonmarchioli.com.br\/blog\/wp-content\/uploads\/CRISE-PARCIAL-E-GENERALIZADA.jpg\"><img loading=\"lazy\" decoding=\"async\" class=\"aligncenter size-full wp-image-10038\" src=\"https:\/\/miltonmarchioli.com.br\/blog\/wp-content\/uploads\/CRISE-PARCIAL-E-GENERALIZADA.jpg\" alt=\"CRISE PARCIAL E GENERALIZADA\" width=\"500\" height=\"198\" srcset=\"https:\/\/miltonmarchioli.com.br\/blog\/wp-content\/uploads\/CRISE-PARCIAL-E-GENERALIZADA.jpg 500w, https:\/\/miltonmarchioli.com.br\/blog\/wp-content\/uploads\/CRISE-PARCIAL-E-GENERALIZADA-300x119.jpg 300w\" sizes=\"auto, (max-width: 500px) 100vw, 500px\" \/><\/a><\/p>\n","protected":false},"excerpt":{"rendered":"<p>Semin\u00e1rio apresentado pelos acad\u00eamicos Camila A.P. de Oliveira e Bruno H.M. Pizoletto na SOCINEURO para capacita\u00e7\u00e3o de alunos\u00a0 da Famema postulantes a ingresso na SOCIDOR. A epilepsia \u00e9 um dist\u00farbio cerebral que envolve convuls\u00f5es espont\u00e2neas e repetidas. As convuls\u00f5es (&#8220;ataques&#8221;) s\u00e3o epis\u00f3dios de perturba\u00e7\u00e3o da fun\u00e7\u00e3o cerebral que causa altera\u00e7\u00f5es na aten\u00e7\u00e3o e no comportamento. &hellip; <a href=\"https:\/\/miltonmarchioli.com.br\/blog\/pilepsia-seminario-curso-de-medicina-da-famema\/\" class=\"more-link\">Continue lendo <span class=\"screen-reader-text\">Epilepsia. Semin\u00e1rio. Curso de Medicina da Famema<\/span> <span class=\"meta-nav\">&rarr;<\/span><\/a><\/p>\n","protected":false},"author":2,"featured_media":0,"comment_status":"open","ping_status":"open","sticky":false,"template":"","format":"standard","meta":{"rop_custom_images_group":[],"rop_custom_messages_group":[],"rop_publish_now":"initial","rop_publish_now_accounts":[],"rop_publish_now_history":[],"rop_publish_now_status":"pending","footnotes":""},"categories":[332,4,13,9],"tags":[368,202,639,638],"class_list":["post-65","post","type-post","status-publish","format-standard","hentry","category-educacao","category-neurologia","category-opiniao","category-saude-publica","tag-ambulatorio-cefaleia-milton-marchioli","tag-famema","tag-socidor","tag-socineuro"],"_links":{"self":[{"href":"https:\/\/miltonmarchioli.com.br\/blog\/wp-json\/wp\/v2\/posts\/65","targetHints":{"allow":["GET"]}}],"collection":[{"href":"https:\/\/miltonmarchioli.com.br\/blog\/wp-json\/wp\/v2\/posts"}],"about":[{"href":"https:\/\/miltonmarchioli.com.br\/blog\/wp-json\/wp\/v2\/types\/post"}],"author":[{"embeddable":true,"href":"https:\/\/miltonmarchioli.com.br\/blog\/wp-json\/wp\/v2\/users\/2"}],"replies":[{"embeddable":true,"href":"https:\/\/miltonmarchioli.com.br\/blog\/wp-json\/wp\/v2\/comments?post=65"}],"version-history":[{"count":20,"href":"https:\/\/miltonmarchioli.com.br\/blog\/wp-json\/wp\/v2\/posts\/65\/revisions"}],"predecessor-version":[{"id":13498,"href":"https:\/\/miltonmarchioli.com.br\/blog\/wp-json\/wp\/v2\/posts\/65\/revisions\/13498"}],"wp:attachment":[{"href":"https:\/\/miltonmarchioli.com.br\/blog\/wp-json\/wp\/v2\/media?parent=65"}],"wp:term":[{"taxonomy":"category","embeddable":true,"href":"https:\/\/miltonmarchioli.com.br\/blog\/wp-json\/wp\/v2\/categories?post=65"},{"taxonomy":"post_tag","embeddable":true,"href":"https:\/\/miltonmarchioli.com.br\/blog\/wp-json\/wp\/v2\/tags?post=65"}],"curies":[{"name":"wp","href":"https:\/\/api.w.org\/{rel}","templated":true}]}}