{"id":6513,"date":"2013-12-22T15:30:45","date_gmt":"2013-12-22T17:30:45","guid":{"rendered":"http:\/\/miltonmarchioli.com.br\/blog\/?p=6513"},"modified":"2022-01-23T11:51:05","modified_gmt":"2022-01-23T14:51:05","slug":"acidente-vascular-cerebral-seminario-curso-de-medicina-da-famema-4","status":"publish","type":"post","link":"https:\/\/miltonmarchioli.com.br\/blog\/acidente-vascular-cerebral-seminario-curso-de-medicina-da-famema-4\/","title":{"rendered":"Acidente Vascular Cerebral. Semin\u00e1rio. Curso de Medicina da Famema"},"content":{"rendered":"<p><a href=\"https:\/\/miltonmarchioli.com.br\/blog\/wp-content\/uploads\/avc-azul-demais.jpg\"><img loading=\"lazy\" decoding=\"async\" class=\"alignleft wp-image-6522\" title=\"avc- azul - demais\" src=\"https:\/\/miltonmarchioli.com.br\/blog\/wp-content\/uploads\/avc-azul-demais-225x300.jpg\" alt=\"\" width=\"200\" height=\"267\" srcset=\"https:\/\/miltonmarchioli.com.br\/blog\/wp-content\/uploads\/avc-azul-demais-225x300.jpg 225w, https:\/\/miltonmarchioli.com.br\/blog\/wp-content\/uploads\/avc-azul-demais.jpg 345w\" sizes=\"auto, (max-width: 200px) 100vw, 200px\" \/><\/a><a href=\"https:\/\/miltonmarchioli.com.br\/blog\/wp-content\/uploads\/AVC-Semin\u00e1rio-11-12-2013.pptx\">Semin\u00e1rio apresentado pelos do 4\u00ba ano do curso de medicina da Famema -Lucas Nakasone M. Silva, Luiz Villanova e Affonso, Mait\u00ea Freire Cardoso, Mariana M. Sakugawa e Vanessa Ap. de Lima- Ambulat\u00f3rio Neurovascular- Ambulat\u00f3rio M\u00e1rio Covas- disciplinas Neurologia e Educa\u00e7\u00e3o em Ci\u00eancias da Sa\u00fade.<\/a><\/p>\n<p>Segundo a OMS (Organiza\u00e7\u00e3o Mundial da Sa\u00fade), mais de cinco milh\u00f5es de pessoas morrem, anualmente, em decorr\u00eancia do AVC (acidente vascular cerebral), tamb\u00e9m conhecido como derrame. No Brasil, este \u00edndice \u00e9 de aproximadamente 100 mil casos, de acordo com dados do Minist\u00e9rio da Sa\u00fade.<\/p>\n<p>Desse total, 43 mil ocorrem na regi\u00e3o Sudeste: 21 mil em S\u00e3o Paulo e quase 11 mil no Rio de Janeiro. Quando n\u00e3o \u00a0mata, o mal leva a sequelas graves que atingem em torno de 50% dos sobreviventes.<\/p>\n<p>Por fim, sabe-se que a doen\u00e7a \u00e9 mais comum ap\u00f3s os 40 anos, embora possa surgir em qualquer idade.<\/p>\n<p>Mas estudos mostram que o AVC (Acidente Vascular Cerebral) \u00e9 cada vez mais frequente em indiv\u00edduos com menos de 40 anos.<\/p>\n<p>De acordo com o DATASUS, o banco de dados do Minist\u00e9rio da Sa\u00fade, entre 1998 e 2007, houve um crescimento de 64% nas interna\u00e7\u00f5es por AVC (Acidente Vascular Cerebral, popularmente chamado de derrame) entre homens de 15 a 34 anos, e de 41% entre mulheres na mesma faixa et\u00e1ria.<\/p>\n<p>O Ambulat\u00f3rio Neurovascular recebe encaminhamentos de usu\u00e1rios do SUS do Departamento Regional de Sa\u00fade IX do Estado de S\u00e3o Paulo.<\/p>\n<p>Em defesa do SUS !<\/p>\n<p><a href=\"https:\/\/miltonmarchioli.com.br\/blog\/wp-content\/uploads\/avc-epidemiologia.jpg\"><img loading=\"lazy\" decoding=\"async\" class=\"aligncenter size-full wp-image-10932\" src=\"https:\/\/miltonmarchioli.com.br\/blog\/wp-content\/uploads\/avc-epidemiologia.jpg\" alt=\"avc- epidemiologia\" width=\"650\" height=\"471\" srcset=\"https:\/\/miltonmarchioli.com.br\/blog\/wp-content\/uploads\/avc-epidemiologia.jpg 650w, https:\/\/miltonmarchioli.com.br\/blog\/wp-content\/uploads\/avc-epidemiologia-300x217.jpg 300w\" sizes=\"auto, (max-width: 650px) 100vw, 650px\" \/><\/a><\/p>\n","protected":false},"excerpt":{"rendered":"<p>Semin\u00e1rio apresentado pelos do 4\u00ba ano do curso de medicina da Famema -Lucas Nakasone M. Silva, Luiz Villanova e Affonso, Mait\u00ea Freire Cardoso, Mariana M. Sakugawa e Vanessa Ap. de Lima- Ambulat\u00f3rio Neurovascular- Ambulat\u00f3rio M\u00e1rio Covas- disciplinas Neurologia e Educa\u00e7\u00e3o em Ci\u00eancias da Sa\u00fade. Segundo a OMS (Organiza\u00e7\u00e3o Mundial da Sa\u00fade), mais de cinco milh\u00f5es &hellip; <a href=\"https:\/\/miltonmarchioli.com.br\/blog\/acidente-vascular-cerebral-seminario-curso-de-medicina-da-famema-4\/\" class=\"more-link\">Continue lendo <span class=\"screen-reader-text\">Acidente Vascular Cerebral. Semin\u00e1rio. Curso de Medicina da Famema<\/span> <span class=\"meta-nav\">&rarr;<\/span><\/a><\/p>\n","protected":false},"author":2,"featured_media":0,"comment_status":"open","ping_status":"open","sticky":false,"template":"","format":"standard","meta":{"rop_custom_images_group":[],"rop_custom_messages_group":[],"rop_publish_now":"initial","rop_publish_now_accounts":[],"rop_publish_now_history":[],"rop_publish_now_status":"pending","footnotes":""},"categories":[18,332,4,13,9],"tags":[314],"class_list":["post-6513","post","type-post","status-publish","format-standard","hentry","category-direito","category-educacao","category-neurologia","category-opiniao","category-saude-publica","tag-ambulatorio-neurovascular-milton-marchioli-famema"],"_links":{"self":[{"href":"https:\/\/miltonmarchioli.com.br\/blog\/wp-json\/wp\/v2\/posts\/6513","targetHints":{"allow":["GET"]}}],"collection":[{"href":"https:\/\/miltonmarchioli.com.br\/blog\/wp-json\/wp\/v2\/posts"}],"about":[{"href":"https:\/\/miltonmarchioli.com.br\/blog\/wp-json\/wp\/v2\/types\/post"}],"author":[{"embeddable":true,"href":"https:\/\/miltonmarchioli.com.br\/blog\/wp-json\/wp\/v2\/users\/2"}],"replies":[{"embeddable":true,"href":"https:\/\/miltonmarchioli.com.br\/blog\/wp-json\/wp\/v2\/comments?post=6513"}],"version-history":[{"count":13,"href":"https:\/\/miltonmarchioli.com.br\/blog\/wp-json\/wp\/v2\/posts\/6513\/revisions"}],"predecessor-version":[{"id":13731,"href":"https:\/\/miltonmarchioli.com.br\/blog\/wp-json\/wp\/v2\/posts\/6513\/revisions\/13731"}],"wp:attachment":[{"href":"https:\/\/miltonmarchioli.com.br\/blog\/wp-json\/wp\/v2\/media?parent=6513"}],"wp:term":[{"taxonomy":"category","embeddable":true,"href":"https:\/\/miltonmarchioli.com.br\/blog\/wp-json\/wp\/v2\/categories?post=6513"},{"taxonomy":"post_tag","embeddable":true,"href":"https:\/\/miltonmarchioli.com.br\/blog\/wp-json\/wp\/v2\/tags?post=6513"}],"curies":[{"name":"wp","href":"https:\/\/api.w.org\/{rel}","templated":true}]}}